{"id":14628,"date":"2024-11-04T22:59:35","date_gmt":"2024-11-04T21:59:35","guid":{"rendered":"https:\/\/www.brg9.at\/web\/?p=14628"},"modified":"2024-11-05T00:17:09","modified_gmt":"2024-11-04T23:17:09","slug":"erasmus-in-stockholm","status":"publish","type":"post","link":"https:\/\/www.brg9.at\/web\/?p=14628","title":{"rendered":"Erasmus+ in Stockholm"},"content":{"rendered":"\n<p>Von 30. September bis 4. Oktober 2024 war die 8B zu Gast an der Partnerschule in Stockholm im Rahmen des Erasmus-Plus-Programms. W\u00e4hrend dieser Austauschwoche stand das Thema \u201eDemokratie\u201c im Mittelpunkt. Ein besonderer Programmpunkt war das \u201eThought Caf\u00e9\u201c, bei dem die schwedischen und \u00f6sterreichischen Sch\u00fcler:innen in gemischten Gruppen \u00fcber verschiedene Aspekte von Demokratie diskutierten. Die Ergebnisse dieser intensiven Auseinandersetzung wurden auf Plakaten festgehalten und anschlie\u00dfend im Rahmen von Pr\u00e4sentationen der gesamten Gruppe vorgestellt.<br>Neben diesem intensiven Austausch war auch das schwedische Schulsystem besonders interessant, da es sich in einigen Aspekten von dem unseren unterscheidet. Besonders beeindruckend war f\u00fcr viele, dass alle schwedischen Sch\u00fcler:innrn ein kostenloses Mittagessen sowie Laptops zur Verf\u00fcgung gestellt bekommen. Zudem gibt es in der Schule viele Bereiche, die speziell daf\u00fcr eingerichtet sind, um sich mit anderen Sch\u00fcler:innen zu vernetzen und gemeinsam zu arbeiten.<br>Trotz der k\u00fchlen Temperaturen in Stockholm verbrachte die 8B eine spannende und abwechslungsreiche Woche. Zu den kulturellen Highlights geh\u00f6rten Besuche im Vasa- sowie im Viking-Museum. Auch ein gemeinsamer Stadtspaziergang stand auf dem Programm, bei dem die Gruppe die beeindruckende Altstadt erkunden konnte. Von Emila G., stellvertretend f\u00fcr die 8B, ein herzliches Dankesch\u00f6n an die schwedischen Gastgeber:innen und das gesamte Organisationsteam f\u00fcr die gelungene Zusammenarbeit und die vielen unvergesslichen Erlebnisse. Fotos finden Sie <a href=\"https:\/\/www.brg9.at\/web\/index.php\/nggallery\/fotos-schuljahr-2024-25\/erasmus-in-stockholm?page_id=14221\" target=\"_blank\" rel=\"noreferrer noopener\">hier<\/a>.<\/p>\n<div class=\"sharedaddy sd-sharing-enabled\"><div class=\"robots-nocontent sd-block sd-social sd-social-icon-text sd-sharing\"><h3 class=\"sd-title\">Diesen Inhalt teilen:<\/h3><div class=\"sd-content\"><ul><li class=\"share-facebook\"><a rel=\"nofollow noopener noreferrer\" data-shared=\"sharing-facebook-14628\" class=\"share-facebook sd-button share-icon\" href=\"https:\/\/www.brg9.at\/web\/?p=14628&amp;share=facebook\" target=\"_blank\" title=\"Klick, um auf Facebook zu teilen\"><span>Facebook<\/span><\/a><\/li><li class=\"share-jetpack-whatsapp\"><a rel=\"nofollow noopener noreferrer\" data-shared=\"\" class=\"share-jetpack-whatsapp sd-button share-icon\" href=\"https:\/\/www.brg9.at\/web\/?p=14628&amp;share=jetpack-whatsapp\" target=\"_blank\" title=\"Klicken, um auf WhatsApp zu teilen\"><span>WhatsApp<\/span><\/a><\/li><li class=\"share-print\"><a rel=\"nofollow noopener noreferrer\" data-shared=\"\" class=\"share-print sd-button share-icon\" href=\"https:\/\/www.brg9.at\/web\/?p=14628\" target=\"_blank\" title=\"Klicken zum Ausdrucken\"><span>Drucken<\/span><\/a><\/li><li class=\"share-end\"><\/li><\/ul><\/div><\/div><\/div>","protected":false},"excerpt":{"rendered":"<p>Von 30. September bis 4. Oktober 2024 war die 8B zu Gast an der Partnerschule in Stockholm im Rahmen des Erasmus-Plus-Programms. W\u00e4hrend dieser Austauschwoche stand das Thema \u201eDemokratie\u201c im Mittelpunkt. Ein besonderer Programmpunkt war das \u201eThought Caf\u00e9\u201c, bei dem die schwedischen und \u00f6sterreichischen Sch\u00fcler:innen in gemischten Gruppen \u00fcber verschiedene Aspekte von Demokratie diskutierten. Die Ergebnisse &hellip; <a href=\"https:\/\/www.brg9.at\/web\/?p=14628\" class=\"more-link\"><span class=\"screen-reader-text\">&#8222;Erasmus+ in Stockholm&#8220; <\/span>weiterlesen<\/a><\/p>\n<div class=\"sharedaddy sd-sharing-enabled\"><div class=\"robots-nocontent sd-block sd-social sd-social-icon-text sd-sharing\"><h3 class=\"sd-title\">Diesen Inhalt teilen:<\/h3><div class=\"sd-content\"><ul><li class=\"share-facebook\"><a rel=\"nofollow noopener noreferrer\" data-shared=\"sharing-facebook-14628\" class=\"share-facebook sd-button share-icon\" href=\"https:\/\/www.brg9.at\/web\/?p=14628&amp;share=facebook\" target=\"_blank\" title=\"Klick, um auf Facebook zu teilen\"><span>Facebook<\/span><\/a><\/li><li class=\"share-jetpack-whatsapp\"><a rel=\"nofollow noopener noreferrer\" data-shared=\"\" class=\"share-jetpack-whatsapp sd-button share-icon\" href=\"https:\/\/www.brg9.at\/web\/?p=14628&amp;share=jetpack-whatsapp\" target=\"_blank\" title=\"Klicken, um auf WhatsApp zu teilen\"><span>WhatsApp<\/span><\/a><\/li><li class=\"share-print\"><a rel=\"nofollow noopener noreferrer\" data-shared=\"\" class=\"share-print sd-button share-icon\" href=\"https:\/\/www.brg9.at\/web\/?p=14628\" target=\"_blank\" title=\"Klicken zum Ausdrucken\"><span>Drucken<\/span><\/a><\/li><li class=\"share-end\"><\/li><\/ul><\/div><\/div><\/div>","protected":false},"author":7,"featured_media":0,"comment_status":"closed","ping_status":"open","sticky":false,"template":"","format":"standard","meta":{"ngg_post_thumbnail":0,"spay_email":""},"categories":[1],"tags":[],"yoast_head":"<!-- This site is optimized with the Yoast SEO plugin v16.2 - https:\/\/yoast.com\/wordpress\/plugins\/seo\/ -->\n<title>Erasmus+ in Stockholm &raquo; BRG9, Erich Fried Realgymnasium<\/title>\n<meta name=\"robots\" content=\"index, follow, max-snippet:-1, max-image-preview:large, max-video-preview:-1\" \/>\n<link rel=\"canonical\" href=\"https:\/\/www.brg9.at\/web\/?p=14628\" \/>\n<meta property=\"og:locale\" content=\"de_DE\" \/>\n<meta property=\"og:type\" content=\"article\" \/>\n<meta property=\"og:title\" content=\"Erasmus+ in Stockholm &raquo; BRG9, Erich Fried Realgymnasium\" \/>\n<meta property=\"og:description\" content=\"Von 30. September bis 4. Oktober 2024 war die 8B zu Gast an der Partnerschule in Stockholm im Rahmen des Erasmus-Plus-Programms. W\u00e4hrend dieser Austauschwoche stand das Thema \u201eDemokratie\u201c im Mittelpunkt. Ein besonderer Programmpunkt war das \u201eThought Caf\u00e9\u201c, bei dem die schwedischen und \u00f6sterreichischen Sch\u00fcler:innen in gemischten Gruppen \u00fcber verschiedene Aspekte von Demokratie diskutierten. Die Ergebnisse &hellip; &#8222;Erasmus+ in Stockholm&#8220; weiterlesen\" \/>\n<meta property=\"og:url\" content=\"https:\/\/www.brg9.at\/web\/?p=14628\" \/>\n<meta property=\"og:site_name\" content=\"BRG9, Erich Fried Realgymnasium\" \/>\n<meta property=\"article:published_time\" content=\"2024-11-04T21:59:35+00:00\" \/>\n<meta property=\"article:modified_time\" content=\"2024-11-04T23:17:09+00:00\" \/>\n<meta property=\"og:image\" content=\"https:\/\/www.brg9.at\/web\/wp-content\/uploads\/2016\/02\/brg9_solo_rgb_share.jpg\" \/>\n\t<meta property=\"og:image:width\" content=\"800\" \/>\n\t<meta property=\"og:image:height\" content=\"600\" \/>\n<meta name=\"twitter:card\" content=\"summary\" \/>\n<meta name=\"twitter:label1\" content=\"Gesch\u00e4tzte Lesezeit\">\n\t<meta name=\"twitter:data1\" content=\"1 Minute\">\n<script type=\"application\/ld+json\" class=\"yoast-schema-graph\">{\"@context\":\"https:\/\/schema.org\",\"@graph\":[{\"@type\":\"WebSite\",\"@id\":\"https:\/\/www.brg9.at\/web\/#website\",\"url\":\"https:\/\/www.brg9.at\/web\/\",\"name\":\"BRG9, Erich Fried Realgymnasium\",\"description\":\"Die Website des BRG9 - Erich Fried Realgymnasium. Wien 9, Glasergasse 25.\",\"potentialAction\":[{\"@type\":\"SearchAction\",\"target\":\"https:\/\/www.brg9.at\/web\/?s={search_term_string}\",\"query-input\":\"required name=search_term_string\"}],\"inLanguage\":\"de-DE\"},{\"@type\":\"WebPage\",\"@id\":\"https:\/\/www.brg9.at\/web\/?p=14628#webpage\",\"url\":\"https:\/\/www.brg9.at\/web\/?p=14628\",\"name\":\"Erasmus+ in Stockholm &raquo; BRG9, Erich Fried Realgymnasium\",\"isPartOf\":{\"@id\":\"https:\/\/www.brg9.at\/web\/#website\"},\"datePublished\":\"2024-11-04T21:59:35+00:00\",\"dateModified\":\"2024-11-04T23:17:09+00:00\",\"author\":{\"@id\":\"https:\/\/www.brg9.at\/web\/#\/schema\/person\/5b2e8635b2f470a9518011802bfa34dd\"},\"breadcrumb\":{\"@id\":\"https:\/\/www.brg9.at\/web\/?p=14628#breadcrumb\"},\"inLanguage\":\"de-DE\",\"potentialAction\":[{\"@type\":\"ReadAction\",\"target\":[\"https:\/\/www.brg9.at\/web\/?p=14628\"]}]},{\"@type\":\"BreadcrumbList\",\"@id\":\"https:\/\/www.brg9.at\/web\/?p=14628#breadcrumb\",\"itemListElement\":[{\"@type\":\"ListItem\",\"position\":1,\"item\":{\"@type\":\"WebPage\",\"@id\":\"https:\/\/www.brg9.at\/web\/\",\"url\":\"https:\/\/www.brg9.at\/web\/\",\"name\":\"Home\"}},{\"@type\":\"ListItem\",\"position\":2,\"item\":{\"@id\":\"https:\/\/www.brg9.at\/web\/?p=14628#webpage\"}}]},{\"@type\":\"Person\",\"@id\":\"https:\/\/www.brg9.at\/web\/#\/schema\/person\/5b2e8635b2f470a9518011802bfa34dd\",\"name\":\"Monika Simmerstatter\"}]}<\/script>\n<!-- \/ Yoast SEO plugin. -->","jetpack_featured_media_url":"","jetpack_sharing_enabled":true,"_links":{"self":[{"href":"https:\/\/www.brg9.at\/web\/index.php?rest_route=\/wp\/v2\/posts\/14628"}],"collection":[{"href":"https:\/\/www.brg9.at\/web\/index.php?rest_route=\/wp\/v2\/posts"}],"about":[{"href":"https:\/\/www.brg9.at\/web\/index.php?rest_route=\/wp\/v2\/types\/post"}],"author":[{"embeddable":true,"href":"https:\/\/www.brg9.at\/web\/index.php?rest_route=\/wp\/v2\/users\/7"}],"replies":[{"embeddable":true,"href":"https:\/\/www.brg9.at\/web\/index.php?rest_route=%2Fwp%2Fv2%2Fcomments&post=14628"}],"version-history":[{"count":3,"href":"https:\/\/www.brg9.at\/web\/index.php?rest_route=\/wp\/v2\/posts\/14628\/revisions"}],"predecessor-version":[{"id":14632,"href":"https:\/\/www.brg9.at\/web\/index.php?rest_route=\/wp\/v2\/posts\/14628\/revisions\/14632"}],"wp:attachment":[{"href":"https:\/\/www.brg9.at\/web\/index.php?rest_route=%2Fwp%2Fv2%2Fmedia&parent=14628"}],"wp:term":[{"taxonomy":"category","embeddable":true,"href":"https:\/\/www.brg9.at\/web\/index.php?rest_route=%2Fwp%2Fv2%2Fcategories&post=14628"},{"taxonomy":"post_tag","embeddable":true,"href":"https:\/\/www.brg9.at\/web\/index.php?rest_route=%2Fwp%2Fv2%2Ftags&post=14628"}],"curies":[{"name":"wp","href":"https:\/\/api.w.org\/{rel}","templated":true}]}}