{"id":15157,"date":"2025-04-01T09:53:58","date_gmt":"2025-04-01T07:53:58","guid":{"rendered":"https:\/\/www.brg9.at\/web\/?p=15157"},"modified":"2025-04-01T10:56:23","modified_gmt":"2025-04-01T08:56:23","slug":"neue-kleiderordnung-fuer-wiener-lehrkraefte-nur-noch-schwarz-und-weiss-erlaubt","status":"publish","type":"post","link":"https:\/\/www.brg9.at\/web\/?p=15157","title":{"rendered":"Neue Kleiderordnung f\u00fcr Wiener Lehrkr\u00e4fte: Nur noch Schwarz und Wei\u00df erlaubt!"},"content":{"rendered":"\n<p>In einer \u00fcberraschenden Anordnung hat die Bildungsdirektion Wien eine drastische \u00c4nderung der Kleiderordnung f\u00fcr Lehrkr\u00e4fte beschlossen. Ab dem kommenden Schuljahr d\u00fcrfen Lehrerinnen und Lehrer ausschlie\u00dflich schwarze oder wei\u00dfe Kleidung tragen. Begr\u00fcndet wird die Ma\u00dfnahme mit der steigenden Ablenkung der Sch\u00fclerinnen und Sch\u00fcler durch \u201ezu bunte Outfits\u201c.<br><strong>\u201eFarben sind eine p\u00e4dagogische Gefahr\u201c<\/strong><br>Laut der offiziellen Stellungnahme der Bildungsdirektion sei es wissenschaftlich erwiesen, dass grelle Farben die Konzentrationsf\u00e4higkeit junger Menschen negativ beeinflussen. \u201eStudien zeigen, dass ein zu bunter Kleidungsstil das kognitive Aufnahmeverm\u00f6gen um bis zu 72 % reduzieren kann\u201c, erkl\u00e4rt Bildungsdirektorin Dr. Monika Farbarm. \u201eWenn eine Lehrkraft in einem neongr\u00fcnen Pullover vor der Klasse steht, denken die Kinder nicht mehr an Mathematik, sondern an Gummib\u00e4rchen.\u201c<br><strong>Strenge Kontrollen angek\u00fcndigt<\/strong><br>Um die Einhaltung der neuen Regel sicherzustellen, werden k\u00fcnftig regelm\u00e4\u00dfige Farbkontrollen durch speziell geschulte \u201eChromatographie-InspektorInnen\u201c durchgef\u00fchrt. Lehrkr\u00e4fte, die sich nicht an die schwarz-wei\u00dfe Kleiderordnung halten, m\u00fcssen mit drastischen Konsequenzen rechnen \u2013 von einer Verwarnung bis hin zum tempor\u00e4ren Unterrichtsverbot.<br><strong>Erste Proteste bereits im Gange<\/strong><br>Die Lehrergewerkschaft zeigt sich emp\u00f6rt \u00fcber die Entscheidung. \u201eDiese Ma\u00dfnahme ist v\u00f6llig absurd!\u201c, so Gewerkschaftssprecher Stefan Bunt. \u201eLehrkr\u00e4fte sind keine Schachfiguren! Wir werden nicht zulassen, dass die Individualit\u00e4t unserer Mitglieder der Farblosigkeit geopfert wird.\u201c Erste Proteste mit bunten Schals und regenbogenfarbenen Socken sind bereits in Planung.<br>Ob sich diese umstrittene Verordnung tats\u00e4chlich durchsetzen l\u00e4sst oder ob die Bildungsdirektion Wien bald klein beigeben muss, bleibt abzuwarten. Klar ist jedoch eines: Die Wiener Klassenzimmer k\u00f6nnten demn\u00e4chst verd\u00e4chtig nach einem alten Schwarz-Wei\u00df-Film aussehen.<\/p>\n<div class=\"sharedaddy sd-sharing-enabled\"><div class=\"robots-nocontent sd-block sd-social sd-social-icon-text sd-sharing\"><h3 class=\"sd-title\">Diesen Inhalt teilen:<\/h3><div class=\"sd-content\"><ul><li class=\"share-facebook\"><a rel=\"nofollow noopener noreferrer\" data-shared=\"sharing-facebook-15157\" class=\"share-facebook sd-button share-icon\" href=\"https:\/\/www.brg9.at\/web\/?p=15157&amp;share=facebook\" target=\"_blank\" title=\"Klick, um auf Facebook zu teilen\"><span>Facebook<\/span><\/a><\/li><li class=\"share-jetpack-whatsapp\"><a rel=\"nofollow noopener noreferrer\" data-shared=\"\" class=\"share-jetpack-whatsapp sd-button share-icon\" href=\"https:\/\/www.brg9.at\/web\/?p=15157&amp;share=jetpack-whatsapp\" target=\"_blank\" title=\"Klicken, um auf WhatsApp zu teilen\"><span>WhatsApp<\/span><\/a><\/li><li class=\"share-print\"><a rel=\"nofollow noopener noreferrer\" data-shared=\"\" class=\"share-print sd-button share-icon\" href=\"https:\/\/www.brg9.at\/web\/?p=15157\" target=\"_blank\" title=\"Klicken zum Ausdrucken\"><span>Drucken<\/span><\/a><\/li><li class=\"share-end\"><\/li><\/ul><\/div><\/div><\/div>","protected":false},"excerpt":{"rendered":"<p>In einer \u00fcberraschenden Anordnung hat die Bildungsdirektion Wien eine drastische \u00c4nderung der Kleiderordnung f\u00fcr Lehrkr\u00e4fte beschlossen. Ab dem kommenden Schuljahr d\u00fcrfen Lehrerinnen und Lehrer ausschlie\u00dflich schwarze oder wei\u00dfe Kleidung tragen. Begr\u00fcndet wird die Ma\u00dfnahme mit der steigenden Ablenkung der Sch\u00fclerinnen und Sch\u00fcler durch \u201ezu bunte Outfits\u201c.\u201eFarben sind eine p\u00e4dagogische Gefahr\u201cLaut der offiziellen Stellungnahme der Bildungsdirektion &hellip; <a href=\"https:\/\/www.brg9.at\/web\/?p=15157\" class=\"more-link\"><span class=\"screen-reader-text\">&#8222;Neue Kleiderordnung f\u00fcr Wiener Lehrkr\u00e4fte: Nur noch Schwarz und Wei\u00df erlaubt!&#8220; <\/span>weiterlesen<\/a><\/p>\n<div class=\"sharedaddy sd-sharing-enabled\"><div class=\"robots-nocontent sd-block sd-social sd-social-icon-text sd-sharing\"><h3 class=\"sd-title\">Diesen Inhalt teilen:<\/h3><div class=\"sd-content\"><ul><li class=\"share-facebook\"><a rel=\"nofollow noopener noreferrer\" data-shared=\"sharing-facebook-15157\" class=\"share-facebook sd-button share-icon\" href=\"https:\/\/www.brg9.at\/web\/?p=15157&amp;share=facebook\" target=\"_blank\" title=\"Klick, um auf Facebook zu teilen\"><span>Facebook<\/span><\/a><\/li><li class=\"share-jetpack-whatsapp\"><a rel=\"nofollow noopener noreferrer\" data-shared=\"\" class=\"share-jetpack-whatsapp sd-button share-icon\" href=\"https:\/\/www.brg9.at\/web\/?p=15157&amp;share=jetpack-whatsapp\" target=\"_blank\" title=\"Klicken, um auf WhatsApp zu teilen\"><span>WhatsApp<\/span><\/a><\/li><li class=\"share-print\"><a rel=\"nofollow noopener noreferrer\" data-shared=\"\" class=\"share-print sd-button share-icon\" href=\"https:\/\/www.brg9.at\/web\/?p=15157\" target=\"_blank\" title=\"Klicken zum Ausdrucken\"><span>Drucken<\/span><\/a><\/li><li class=\"share-end\"><\/li><\/ul><\/div><\/div><\/div>","protected":false},"author":6,"featured_media":0,"comment_status":"closed","ping_status":"open","sticky":false,"template":"","format":"standard","meta":{"ngg_post_thumbnail":0,"spay_email":""},"categories":[1],"tags":[],"yoast_head":"<!-- This site is optimized with the Yoast SEO plugin v16.2 - https:\/\/yoast.com\/wordpress\/plugins\/seo\/ -->\n<title>Neue Kleiderordnung f\u00fcr Wiener Lehrkr\u00e4fte: Nur noch Schwarz und Wei\u00df erlaubt! &raquo; BRG9, Erich Fried Realgymnasium<\/title>\n<meta name=\"robots\" content=\"index, follow, max-snippet:-1, max-image-preview:large, max-video-preview:-1\" \/>\n<link rel=\"canonical\" href=\"https:\/\/www.brg9.at\/web\/?p=15157\" \/>\n<meta property=\"og:locale\" content=\"de_DE\" \/>\n<meta property=\"og:type\" content=\"article\" \/>\n<meta property=\"og:title\" content=\"Neue Kleiderordnung f\u00fcr Wiener Lehrkr\u00e4fte: Nur noch Schwarz und Wei\u00df erlaubt! &raquo; BRG9, Erich Fried Realgymnasium\" \/>\n<meta property=\"og:description\" content=\"In einer \u00fcberraschenden Anordnung hat die Bildungsdirektion Wien eine drastische \u00c4nderung der Kleiderordnung f\u00fcr Lehrkr\u00e4fte beschlossen. Ab dem kommenden Schuljahr d\u00fcrfen Lehrerinnen und Lehrer ausschlie\u00dflich schwarze oder wei\u00dfe Kleidung tragen. Begr\u00fcndet wird die Ma\u00dfnahme mit der steigenden Ablenkung der Sch\u00fclerinnen und Sch\u00fcler durch \u201ezu bunte Outfits\u201c.\u201eFarben sind eine p\u00e4dagogische Gefahr\u201cLaut der offiziellen Stellungnahme der Bildungsdirektion &hellip; &#8222;Neue Kleiderordnung f\u00fcr Wiener Lehrkr\u00e4fte: Nur noch Schwarz und Wei\u00df erlaubt!&#8220; weiterlesen\" \/>\n<meta property=\"og:url\" content=\"https:\/\/www.brg9.at\/web\/?p=15157\" \/>\n<meta property=\"og:site_name\" content=\"BRG9, Erich Fried Realgymnasium\" \/>\n<meta property=\"article:published_time\" content=\"2025-04-01T07:53:58+00:00\" \/>\n<meta property=\"article:modified_time\" content=\"2025-04-01T08:56:23+00:00\" \/>\n<meta property=\"og:image\" content=\"https:\/\/www.brg9.at\/web\/wp-content\/uploads\/2016\/02\/brg9_solo_rgb_share.jpg\" \/>\n\t<meta property=\"og:image:width\" content=\"800\" \/>\n\t<meta property=\"og:image:height\" content=\"600\" \/>\n<meta name=\"twitter:card\" content=\"summary\" \/>\n<meta name=\"twitter:label1\" content=\"Gesch\u00e4tzte Lesezeit\">\n\t<meta name=\"twitter:data1\" content=\"2 Minuten\">\n<script type=\"application\/ld+json\" class=\"yoast-schema-graph\">{\"@context\":\"https:\/\/schema.org\",\"@graph\":[{\"@type\":\"WebSite\",\"@id\":\"https:\/\/www.brg9.at\/web\/#website\",\"url\":\"https:\/\/www.brg9.at\/web\/\",\"name\":\"BRG9, Erich Fried Realgymnasium\",\"description\":\"Die Website des BRG9 - Erich Fried Realgymnasium. Wien 9, Glasergasse 25.\",\"potentialAction\":[{\"@type\":\"SearchAction\",\"target\":\"https:\/\/www.brg9.at\/web\/?s={search_term_string}\",\"query-input\":\"required name=search_term_string\"}],\"inLanguage\":\"de-DE\"},{\"@type\":\"WebPage\",\"@id\":\"https:\/\/www.brg9.at\/web\/?p=15157#webpage\",\"url\":\"https:\/\/www.brg9.at\/web\/?p=15157\",\"name\":\"Neue Kleiderordnung f\\u00fcr Wiener Lehrkr\\u00e4fte: Nur noch Schwarz und Wei\\u00df erlaubt! &raquo; BRG9, Erich Fried Realgymnasium\",\"isPartOf\":{\"@id\":\"https:\/\/www.brg9.at\/web\/#website\"},\"datePublished\":\"2025-04-01T07:53:58+00:00\",\"dateModified\":\"2025-04-01T08:56:23+00:00\",\"author\":{\"@id\":\"https:\/\/www.brg9.at\/web\/#\/schema\/person\/5b8d146bae11065ecb7ca54ae817cc22\"},\"breadcrumb\":{\"@id\":\"https:\/\/www.brg9.at\/web\/?p=15157#breadcrumb\"},\"inLanguage\":\"de-DE\",\"potentialAction\":[{\"@type\":\"ReadAction\",\"target\":[\"https:\/\/www.brg9.at\/web\/?p=15157\"]}]},{\"@type\":\"BreadcrumbList\",\"@id\":\"https:\/\/www.brg9.at\/web\/?p=15157#breadcrumb\",\"itemListElement\":[{\"@type\":\"ListItem\",\"position\":1,\"item\":{\"@type\":\"WebPage\",\"@id\":\"https:\/\/www.brg9.at\/web\/\",\"url\":\"https:\/\/www.brg9.at\/web\/\",\"name\":\"Home\"}},{\"@type\":\"ListItem\",\"position\":2,\"item\":{\"@id\":\"https:\/\/www.brg9.at\/web\/?p=15157#webpage\"}}]},{\"@type\":\"Person\",\"@id\":\"https:\/\/www.brg9.at\/web\/#\/schema\/person\/5b8d146bae11065ecb7ca54ae817cc22\",\"name\":\"Peter H\\u00f6fner\"}]}<\/script>\n<!-- \/ Yoast SEO plugin. -->","jetpack_featured_media_url":"","jetpack_sharing_enabled":true,"_links":{"self":[{"href":"https:\/\/www.brg9.at\/web\/index.php?rest_route=\/wp\/v2\/posts\/15157"}],"collection":[{"href":"https:\/\/www.brg9.at\/web\/index.php?rest_route=\/wp\/v2\/posts"}],"about":[{"href":"https:\/\/www.brg9.at\/web\/index.php?rest_route=\/wp\/v2\/types\/post"}],"author":[{"embeddable":true,"href":"https:\/\/www.brg9.at\/web\/index.php?rest_route=\/wp\/v2\/users\/6"}],"replies":[{"embeddable":true,"href":"https:\/\/www.brg9.at\/web\/index.php?rest_route=%2Fwp%2Fv2%2Fcomments&post=15157"}],"version-history":[{"count":1,"href":"https:\/\/www.brg9.at\/web\/index.php?rest_route=\/wp\/v2\/posts\/15157\/revisions"}],"predecessor-version":[{"id":15158,"href":"https:\/\/www.brg9.at\/web\/index.php?rest_route=\/wp\/v2\/posts\/15157\/revisions\/15158"}],"wp:attachment":[{"href":"https:\/\/www.brg9.at\/web\/index.php?rest_route=%2Fwp%2Fv2%2Fmedia&parent=15157"}],"wp:term":[{"taxonomy":"category","embeddable":true,"href":"https:\/\/www.brg9.at\/web\/index.php?rest_route=%2Fwp%2Fv2%2Fcategories&post=15157"},{"taxonomy":"post_tag","embeddable":true,"href":"https:\/\/www.brg9.at\/web\/index.php?rest_route=%2Fwp%2Fv2%2Ftags&post=15157"}],"curies":[{"name":"wp","href":"https:\/\/api.w.org\/{rel}","templated":true}]}}