{"id":1545,"date":"2016-06-21T14:37:09","date_gmt":"2016-06-21T12:37:09","guid":{"rendered":"http:\/\/www.brg9.at\/web\/?p=1545"},"modified":"2016-06-21T21:13:39","modified_gmt":"2016-06-21T19:13:39","slug":"projekt-flucht-und-migration-der-3-a","status":"publish","type":"post","link":"https:\/\/www.brg9.at\/web\/?p=1545","title":{"rendered":"Projekt &#8222;Flucht und Migration&#8220; der 3A"},"content":{"rendered":"<p><span lang=\"de-AT\">Aus aktuellem Anlass besch\u00e4ftigte sich die 3A am 6. und 7. Juni im Rahmen eines Projekts mit den Themen Flucht und Migration. Diese wurden <\/span><span style=\"color: #141414;\">anhand von Pr\u00e4sentationen, Filmen, Rollenspielen, Gruppenarbeiten und zahlreichen Diskussionen erarbeitet.<\/span><\/p>\n<p><span lang=\"de-AT\">So wurden am ersten Tag die Unterschiede zwischen Flucht und Migration, Fluchtgr\u00fcnde und die Gesetzeslage in \u00d6sterreich am Beispiel von konkreten Fluchtbiographien erarbeitet. Ebenso wurden sowohl die Herkunftsl\u00e4nder als auch die Aufnahmel\u00e4nder im Zusammenhang mit der aktuellen Fluchtmigration n\u00e4her betrachtet. <\/span><!--more--><\/p>\n<p><span lang=\"de-AT\">Der Fokus des zweiten Projkettages lag auf den Themenschwerpunkten Vorurteile, Diskriminierung und Zivilcourage. Die Sch\u00fclerInnen besch\u00e4ftigten sich dar\u00fcberhinaus mit den brennenden Fragen Integration und Spracherwerb. So wurden die Sprachbiographien der Sch\u00fclerInnen in den Mittelpunkt ger\u00fcckt. In verschiedenen Sprachenworkshops, in denen die Kinder selbst als LehrerInnen fungierten, wurde der Klasse die M\u00f6glichkeit geboten, sich mit Fremdsprachen wie Arabisch, Chinesisch, Rum\u00e4nisch, Albanisch, Polnisch und Italienisch auseinanderzusetzen. Die beiden Projekttage waren gepr\u00e4gt von interkultureller Offenheit, Wertsch\u00e4tzung und Empathie der Sch\u00fclerInnen. Fotos vom Projekt sind <a href=\"https:\/\/www.facebook.com\/brg9.at\/photos\/?tab=album&amp;album_id=981468058616759\">hier <\/a>zu finden!<br \/>\n<\/span><\/p>\n<div class=\"sharedaddy sd-sharing-enabled\"><div class=\"robots-nocontent sd-block sd-social sd-social-icon-text sd-sharing\"><h3 class=\"sd-title\">Diesen Inhalt teilen:<\/h3><div class=\"sd-content\"><ul><li class=\"share-facebook\"><a rel=\"nofollow noopener noreferrer\" data-shared=\"sharing-facebook-1545\" class=\"share-facebook sd-button share-icon\" href=\"https:\/\/www.brg9.at\/web\/?p=1545&amp;share=facebook\" target=\"_blank\" title=\"Klick, um auf Facebook zu teilen\"><span>Facebook<\/span><\/a><\/li><li class=\"share-jetpack-whatsapp\"><a rel=\"nofollow noopener noreferrer\" data-shared=\"\" class=\"share-jetpack-whatsapp sd-button share-icon\" href=\"https:\/\/www.brg9.at\/web\/?p=1545&amp;share=jetpack-whatsapp\" target=\"_blank\" title=\"Klicken, um auf WhatsApp zu teilen\"><span>WhatsApp<\/span><\/a><\/li><li class=\"share-print\"><a rel=\"nofollow noopener noreferrer\" data-shared=\"\" class=\"share-print sd-button share-icon\" href=\"https:\/\/www.brg9.at\/web\/?p=1545\" target=\"_blank\" title=\"Klicken zum Ausdrucken\"><span>Drucken<\/span><\/a><\/li><li class=\"share-end\"><\/li><\/ul><\/div><\/div><\/div>","protected":false},"excerpt":{"rendered":"<p>Aus aktuellem Anlass besch\u00e4ftigte sich die 3A am 6. und 7. Juni im Rahmen eines Projekts mit den Themen Flucht und Migration. Diese wurden anhand von Pr\u00e4sentationen, Filmen, Rollenspielen, Gruppenarbeiten und zahlreichen Diskussionen erarbeitet. So wurden am ersten Tag die Unterschiede zwischen Flucht und Migration, Fluchtgr\u00fcnde und die Gesetzeslage in \u00d6sterreich am Beispiel von konkreten &hellip; <a href=\"https:\/\/www.brg9.at\/web\/?p=1545\" class=\"more-link\"><span class=\"screen-reader-text\">&#8222;Projekt &#8222;Flucht und Migration&#8220; der 3A&#8220; <\/span>weiterlesen<\/a><\/p>\n<div class=\"sharedaddy sd-sharing-enabled\"><div class=\"robots-nocontent sd-block sd-social sd-social-icon-text sd-sharing\"><h3 class=\"sd-title\">Diesen Inhalt teilen:<\/h3><div class=\"sd-content\"><ul><li class=\"share-facebook\"><a rel=\"nofollow noopener noreferrer\" data-shared=\"sharing-facebook-1545\" class=\"share-facebook sd-button share-icon\" href=\"https:\/\/www.brg9.at\/web\/?p=1545&amp;share=facebook\" target=\"_blank\" title=\"Klick, um auf Facebook zu teilen\"><span>Facebook<\/span><\/a><\/li><li class=\"share-jetpack-whatsapp\"><a rel=\"nofollow noopener noreferrer\" data-shared=\"\" class=\"share-jetpack-whatsapp sd-button share-icon\" href=\"https:\/\/www.brg9.at\/web\/?p=1545&amp;share=jetpack-whatsapp\" target=\"_blank\" title=\"Klicken, um auf WhatsApp zu teilen\"><span>WhatsApp<\/span><\/a><\/li><li class=\"share-print\"><a rel=\"nofollow noopener noreferrer\" data-shared=\"\" class=\"share-print sd-button share-icon\" href=\"https:\/\/www.brg9.at\/web\/?p=1545\" target=\"_blank\" title=\"Klicken zum Ausdrucken\"><span>Drucken<\/span><\/a><\/li><li class=\"share-end\"><\/li><\/ul><\/div><\/div><\/div>","protected":false},"author":7,"featured_media":1547,"comment_status":"closed","ping_status":"open","sticky":false,"template":"","format":"standard","meta":{"ngg_post_thumbnail":0,"spay_email":""},"categories":[1],"tags":[],"yoast_head":"<!-- This site is optimized with the Yoast SEO plugin v16.2 - https:\/\/yoast.com\/wordpress\/plugins\/seo\/ -->\n<title>Projekt &quot;Flucht und Migration&quot; der 3A &raquo; BRG9, Erich Fried Realgymnasium<\/title>\n<meta name=\"robots\" content=\"index, follow, max-snippet:-1, max-image-preview:large, max-video-preview:-1\" \/>\n<link rel=\"canonical\" href=\"https:\/\/www.brg9.at\/web\/?p=1545\" \/>\n<meta property=\"og:locale\" content=\"de_DE\" \/>\n<meta property=\"og:type\" content=\"article\" \/>\n<meta property=\"og:title\" content=\"Projekt &quot;Flucht und Migration&quot; der 3A &raquo; BRG9, Erich Fried Realgymnasium\" \/>\n<meta property=\"og:description\" content=\"Aus aktuellem Anlass besch\u00e4ftigte sich die 3A am 6. und 7. Juni im Rahmen eines Projekts mit den Themen Flucht und Migration. Diese wurden anhand von Pr\u00e4sentationen, Filmen, Rollenspielen, Gruppenarbeiten und zahlreichen Diskussionen erarbeitet. So wurden am ersten Tag die Unterschiede zwischen Flucht und Migration, Fluchtgr\u00fcnde und die Gesetzeslage in \u00d6sterreich am Beispiel von konkreten &hellip; &#8222;Projekt &#8222;Flucht und Migration&#8220; der 3A&#8220; weiterlesen\" \/>\n<meta property=\"og:url\" content=\"https:\/\/www.brg9.at\/web\/?p=1545\" \/>\n<meta property=\"og:site_name\" content=\"BRG9, Erich Fried Realgymnasium\" \/>\n<meta property=\"article:published_time\" content=\"2016-06-21T12:37:09+00:00\" \/>\n<meta property=\"article:modified_time\" content=\"2016-06-21T19:13:39+00:00\" \/>\n<meta property=\"og:image\" content=\"https:\/\/www.brg9.at\/web\/wp-content\/uploads\/2016\/06\/13350529_981468705283361_8581026967508341052_o.jpg\" \/>\n\t<meta property=\"og:image:width\" content=\"1024\" \/>\n\t<meta property=\"og:image:height\" content=\"768\" \/>\n<meta name=\"twitter:card\" content=\"summary\" \/>\n<meta name=\"twitter:label1\" content=\"Gesch\u00e4tzte Lesezeit\">\n\t<meta name=\"twitter:data1\" content=\"1 Minute\">\n<script type=\"application\/ld+json\" class=\"yoast-schema-graph\">{\"@context\":\"https:\/\/schema.org\",\"@graph\":[{\"@type\":\"WebSite\",\"@id\":\"https:\/\/www.brg9.at\/web\/#website\",\"url\":\"https:\/\/www.brg9.at\/web\/\",\"name\":\"BRG9, Erich Fried Realgymnasium\",\"description\":\"Die Website des BRG9 - Erich Fried Realgymnasium. Wien 9, Glasergasse 25.\",\"potentialAction\":[{\"@type\":\"SearchAction\",\"target\":\"https:\/\/www.brg9.at\/web\/?s={search_term_string}\",\"query-input\":\"required name=search_term_string\"}],\"inLanguage\":\"de-DE\"},{\"@type\":\"ImageObject\",\"@id\":\"https:\/\/www.brg9.at\/web\/?p=1545#primaryimage\",\"inLanguage\":\"de-DE\",\"url\":\"https:\/\/www.brg9.at\/web\/wp-content\/uploads\/2016\/06\/13350529_981468705283361_8581026967508341052_o.jpg\",\"contentUrl\":\"https:\/\/www.brg9.at\/web\/wp-content\/uploads\/2016\/06\/13350529_981468705283361_8581026967508341052_o.jpg\",\"width\":1024,\"height\":768},{\"@type\":\"WebPage\",\"@id\":\"https:\/\/www.brg9.at\/web\/?p=1545#webpage\",\"url\":\"https:\/\/www.brg9.at\/web\/?p=1545\",\"name\":\"Projekt \\\"Flucht und Migration\\\" der 3A &raquo; BRG9, Erich Fried Realgymnasium\",\"isPartOf\":{\"@id\":\"https:\/\/www.brg9.at\/web\/#website\"},\"primaryImageOfPage\":{\"@id\":\"https:\/\/www.brg9.at\/web\/?p=1545#primaryimage\"},\"datePublished\":\"2016-06-21T12:37:09+00:00\",\"dateModified\":\"2016-06-21T19:13:39+00:00\",\"author\":{\"@id\":\"https:\/\/www.brg9.at\/web\/#\/schema\/person\/5b2e8635b2f470a9518011802bfa34dd\"},\"breadcrumb\":{\"@id\":\"https:\/\/www.brg9.at\/web\/?p=1545#breadcrumb\"},\"inLanguage\":\"de-DE\",\"potentialAction\":[{\"@type\":\"ReadAction\",\"target\":[\"https:\/\/www.brg9.at\/web\/?p=1545\"]}]},{\"@type\":\"BreadcrumbList\",\"@id\":\"https:\/\/www.brg9.at\/web\/?p=1545#breadcrumb\",\"itemListElement\":[{\"@type\":\"ListItem\",\"position\":1,\"item\":{\"@type\":\"WebPage\",\"@id\":\"https:\/\/www.brg9.at\/web\/\",\"url\":\"https:\/\/www.brg9.at\/web\/\",\"name\":\"Home\"}},{\"@type\":\"ListItem\",\"position\":2,\"item\":{\"@id\":\"https:\/\/www.brg9.at\/web\/?p=1545#webpage\"}}]},{\"@type\":\"Person\",\"@id\":\"https:\/\/www.brg9.at\/web\/#\/schema\/person\/5b2e8635b2f470a9518011802bfa34dd\",\"name\":\"Monika Simmerstatter\"}]}<\/script>\n<!-- \/ Yoast SEO plugin. -->","jetpack_featured_media_url":"https:\/\/www.brg9.at\/web\/wp-content\/uploads\/2016\/06\/13350529_981468705283361_8581026967508341052_o.jpg","jetpack_sharing_enabled":true,"_links":{"self":[{"href":"https:\/\/www.brg9.at\/web\/index.php?rest_route=\/wp\/v2\/posts\/1545"}],"collection":[{"href":"https:\/\/www.brg9.at\/web\/index.php?rest_route=\/wp\/v2\/posts"}],"about":[{"href":"https:\/\/www.brg9.at\/web\/index.php?rest_route=\/wp\/v2\/types\/post"}],"author":[{"embeddable":true,"href":"https:\/\/www.brg9.at\/web\/index.php?rest_route=\/wp\/v2\/users\/7"}],"replies":[{"embeddable":true,"href":"https:\/\/www.brg9.at\/web\/index.php?rest_route=%2Fwp%2Fv2%2Fcomments&post=1545"}],"version-history":[{"count":3,"href":"https:\/\/www.brg9.at\/web\/index.php?rest_route=\/wp\/v2\/posts\/1545\/revisions"}],"predecessor-version":[{"id":1549,"href":"https:\/\/www.brg9.at\/web\/index.php?rest_route=\/wp\/v2\/posts\/1545\/revisions\/1549"}],"wp:featuredmedia":[{"embeddable":true,"href":"https:\/\/www.brg9.at\/web\/index.php?rest_route=\/wp\/v2\/media\/1547"}],"wp:attachment":[{"href":"https:\/\/www.brg9.at\/web\/index.php?rest_route=%2Fwp%2Fv2%2Fmedia&parent=1545"}],"wp:term":[{"taxonomy":"category","embeddable":true,"href":"https:\/\/www.brg9.at\/web\/index.php?rest_route=%2Fwp%2Fv2%2Fcategories&post=1545"},{"taxonomy":"post_tag","embeddable":true,"href":"https:\/\/www.brg9.at\/web\/index.php?rest_route=%2Fwp%2Fv2%2Ftags&post=1545"}],"curies":[{"name":"wp","href":"https:\/\/api.w.org\/{rel}","templated":true}]}}