{"id":15837,"date":"2025-06-10T15:16:27","date_gmt":"2025-06-10T13:16:27","guid":{"rendered":"https:\/\/www.brg9.at\/web\/?p=15837"},"modified":"2025-06-10T21:16:16","modified_gmt":"2025-06-10T19:16:16","slug":"dock-for-change-schuljahresabschluss-an-der-uni-wien","status":"publish","type":"post","link":"https:\/\/www.brg9.at\/web\/?p=15837","title":{"rendered":"Klimaclub \u2013 Schuljahresabschluss an der Uni Wien"},"content":{"rendered":"\n<p>Der Klimaclub des BRG 9 blickt auf ein unfassbar spannendes Dock for Change-Schuljahr und dessen kr\u00f6nenden Abschluss zur\u00fcck.\u00a0Im Wintersemester hat der Klimaclub unserer Schule gemeinsam mit dem Klimaclub der FMS\/PTS 10 im Rahmen eines Co-Creation-Projekts des Kinderb\u00fcros der Uni Wien ein Bild der guten Zukunft entworfen und dieses mit erwachsenen &#8222;Mutmachpartner:innen&#8220; aus Wissenschaft, Wirtschaft und Politik weiterentwickelt. Der K\u00fcnstler Leo Maurer gestaltete aus den vielen Ideen ein riesiges Wimmelbild, das jede einzelne Vision abbildet \u2013 zun\u00e4chst jedoch geheim gehalten wurde. Erste Schritte in diese gute Zukunft setzten die beiden Klimaclubs im Sommersemester: ein gemeinsamer Climate Walk durch Favoriten, die Fairness-Staffel im Rahmen der Fairnesswochen am Donaukanal sowie das 1. Favoritner Klimafest.\u00a0Am vergangenen Donnerstag pr\u00e4sentierte der Klimaclub des BRG 9 die Vision der guten Zukunft beim Climate Day\u00a0im Rahmen der Circle U-Konferenz an der Universit\u00e4t Wien erstmals der \u00d6ffentlichkeit.<\/p>\n\n\n\n<!--more-->\n\n\n\n<p>Mit einer einst\u00fcndigen Pr\u00e4sentation ihres Jahresprojekts er\u00f6ffneten die Sch\u00fcler:innen des BRG 9 die ganzt\u00e4gige Konferenz in den Fests\u00e4len der Universit\u00e4t. Sie berichteten von der inspirierenden Zusammenarbeit auf Augenh\u00f6he mit den &#8222;Mutmachpartner:innen&#8220;, stellten ihre durchgef\u00fchrten Aktionen vor und luden dazu ein, sich im Wimmelbild zu verorten und aktiv an ihrer Vision einer guten Zukunft mitzuarbeiten. Am &#8222;Marktplatz der Initiativen&#8220; kamen die Sch\u00fcler:innen mit anderen engagierten Personen ins Gespr\u00e4ch, die in unterschiedlichsten Bereichen an einer besseren Zukunft arbeiten. Viele Ideen f\u00fcr das kommende Schuljahr wurden dabei bereits gesammelt. Unter folgendem Link finden sich Informationen dazu: <a href=\"https:\/\/kinderbuero-uniwien.at\/das-dock\/dockforchange\/\" target=\"_blank\" rel=\"noreferrer noopener\">https:\/\/kinderbuero-uniwien.at\/das-dock\/dockforchange\/<\/a>\u00a0 <\/p>\n\n\n\n<figure class=\"wp-block-gallery columns-3 is-cropped\"><ul data-carousel-extra='{\"blog_id\":1,\"permalink\":\"https:\\\/\\\/www.brg9.at\\\/web\\\/?p=15837\"}' class=\"blocks-gallery-grid\"><li class=\"blocks-gallery-item\"><figure><img data-attachment-id=\"15838\" data-permalink=\"https:\/\/www.brg9.at\/web\/?attachment_id=15838\" data-orig-file=\"https:\/\/www.brg9.at\/web\/wp-content\/uploads\/2025\/06\/0-2025.06.05_KinderuniWien_SocialMediaAuswahl_@Kinderbu\u0308ro-der-Universita\u0308t-Wien_01_websize.jpg\" data-orig-size=\"1600,1067\" data-comments-opened=\"0\" data-image-meta=\"{&quot;aperture&quot;:&quot;5&quot;,&quot;credit&quot;:&quot;Markus Korenjak&quot;,&quot;camera&quot;:&quot;ILCE-7RM5&quot;,&quot;caption&quot;:&quot;www.markuskorenjak.com&quot;,&quot;created_timestamp&quot;:&quot;1749119572&quot;,&quot;copyright&quot;:&quot;Markus Korenjak&quot;,&quot;focal_length&quot;:&quot;12&quot;,&quot;iso&quot;:&quot;100&quot;,&quot;shutter_speed&quot;:&quot;0.0008&quot;,&quot;title&quot;:&quot;Circle U. Climate Day an der Universit\\u00e4t Wien&quot;,&quot;orientation&quot;:&quot;1&quot;}\" data-image-title=\"Circle U. Climate Day an der Universit\u00e4t Wien\" data-image-description=\"\" data-medium-file=\"https:\/\/www.brg9.at\/web\/wp-content\/uploads\/2025\/06\/0-2025.06.05_KinderuniWien_SocialMediaAuswahl_@Kinderbu\u0308ro-der-Universita\u0308t-Wien_01_websize-596x397.jpg\" data-large-file=\"https:\/\/www.brg9.at\/web\/wp-content\/uploads\/2025\/06\/0-2025.06.05_KinderuniWien_SocialMediaAuswahl_@Kinderbu\u0308ro-der-Universita\u0308t-Wien_01_websize-1024x683.jpg\" loading=\"lazy\" width=\"1024\" height=\"683\" src=\"https:\/\/www.brg9.at\/web\/wp-content\/uploads\/2025\/06\/0-2025.06.05_KinderuniWien_SocialMediaAuswahl_@Kinderbu\u0308ro-der-Universita\u0308t-Wien_01_websize-1024x683.jpg\" alt=\"\" data-id=\"15838\" data-full-url=\"https:\/\/www.brg9.at\/web\/wp-content\/uploads\/2025\/06\/0-2025.06.05_KinderuniWien_SocialMediaAuswahl_@Kinderbu\u0308ro-der-Universita\u0308t-Wien_01_websize.jpg\" data-link=\"https:\/\/www.brg9.at\/web\/?attachment_id=15838\" class=\"wp-image-15838\" srcset=\"https:\/\/www.brg9.at\/web\/wp-content\/uploads\/2025\/06\/0-2025.06.05_KinderuniWien_SocialMediaAuswahl_@Kinderbu\u0308ro-der-Universita\u0308t-Wien_01_websize-1024x683.jpg 1024w, https:\/\/www.brg9.at\/web\/wp-content\/uploads\/2025\/06\/0-2025.06.05_KinderuniWien_SocialMediaAuswahl_@Kinderbu\u0308ro-der-Universita\u0308t-Wien_01_websize-596x397.jpg 596w, https:\/\/www.brg9.at\/web\/wp-content\/uploads\/2025\/06\/0-2025.06.05_KinderuniWien_SocialMediaAuswahl_@Kinderbu\u0308ro-der-Universita\u0308t-Wien_01_websize-1536x1024.jpg 1536w, https:\/\/www.brg9.at\/web\/wp-content\/uploads\/2025\/06\/0-2025.06.05_KinderuniWien_SocialMediaAuswahl_@Kinderbu\u0308ro-der-Universita\u0308t-Wien_01_websize-1200x800.jpg 1200w, https:\/\/www.brg9.at\/web\/wp-content\/uploads\/2025\/06\/0-2025.06.05_KinderuniWien_SocialMediaAuswahl_@Kinderbu\u0308ro-der-Universita\u0308t-Wien_01_websize.jpg 1600w\" sizes=\"(max-width: 709px) 85vw, (max-width: 909px) 67vw, (max-width: 1362px) 62vw, 840px\" \/><figcaption class=\"blocks-gallery-item__caption\">www.markuskorenjak.com<\/figcaption><\/figure><\/li><li class=\"blocks-gallery-item\"><figure><img data-attachment-id=\"15839\" data-permalink=\"https:\/\/www.brg9.at\/web\/?attachment_id=15839\" data-orig-file=\"https:\/\/www.brg9.at\/web\/wp-content\/uploads\/2025\/06\/1-2025.06.05_KinderuniWien_SocialMediaAuswahl_@Kinderbu\u0308ro-der-Universita\u0308t-Wien_02_websize.jpg\" data-orig-size=\"1600,1067\" data-comments-opened=\"0\" data-image-meta=\"{&quot;aperture&quot;:&quot;2.8&quot;,&quot;credit&quot;:&quot;Markus Korenjak&quot;,&quot;camera&quot;:&quot;ILCE-7RM5&quot;,&quot;caption&quot;:&quot;www.markuskorenjak.com&quot;,&quot;created_timestamp&quot;:&quot;1749110413&quot;,&quot;copyright&quot;:&quot;Markus Korenjak&quot;,&quot;focal_length&quot;:&quot;70&quot;,&quot;iso&quot;:&quot;500&quot;,&quot;shutter_speed&quot;:&quot;0.004&quot;,&quot;title&quot;:&quot;Circle U. Climate Day an der Universit\\u00e4t Wien&quot;,&quot;orientation&quot;:&quot;1&quot;}\" data-image-title=\"Circle U. Climate Day an der Universit\u00e4t Wien\" data-image-description=\"\" data-medium-file=\"https:\/\/www.brg9.at\/web\/wp-content\/uploads\/2025\/06\/1-2025.06.05_KinderuniWien_SocialMediaAuswahl_@Kinderbu\u0308ro-der-Universita\u0308t-Wien_02_websize-596x397.jpg\" data-large-file=\"https:\/\/www.brg9.at\/web\/wp-content\/uploads\/2025\/06\/1-2025.06.05_KinderuniWien_SocialMediaAuswahl_@Kinderbu\u0308ro-der-Universita\u0308t-Wien_02_websize-1024x683.jpg\" loading=\"lazy\" width=\"1024\" height=\"683\" src=\"https:\/\/www.brg9.at\/web\/wp-content\/uploads\/2025\/06\/1-2025.06.05_KinderuniWien_SocialMediaAuswahl_@Kinderbu\u0308ro-der-Universita\u0308t-Wien_02_websize-1024x683.jpg\" alt=\"\" data-id=\"15839\" data-full-url=\"https:\/\/www.brg9.at\/web\/wp-content\/uploads\/2025\/06\/1-2025.06.05_KinderuniWien_SocialMediaAuswahl_@Kinderbu\u0308ro-der-Universita\u0308t-Wien_02_websize.jpg\" data-link=\"https:\/\/www.brg9.at\/web\/?attachment_id=15839\" class=\"wp-image-15839\" srcset=\"https:\/\/www.brg9.at\/web\/wp-content\/uploads\/2025\/06\/1-2025.06.05_KinderuniWien_SocialMediaAuswahl_@Kinderbu\u0308ro-der-Universita\u0308t-Wien_02_websize-1024x683.jpg 1024w, https:\/\/www.brg9.at\/web\/wp-content\/uploads\/2025\/06\/1-2025.06.05_KinderuniWien_SocialMediaAuswahl_@Kinderbu\u0308ro-der-Universita\u0308t-Wien_02_websize-596x397.jpg 596w, https:\/\/www.brg9.at\/web\/wp-content\/uploads\/2025\/06\/1-2025.06.05_KinderuniWien_SocialMediaAuswahl_@Kinderbu\u0308ro-der-Universita\u0308t-Wien_02_websize-1536x1024.jpg 1536w, https:\/\/www.brg9.at\/web\/wp-content\/uploads\/2025\/06\/1-2025.06.05_KinderuniWien_SocialMediaAuswahl_@Kinderbu\u0308ro-der-Universita\u0308t-Wien_02_websize-1200x800.jpg 1200w, https:\/\/www.brg9.at\/web\/wp-content\/uploads\/2025\/06\/1-2025.06.05_KinderuniWien_SocialMediaAuswahl_@Kinderbu\u0308ro-der-Universita\u0308t-Wien_02_websize.jpg 1600w\" sizes=\"(max-width: 709px) 85vw, (max-width: 909px) 67vw, (max-width: 1362px) 62vw, 840px\" \/><figcaption class=\"blocks-gallery-item__caption\">www.markuskorenjak.com<\/figcaption><\/figure><\/li><li class=\"blocks-gallery-item\"><figure><img data-attachment-id=\"15840\" data-permalink=\"https:\/\/www.brg9.at\/web\/?attachment_id=15840\" data-orig-file=\"https:\/\/www.brg9.at\/web\/wp-content\/uploads\/2025\/06\/3-2025.06.05_KinderuniWien_1.Ero\u0308ffnungsworte_@Kinderbu\u0308ro-der-Universita\u0308t-Wien_20_websize.jpg\" data-orig-size=\"1600,1067\" data-comments-opened=\"0\" data-image-meta=\"{&quot;aperture&quot;:&quot;3.5&quot;,&quot;credit&quot;:&quot;Markus Korenjak&quot;,&quot;camera&quot;:&quot;ILCE-7RM5&quot;,&quot;caption&quot;:&quot;www.markuskorenjak.com&quot;,&quot;created_timestamp&quot;:&quot;1749110982&quot;,&quot;copyright&quot;:&quot;Markus Korenjak&quot;,&quot;focal_length&quot;:&quot;24&quot;,&quot;iso&quot;:&quot;1600&quot;,&quot;shutter_speed&quot;:&quot;0.004&quot;,&quot;title&quot;:&quot;Circle U. Climate Day an der Universit\\u00e4t Wien&quot;,&quot;orientation&quot;:&quot;1&quot;}\" data-image-title=\"Circle U. Climate Day an der Universit\u00e4t Wien\" data-image-description=\"\" data-medium-file=\"https:\/\/www.brg9.at\/web\/wp-content\/uploads\/2025\/06\/3-2025.06.05_KinderuniWien_1.Ero\u0308ffnungsworte_@Kinderbu\u0308ro-der-Universita\u0308t-Wien_20_websize-596x397.jpg\" data-large-file=\"https:\/\/www.brg9.at\/web\/wp-content\/uploads\/2025\/06\/3-2025.06.05_KinderuniWien_1.Ero\u0308ffnungsworte_@Kinderbu\u0308ro-der-Universita\u0308t-Wien_20_websize-1024x683.jpg\" loading=\"lazy\" width=\"1024\" height=\"683\" src=\"https:\/\/www.brg9.at\/web\/wp-content\/uploads\/2025\/06\/3-2025.06.05_KinderuniWien_1.Ero\u0308ffnungsworte_@Kinderbu\u0308ro-der-Universita\u0308t-Wien_20_websize-1024x683.jpg\" alt=\"\" data-id=\"15840\" data-full-url=\"https:\/\/www.brg9.at\/web\/wp-content\/uploads\/2025\/06\/3-2025.06.05_KinderuniWien_1.Ero\u0308ffnungsworte_@Kinderbu\u0308ro-der-Universita\u0308t-Wien_20_websize.jpg\" data-link=\"https:\/\/www.brg9.at\/web\/?attachment_id=15840\" class=\"wp-image-15840\" srcset=\"https:\/\/www.brg9.at\/web\/wp-content\/uploads\/2025\/06\/3-2025.06.05_KinderuniWien_1.Ero\u0308ffnungsworte_@Kinderbu\u0308ro-der-Universita\u0308t-Wien_20_websize-1024x683.jpg 1024w, https:\/\/www.brg9.at\/web\/wp-content\/uploads\/2025\/06\/3-2025.06.05_KinderuniWien_1.Ero\u0308ffnungsworte_@Kinderbu\u0308ro-der-Universita\u0308t-Wien_20_websize-596x397.jpg 596w, https:\/\/www.brg9.at\/web\/wp-content\/uploads\/2025\/06\/3-2025.06.05_KinderuniWien_1.Ero\u0308ffnungsworte_@Kinderbu\u0308ro-der-Universita\u0308t-Wien_20_websize-1536x1024.jpg 1536w, https:\/\/www.brg9.at\/web\/wp-content\/uploads\/2025\/06\/3-2025.06.05_KinderuniWien_1.Ero\u0308ffnungsworte_@Kinderbu\u0308ro-der-Universita\u0308t-Wien_20_websize-1200x800.jpg 1200w, https:\/\/www.brg9.at\/web\/wp-content\/uploads\/2025\/06\/3-2025.06.05_KinderuniWien_1.Ero\u0308ffnungsworte_@Kinderbu\u0308ro-der-Universita\u0308t-Wien_20_websize.jpg 1600w\" sizes=\"(max-width: 709px) 85vw, (max-width: 909px) 67vw, (max-width: 1362px) 62vw, 840px\" \/><figcaption class=\"blocks-gallery-item__caption\">www.markuskorenjak.com<\/figcaption><\/figure><\/li><li class=\"blocks-gallery-item\"><figure><img data-attachment-id=\"15841\" data-permalink=\"https:\/\/www.brg9.at\/web\/?attachment_id=15841\" data-orig-file=\"https:\/\/www.brg9.at\/web\/wp-content\/uploads\/2025\/06\/4-2025.06.05_KinderuniWien_1.Ero\u0308ffnungsworte_@Kinderbu\u0308ro-der-Universita\u0308t-Wien_16_websize.jpg\" data-orig-size=\"1600,1067\" data-comments-opened=\"0\" data-image-meta=\"{&quot;aperture&quot;:&quot;2.8&quot;,&quot;credit&quot;:&quot;Markus Korenjak&quot;,&quot;camera&quot;:&quot;ILCE-7RM5&quot;,&quot;caption&quot;:&quot;www.markuskorenjak.com&quot;,&quot;created_timestamp&quot;:&quot;1749111387&quot;,&quot;copyright&quot;:&quot;Markus Korenjak&quot;,&quot;focal_length&quot;:&quot;133&quot;,&quot;iso&quot;:&quot;2000&quot;,&quot;shutter_speed&quot;:&quot;0.004&quot;,&quot;title&quot;:&quot;Circle U. Climate Day an der Universit\\u00e4t Wien&quot;,&quot;orientation&quot;:&quot;1&quot;}\" data-image-title=\"Circle U. Climate Day an der Universit\u00e4t Wien\" data-image-description=\"\" data-medium-file=\"https:\/\/www.brg9.at\/web\/wp-content\/uploads\/2025\/06\/4-2025.06.05_KinderuniWien_1.Ero\u0308ffnungsworte_@Kinderbu\u0308ro-der-Universita\u0308t-Wien_16_websize-596x397.jpg\" data-large-file=\"https:\/\/www.brg9.at\/web\/wp-content\/uploads\/2025\/06\/4-2025.06.05_KinderuniWien_1.Ero\u0308ffnungsworte_@Kinderbu\u0308ro-der-Universita\u0308t-Wien_16_websize-1024x683.jpg\" loading=\"lazy\" width=\"1024\" height=\"683\" src=\"https:\/\/www.brg9.at\/web\/wp-content\/uploads\/2025\/06\/4-2025.06.05_KinderuniWien_1.Ero\u0308ffnungsworte_@Kinderbu\u0308ro-der-Universita\u0308t-Wien_16_websize-1024x683.jpg\" alt=\"\" data-id=\"15841\" data-full-url=\"https:\/\/www.brg9.at\/web\/wp-content\/uploads\/2025\/06\/4-2025.06.05_KinderuniWien_1.Ero\u0308ffnungsworte_@Kinderbu\u0308ro-der-Universita\u0308t-Wien_16_websize.jpg\" data-link=\"https:\/\/www.brg9.at\/web\/?attachment_id=15841\" class=\"wp-image-15841\" srcset=\"https:\/\/www.brg9.at\/web\/wp-content\/uploads\/2025\/06\/4-2025.06.05_KinderuniWien_1.Ero\u0308ffnungsworte_@Kinderbu\u0308ro-der-Universita\u0308t-Wien_16_websize-1024x683.jpg 1024w, https:\/\/www.brg9.at\/web\/wp-content\/uploads\/2025\/06\/4-2025.06.05_KinderuniWien_1.Ero\u0308ffnungsworte_@Kinderbu\u0308ro-der-Universita\u0308t-Wien_16_websize-596x397.jpg 596w, https:\/\/www.brg9.at\/web\/wp-content\/uploads\/2025\/06\/4-2025.06.05_KinderuniWien_1.Ero\u0308ffnungsworte_@Kinderbu\u0308ro-der-Universita\u0308t-Wien_16_websize-1536x1024.jpg 1536w, https:\/\/www.brg9.at\/web\/wp-content\/uploads\/2025\/06\/4-2025.06.05_KinderuniWien_1.Ero\u0308ffnungsworte_@Kinderbu\u0308ro-der-Universita\u0308t-Wien_16_websize-1200x800.jpg 1200w, https:\/\/www.brg9.at\/web\/wp-content\/uploads\/2025\/06\/4-2025.06.05_KinderuniWien_1.Ero\u0308ffnungsworte_@Kinderbu\u0308ro-der-Universita\u0308t-Wien_16_websize.jpg 1600w\" sizes=\"(max-width: 709px) 85vw, (max-width: 909px) 67vw, (max-width: 1362px) 62vw, 840px\" \/><figcaption class=\"blocks-gallery-item__caption\">www.markuskorenjak.com<\/figcaption><\/figure><\/li><li class=\"blocks-gallery-item\"><figure><img data-attachment-id=\"15842\" data-permalink=\"https:\/\/www.brg9.at\/web\/?attachment_id=15842\" data-orig-file=\"https:\/\/www.brg9.at\/web\/wp-content\/uploads\/2025\/06\/5-2025.06.05_KinderuniWien_SocialMediaAuswahl_@Kinderbu\u0308ro-der-Universita\u0308t-Wien_04-1_websize.jpg\" data-orig-size=\"1600,1067\" data-comments-opened=\"0\" data-image-meta=\"{&quot;aperture&quot;:&quot;2.8&quot;,&quot;credit&quot;:&quot;Markus Korenjak&quot;,&quot;camera&quot;:&quot;ILCE-7RM5&quot;,&quot;caption&quot;:&quot;www.markuskorenjak.com&quot;,&quot;created_timestamp&quot;:&quot;1749112490&quot;,&quot;copyright&quot;:&quot;Markus Korenjak&quot;,&quot;focal_length&quot;:&quot;24&quot;,&quot;iso&quot;:&quot;1000&quot;,&quot;shutter_speed&quot;:&quot;0.008&quot;,&quot;title&quot;:&quot;Circle U. Climate Day an der Universit\\u00e4t Wien&quot;,&quot;orientation&quot;:&quot;1&quot;}\" data-image-title=\"Circle U. Climate Day an der Universit\u00e4t Wien\" data-image-description=\"\" data-medium-file=\"https:\/\/www.brg9.at\/web\/wp-content\/uploads\/2025\/06\/5-2025.06.05_KinderuniWien_SocialMediaAuswahl_@Kinderbu\u0308ro-der-Universita\u0308t-Wien_04-1_websize-596x397.jpg\" data-large-file=\"https:\/\/www.brg9.at\/web\/wp-content\/uploads\/2025\/06\/5-2025.06.05_KinderuniWien_SocialMediaAuswahl_@Kinderbu\u0308ro-der-Universita\u0308t-Wien_04-1_websize-1024x683.jpg\" loading=\"lazy\" width=\"1024\" height=\"683\" src=\"https:\/\/www.brg9.at\/web\/wp-content\/uploads\/2025\/06\/5-2025.06.05_KinderuniWien_SocialMediaAuswahl_@Kinderbu\u0308ro-der-Universita\u0308t-Wien_04-1_websize-1024x683.jpg\" alt=\"\" data-id=\"15842\" data-full-url=\"https:\/\/www.brg9.at\/web\/wp-content\/uploads\/2025\/06\/5-2025.06.05_KinderuniWien_SocialMediaAuswahl_@Kinderbu\u0308ro-der-Universita\u0308t-Wien_04-1_websize.jpg\" data-link=\"https:\/\/www.brg9.at\/web\/?attachment_id=15842\" class=\"wp-image-15842\" srcset=\"https:\/\/www.brg9.at\/web\/wp-content\/uploads\/2025\/06\/5-2025.06.05_KinderuniWien_SocialMediaAuswahl_@Kinderbu\u0308ro-der-Universita\u0308t-Wien_04-1_websize-1024x683.jpg 1024w, https:\/\/www.brg9.at\/web\/wp-content\/uploads\/2025\/06\/5-2025.06.05_KinderuniWien_SocialMediaAuswahl_@Kinderbu\u0308ro-der-Universita\u0308t-Wien_04-1_websize-596x397.jpg 596w, https:\/\/www.brg9.at\/web\/wp-content\/uploads\/2025\/06\/5-2025.06.05_KinderuniWien_SocialMediaAuswahl_@Kinderbu\u0308ro-der-Universita\u0308t-Wien_04-1_websize-1536x1024.jpg 1536w, https:\/\/www.brg9.at\/web\/wp-content\/uploads\/2025\/06\/5-2025.06.05_KinderuniWien_SocialMediaAuswahl_@Kinderbu\u0308ro-der-Universita\u0308t-Wien_04-1_websize-1200x800.jpg 1200w, https:\/\/www.brg9.at\/web\/wp-content\/uploads\/2025\/06\/5-2025.06.05_KinderuniWien_SocialMediaAuswahl_@Kinderbu\u0308ro-der-Universita\u0308t-Wien_04-1_websize.jpg 1600w\" sizes=\"(max-width: 709px) 85vw, (max-width: 909px) 67vw, (max-width: 1362px) 62vw, 840px\" \/><figcaption class=\"blocks-gallery-item__caption\">www.markuskorenjak.com<\/figcaption><\/figure><\/li><li class=\"blocks-gallery-item\"><figure><img data-attachment-id=\"15843\" data-permalink=\"https:\/\/www.brg9.at\/web\/?attachment_id=15843\" data-orig-file=\"https:\/\/www.brg9.at\/web\/wp-content\/uploads\/2025\/06\/6-2025.06.05_KinderuniWien_1.Ero\u0308ffnungsworte_@Kinderbu\u0308ro-der-Universita\u0308t-Wien_30_websize.jpg\" data-orig-size=\"1600,1067\" data-comments-opened=\"0\" data-image-meta=\"{&quot;aperture&quot;:&quot;2.8&quot;,&quot;credit&quot;:&quot;Markus Korenjak&quot;,&quot;camera&quot;:&quot;ILCE-7RM5&quot;,&quot;caption&quot;:&quot;www.markuskorenjak.com&quot;,&quot;created_timestamp&quot;:&quot;1749111537&quot;,&quot;copyright&quot;:&quot;Markus Korenjak&quot;,&quot;focal_length&quot;:&quot;118&quot;,&quot;iso&quot;:&quot;3200&quot;,&quot;shutter_speed&quot;:&quot;0.004&quot;,&quot;title&quot;:&quot;Circle U. Climate Day an der Universit\\u00e4t Wien&quot;,&quot;orientation&quot;:&quot;1&quot;}\" data-image-title=\"Circle U. Climate Day an der Universit\u00e4t Wien\" data-image-description=\"\" data-medium-file=\"https:\/\/www.brg9.at\/web\/wp-content\/uploads\/2025\/06\/6-2025.06.05_KinderuniWien_1.Ero\u0308ffnungsworte_@Kinderbu\u0308ro-der-Universita\u0308t-Wien_30_websize-596x397.jpg\" data-large-file=\"https:\/\/www.brg9.at\/web\/wp-content\/uploads\/2025\/06\/6-2025.06.05_KinderuniWien_1.Ero\u0308ffnungsworte_@Kinderbu\u0308ro-der-Universita\u0308t-Wien_30_websize-1024x683.jpg\" loading=\"lazy\" width=\"1024\" height=\"683\" src=\"https:\/\/www.brg9.at\/web\/wp-content\/uploads\/2025\/06\/6-2025.06.05_KinderuniWien_1.Ero\u0308ffnungsworte_@Kinderbu\u0308ro-der-Universita\u0308t-Wien_30_websize-1024x683.jpg\" alt=\"\" data-id=\"15843\" data-full-url=\"https:\/\/www.brg9.at\/web\/wp-content\/uploads\/2025\/06\/6-2025.06.05_KinderuniWien_1.Ero\u0308ffnungsworte_@Kinderbu\u0308ro-der-Universita\u0308t-Wien_30_websize.jpg\" data-link=\"https:\/\/www.brg9.at\/web\/?attachment_id=15843\" class=\"wp-image-15843\" srcset=\"https:\/\/www.brg9.at\/web\/wp-content\/uploads\/2025\/06\/6-2025.06.05_KinderuniWien_1.Ero\u0308ffnungsworte_@Kinderbu\u0308ro-der-Universita\u0308t-Wien_30_websize-1024x683.jpg 1024w, https:\/\/www.brg9.at\/web\/wp-content\/uploads\/2025\/06\/6-2025.06.05_KinderuniWien_1.Ero\u0308ffnungsworte_@Kinderbu\u0308ro-der-Universita\u0308t-Wien_30_websize-596x397.jpg 596w, https:\/\/www.brg9.at\/web\/wp-content\/uploads\/2025\/06\/6-2025.06.05_KinderuniWien_1.Ero\u0308ffnungsworte_@Kinderbu\u0308ro-der-Universita\u0308t-Wien_30_websize-1536x1024.jpg 1536w, https:\/\/www.brg9.at\/web\/wp-content\/uploads\/2025\/06\/6-2025.06.05_KinderuniWien_1.Ero\u0308ffnungsworte_@Kinderbu\u0308ro-der-Universita\u0308t-Wien_30_websize-1200x800.jpg 1200w, https:\/\/www.brg9.at\/web\/wp-content\/uploads\/2025\/06\/6-2025.06.05_KinderuniWien_1.Ero\u0308ffnungsworte_@Kinderbu\u0308ro-der-Universita\u0308t-Wien_30_websize.jpg 1600w\" sizes=\"(max-width: 709px) 85vw, (max-width: 909px) 67vw, (max-width: 1362px) 62vw, 840px\" \/><figcaption class=\"blocks-gallery-item__caption\">www.markuskorenjak.com<\/figcaption><\/figure><\/li><li class=\"blocks-gallery-item\"><figure><img data-attachment-id=\"15844\" data-permalink=\"https:\/\/www.brg9.at\/web\/?attachment_id=15844\" data-orig-file=\"https:\/\/www.brg9.at\/web\/wp-content\/uploads\/2025\/06\/8-2025.06.05_KinderuniWien_3.-5-Change-Agents-_@Kinderbu\u0308ro-der-Universita\u0308t-Wien_17_websize.jpg\" data-orig-size=\"1600,1067\" data-comments-opened=\"0\" data-image-meta=\"{&quot;aperture&quot;:&quot;4&quot;,&quot;credit&quot;:&quot;Markus Korenjak&quot;,&quot;camera&quot;:&quot;ILCE-7RM5&quot;,&quot;caption&quot;:&quot;www.markuskorenjak.com&quot;,&quot;created_timestamp&quot;:&quot;1749113066&quot;,&quot;copyright&quot;:&quot;Markus Korenjak&quot;,&quot;focal_length&quot;:&quot;18&quot;,&quot;iso&quot;:&quot;1000&quot;,&quot;shutter_speed&quot;:&quot;0.0125&quot;,&quot;title&quot;:&quot;Circle U. Climate Day an der Universit\\u00e4t Wien&quot;,&quot;orientation&quot;:&quot;1&quot;}\" data-image-title=\"Circle U. Climate Day an der Universit\u00e4t Wien\" data-image-description=\"\" data-medium-file=\"https:\/\/www.brg9.at\/web\/wp-content\/uploads\/2025\/06\/8-2025.06.05_KinderuniWien_3.-5-Change-Agents-_@Kinderbu\u0308ro-der-Universita\u0308t-Wien_17_websize-596x397.jpg\" data-large-file=\"https:\/\/www.brg9.at\/web\/wp-content\/uploads\/2025\/06\/8-2025.06.05_KinderuniWien_3.-5-Change-Agents-_@Kinderbu\u0308ro-der-Universita\u0308t-Wien_17_websize-1024x683.jpg\" loading=\"lazy\" width=\"1024\" height=\"683\" src=\"https:\/\/www.brg9.at\/web\/wp-content\/uploads\/2025\/06\/8-2025.06.05_KinderuniWien_3.-5-Change-Agents-_@Kinderbu\u0308ro-der-Universita\u0308t-Wien_17_websize-1024x683.jpg\" alt=\"\" data-id=\"15844\" data-full-url=\"https:\/\/www.brg9.at\/web\/wp-content\/uploads\/2025\/06\/8-2025.06.05_KinderuniWien_3.-5-Change-Agents-_@Kinderbu\u0308ro-der-Universita\u0308t-Wien_17_websize.jpg\" data-link=\"https:\/\/www.brg9.at\/web\/?attachment_id=15844\" class=\"wp-image-15844\" srcset=\"https:\/\/www.brg9.at\/web\/wp-content\/uploads\/2025\/06\/8-2025.06.05_KinderuniWien_3.-5-Change-Agents-_@Kinderbu\u0308ro-der-Universita\u0308t-Wien_17_websize-1024x683.jpg 1024w, https:\/\/www.brg9.at\/web\/wp-content\/uploads\/2025\/06\/8-2025.06.05_KinderuniWien_3.-5-Change-Agents-_@Kinderbu\u0308ro-der-Universita\u0308t-Wien_17_websize-596x397.jpg 596w, https:\/\/www.brg9.at\/web\/wp-content\/uploads\/2025\/06\/8-2025.06.05_KinderuniWien_3.-5-Change-Agents-_@Kinderbu\u0308ro-der-Universita\u0308t-Wien_17_websize-1536x1024.jpg 1536w, https:\/\/www.brg9.at\/web\/wp-content\/uploads\/2025\/06\/8-2025.06.05_KinderuniWien_3.-5-Change-Agents-_@Kinderbu\u0308ro-der-Universita\u0308t-Wien_17_websize-1200x800.jpg 1200w, https:\/\/www.brg9.at\/web\/wp-content\/uploads\/2025\/06\/8-2025.06.05_KinderuniWien_3.-5-Change-Agents-_@Kinderbu\u0308ro-der-Universita\u0308t-Wien_17_websize.jpg 1600w\" sizes=\"(max-width: 709px) 85vw, (max-width: 909px) 67vw, (max-width: 1362px) 62vw, 840px\" \/><figcaption class=\"blocks-gallery-item__caption\">www.markuskorenjak.com<\/figcaption><\/figure><\/li><li class=\"blocks-gallery-item\"><figure><img data-attachment-id=\"15845\" data-permalink=\"https:\/\/www.brg9.at\/web\/?attachment_id=15845\" data-orig-file=\"https:\/\/www.brg9.at\/web\/wp-content\/uploads\/2025\/06\/9-2025.06.05_KinderuniWien_3.-5-Change-Agents-_@Kinderbu\u0308ro-der-Universita\u0308t-Wien_12_websize.jpg\" data-orig-size=\"1600,1067\" data-comments-opened=\"0\" data-image-meta=\"{&quot;aperture&quot;:&quot;1.4&quot;,&quot;credit&quot;:&quot;Markus Korenjak&quot;,&quot;camera&quot;:&quot;ILCE-7RM5&quot;,&quot;caption&quot;:&quot;www.markuskorenjak.com&quot;,&quot;created_timestamp&quot;:&quot;1749113034&quot;,&quot;copyright&quot;:&quot;Markus Korenjak&quot;,&quot;focal_length&quot;:&quot;85&quot;,&quot;iso&quot;:&quot;1250&quot;,&quot;shutter_speed&quot;:&quot;0.004&quot;,&quot;title&quot;:&quot;Circle U. Climate Day an der Universit\\u00e4t Wien&quot;,&quot;orientation&quot;:&quot;1&quot;}\" data-image-title=\"Circle U. Climate Day an der Universit\u00e4t Wien\" data-image-description=\"\" data-medium-file=\"https:\/\/www.brg9.at\/web\/wp-content\/uploads\/2025\/06\/9-2025.06.05_KinderuniWien_3.-5-Change-Agents-_@Kinderbu\u0308ro-der-Universita\u0308t-Wien_12_websize-596x397.jpg\" data-large-file=\"https:\/\/www.brg9.at\/web\/wp-content\/uploads\/2025\/06\/9-2025.06.05_KinderuniWien_3.-5-Change-Agents-_@Kinderbu\u0308ro-der-Universita\u0308t-Wien_12_websize-1024x683.jpg\" loading=\"lazy\" width=\"1024\" height=\"683\" src=\"https:\/\/www.brg9.at\/web\/wp-content\/uploads\/2025\/06\/9-2025.06.05_KinderuniWien_3.-5-Change-Agents-_@Kinderbu\u0308ro-der-Universita\u0308t-Wien_12_websize-1024x683.jpg\" alt=\"\" data-id=\"15845\" data-full-url=\"https:\/\/www.brg9.at\/web\/wp-content\/uploads\/2025\/06\/9-2025.06.05_KinderuniWien_3.-5-Change-Agents-_@Kinderbu\u0308ro-der-Universita\u0308t-Wien_12_websize.jpg\" data-link=\"https:\/\/www.brg9.at\/web\/?attachment_id=15845\" class=\"wp-image-15845\" srcset=\"https:\/\/www.brg9.at\/web\/wp-content\/uploads\/2025\/06\/9-2025.06.05_KinderuniWien_3.-5-Change-Agents-_@Kinderbu\u0308ro-der-Universita\u0308t-Wien_12_websize-1024x683.jpg 1024w, https:\/\/www.brg9.at\/web\/wp-content\/uploads\/2025\/06\/9-2025.06.05_KinderuniWien_3.-5-Change-Agents-_@Kinderbu\u0308ro-der-Universita\u0308t-Wien_12_websize-596x397.jpg 596w, https:\/\/www.brg9.at\/web\/wp-content\/uploads\/2025\/06\/9-2025.06.05_KinderuniWien_3.-5-Change-Agents-_@Kinderbu\u0308ro-der-Universita\u0308t-Wien_12_websize-1536x1024.jpg 1536w, https:\/\/www.brg9.at\/web\/wp-content\/uploads\/2025\/06\/9-2025.06.05_KinderuniWien_3.-5-Change-Agents-_@Kinderbu\u0308ro-der-Universita\u0308t-Wien_12_websize-1200x800.jpg 1200w, https:\/\/www.brg9.at\/web\/wp-content\/uploads\/2025\/06\/9-2025.06.05_KinderuniWien_3.-5-Change-Agents-_@Kinderbu\u0308ro-der-Universita\u0308t-Wien_12_websize.jpg 1600w\" sizes=\"(max-width: 709px) 85vw, (max-width: 909px) 67vw, (max-width: 1362px) 62vw, 840px\" \/><figcaption class=\"blocks-gallery-item__caption\">www.markuskorenjak.com<\/figcaption><\/figure><\/li><li class=\"blocks-gallery-item\"><figure><img data-attachment-id=\"15846\" data-permalink=\"https:\/\/www.brg9.at\/web\/?attachment_id=15846\" data-orig-file=\"https:\/\/www.brg9.at\/web\/wp-content\/uploads\/2025\/06\/10-2025.06.05_KinderuniWien_SocialMediaAuswahl_@Kinderbu\u0308ro-der-Universita\u0308t-Wien_16_websize.jpg\" data-orig-size=\"1600,1067\" data-comments-opened=\"0\" data-image-meta=\"{&quot;aperture&quot;:&quot;2.8&quot;,&quot;credit&quot;:&quot;Markus Korenjak&quot;,&quot;camera&quot;:&quot;ILCE-7RM5&quot;,&quot;caption&quot;:&quot;www.markuskorenjak.com&quot;,&quot;created_timestamp&quot;:&quot;1749114642&quot;,&quot;copyright&quot;:&quot;Markus Korenjak&quot;,&quot;focal_length&quot;:&quot;25&quot;,&quot;iso&quot;:&quot;1000&quot;,&quot;shutter_speed&quot;:&quot;0.008&quot;,&quot;title&quot;:&quot;Circle U. Climate Day an der Universit\\u00e4t Wien&quot;,&quot;orientation&quot;:&quot;1&quot;}\" data-image-title=\"Circle U. Climate Day an der Universit\u00e4t Wien\" data-image-description=\"\" data-medium-file=\"https:\/\/www.brg9.at\/web\/wp-content\/uploads\/2025\/06\/10-2025.06.05_KinderuniWien_SocialMediaAuswahl_@Kinderbu\u0308ro-der-Universita\u0308t-Wien_16_websize-596x397.jpg\" data-large-file=\"https:\/\/www.brg9.at\/web\/wp-content\/uploads\/2025\/06\/10-2025.06.05_KinderuniWien_SocialMediaAuswahl_@Kinderbu\u0308ro-der-Universita\u0308t-Wien_16_websize-1024x683.jpg\" loading=\"lazy\" width=\"1024\" height=\"683\" src=\"https:\/\/www.brg9.at\/web\/wp-content\/uploads\/2025\/06\/10-2025.06.05_KinderuniWien_SocialMediaAuswahl_@Kinderbu\u0308ro-der-Universita\u0308t-Wien_16_websize-1024x683.jpg\" alt=\"\" data-id=\"15846\" data-full-url=\"https:\/\/www.brg9.at\/web\/wp-content\/uploads\/2025\/06\/10-2025.06.05_KinderuniWien_SocialMediaAuswahl_@Kinderbu\u0308ro-der-Universita\u0308t-Wien_16_websize.jpg\" data-link=\"https:\/\/www.brg9.at\/web\/?attachment_id=15846\" class=\"wp-image-15846\" srcset=\"https:\/\/www.brg9.at\/web\/wp-content\/uploads\/2025\/06\/10-2025.06.05_KinderuniWien_SocialMediaAuswahl_@Kinderbu\u0308ro-der-Universita\u0308t-Wien_16_websize-1024x683.jpg 1024w, https:\/\/www.brg9.at\/web\/wp-content\/uploads\/2025\/06\/10-2025.06.05_KinderuniWien_SocialMediaAuswahl_@Kinderbu\u0308ro-der-Universita\u0308t-Wien_16_websize-596x397.jpg 596w, https:\/\/www.brg9.at\/web\/wp-content\/uploads\/2025\/06\/10-2025.06.05_KinderuniWien_SocialMediaAuswahl_@Kinderbu\u0308ro-der-Universita\u0308t-Wien_16_websize-1536x1024.jpg 1536w, https:\/\/www.brg9.at\/web\/wp-content\/uploads\/2025\/06\/10-2025.06.05_KinderuniWien_SocialMediaAuswahl_@Kinderbu\u0308ro-der-Universita\u0308t-Wien_16_websize-1200x800.jpg 1200w, https:\/\/www.brg9.at\/web\/wp-content\/uploads\/2025\/06\/10-2025.06.05_KinderuniWien_SocialMediaAuswahl_@Kinderbu\u0308ro-der-Universita\u0308t-Wien_16_websize.jpg 1600w\" sizes=\"(max-width: 709px) 85vw, (max-width: 909px) 67vw, (max-width: 1362px) 62vw, 840px\" \/><figcaption class=\"blocks-gallery-item__caption\">www.markuskorenjak.com<\/figcaption><\/figure><\/li><li class=\"blocks-gallery-item\"><figure><img data-attachment-id=\"15847\" data-permalink=\"https:\/\/www.brg9.at\/web\/?attachment_id=15847\" data-orig-file=\"https:\/\/www.brg9.at\/web\/wp-content\/uploads\/2025\/06\/11-2025.06.05_KinderuniWien_SocialMediaAuswahl_@Kinderbu\u0308ro-der-Universita\u0308t-Wien_17_websize.jpg\" data-orig-size=\"1600,1067\" data-comments-opened=\"0\" data-image-meta=\"{&quot;aperture&quot;:&quot;1.4&quot;,&quot;credit&quot;:&quot;Markus Korenjak&quot;,&quot;camera&quot;:&quot;ILCE-7RM5&quot;,&quot;caption&quot;:&quot;www.markuskorenjak.com&quot;,&quot;created_timestamp&quot;:&quot;1749114594&quot;,&quot;copyright&quot;:&quot;Markus Korenjak&quot;,&quot;focal_length&quot;:&quot;85&quot;,&quot;iso&quot;:&quot;1000&quot;,&quot;shutter_speed&quot;:&quot;0.004&quot;,&quot;title&quot;:&quot;Circle U. Climate Day an der Universit\\u00e4t Wien&quot;,&quot;orientation&quot;:&quot;1&quot;}\" data-image-title=\"Circle U. Climate Day an der Universit\u00e4t Wien\" data-image-description=\"\" data-medium-file=\"https:\/\/www.brg9.at\/web\/wp-content\/uploads\/2025\/06\/11-2025.06.05_KinderuniWien_SocialMediaAuswahl_@Kinderbu\u0308ro-der-Universita\u0308t-Wien_17_websize-596x397.jpg\" data-large-file=\"https:\/\/www.brg9.at\/web\/wp-content\/uploads\/2025\/06\/11-2025.06.05_KinderuniWien_SocialMediaAuswahl_@Kinderbu\u0308ro-der-Universita\u0308t-Wien_17_websize-1024x683.jpg\" loading=\"lazy\" width=\"1024\" height=\"683\" src=\"https:\/\/www.brg9.at\/web\/wp-content\/uploads\/2025\/06\/11-2025.06.05_KinderuniWien_SocialMediaAuswahl_@Kinderbu\u0308ro-der-Universita\u0308t-Wien_17_websize-1024x683.jpg\" alt=\"\" data-id=\"15847\" data-full-url=\"https:\/\/www.brg9.at\/web\/wp-content\/uploads\/2025\/06\/11-2025.06.05_KinderuniWien_SocialMediaAuswahl_@Kinderbu\u0308ro-der-Universita\u0308t-Wien_17_websize.jpg\" data-link=\"https:\/\/www.brg9.at\/web\/?attachment_id=15847\" class=\"wp-image-15847\" srcset=\"https:\/\/www.brg9.at\/web\/wp-content\/uploads\/2025\/06\/11-2025.06.05_KinderuniWien_SocialMediaAuswahl_@Kinderbu\u0308ro-der-Universita\u0308t-Wien_17_websize-1024x683.jpg 1024w, https:\/\/www.brg9.at\/web\/wp-content\/uploads\/2025\/06\/11-2025.06.05_KinderuniWien_SocialMediaAuswahl_@Kinderbu\u0308ro-der-Universita\u0308t-Wien_17_websize-596x397.jpg 596w, https:\/\/www.brg9.at\/web\/wp-content\/uploads\/2025\/06\/11-2025.06.05_KinderuniWien_SocialMediaAuswahl_@Kinderbu\u0308ro-der-Universita\u0308t-Wien_17_websize-1536x1024.jpg 1536w, https:\/\/www.brg9.at\/web\/wp-content\/uploads\/2025\/06\/11-2025.06.05_KinderuniWien_SocialMediaAuswahl_@Kinderbu\u0308ro-der-Universita\u0308t-Wien_17_websize-1200x800.jpg 1200w, https:\/\/www.brg9.at\/web\/wp-content\/uploads\/2025\/06\/11-2025.06.05_KinderuniWien_SocialMediaAuswahl_@Kinderbu\u0308ro-der-Universita\u0308t-Wien_17_websize.jpg 1600w\" sizes=\"(max-width: 709px) 85vw, (max-width: 909px) 67vw, (max-width: 1362px) 62vw, 840px\" \/><figcaption class=\"blocks-gallery-item__caption\">www.markuskorenjak.com<\/figcaption><\/figure><\/li><li class=\"blocks-gallery-item\"><figure><img data-attachment-id=\"15848\" data-permalink=\"https:\/\/www.brg9.at\/web\/?attachment_id=15848\" data-orig-file=\"https:\/\/www.brg9.at\/web\/wp-content\/uploads\/2025\/06\/12-2025.06.05_KinderuniWien_SocialMediaAuswahl_@Kinderbu\u0308ro-der-Universita\u0308t-Wien_18_websize.jpg\" data-orig-size=\"1600,1067\" data-comments-opened=\"0\" data-image-meta=\"{&quot;aperture&quot;:&quot;4&quot;,&quot;credit&quot;:&quot;Markus Korenjak&quot;,&quot;camera&quot;:&quot;ILCE-7RM5&quot;,&quot;caption&quot;:&quot;www.markuskorenjak.com&quot;,&quot;created_timestamp&quot;:&quot;1749114714&quot;,&quot;copyright&quot;:&quot;Markus Korenjak&quot;,&quot;focal_length&quot;:&quot;15&quot;,&quot;iso&quot;:&quot;1000&quot;,&quot;shutter_speed&quot;:&quot;0.016666666666667&quot;,&quot;title&quot;:&quot;Circle U. Climate Day an der Universit\\u00e4t Wien&quot;,&quot;orientation&quot;:&quot;1&quot;}\" data-image-title=\"Circle U. Climate Day an der Universit\u00e4t Wien\" data-image-description=\"\" data-medium-file=\"https:\/\/www.brg9.at\/web\/wp-content\/uploads\/2025\/06\/12-2025.06.05_KinderuniWien_SocialMediaAuswahl_@Kinderbu\u0308ro-der-Universita\u0308t-Wien_18_websize-596x397.jpg\" data-large-file=\"https:\/\/www.brg9.at\/web\/wp-content\/uploads\/2025\/06\/12-2025.06.05_KinderuniWien_SocialMediaAuswahl_@Kinderbu\u0308ro-der-Universita\u0308t-Wien_18_websize-1024x683.jpg\" loading=\"lazy\" width=\"1024\" height=\"683\" src=\"https:\/\/www.brg9.at\/web\/wp-content\/uploads\/2025\/06\/12-2025.06.05_KinderuniWien_SocialMediaAuswahl_@Kinderbu\u0308ro-der-Universita\u0308t-Wien_18_websize-1024x683.jpg\" alt=\"\" data-id=\"15848\" data-full-url=\"https:\/\/www.brg9.at\/web\/wp-content\/uploads\/2025\/06\/12-2025.06.05_KinderuniWien_SocialMediaAuswahl_@Kinderbu\u0308ro-der-Universita\u0308t-Wien_18_websize.jpg\" data-link=\"https:\/\/www.brg9.at\/web\/?attachment_id=15848\" class=\"wp-image-15848\" srcset=\"https:\/\/www.brg9.at\/web\/wp-content\/uploads\/2025\/06\/12-2025.06.05_KinderuniWien_SocialMediaAuswahl_@Kinderbu\u0308ro-der-Universita\u0308t-Wien_18_websize-1024x683.jpg 1024w, https:\/\/www.brg9.at\/web\/wp-content\/uploads\/2025\/06\/12-2025.06.05_KinderuniWien_SocialMediaAuswahl_@Kinderbu\u0308ro-der-Universita\u0308t-Wien_18_websize-596x397.jpg 596w, https:\/\/www.brg9.at\/web\/wp-content\/uploads\/2025\/06\/12-2025.06.05_KinderuniWien_SocialMediaAuswahl_@Kinderbu\u0308ro-der-Universita\u0308t-Wien_18_websize-1536x1024.jpg 1536w, https:\/\/www.brg9.at\/web\/wp-content\/uploads\/2025\/06\/12-2025.06.05_KinderuniWien_SocialMediaAuswahl_@Kinderbu\u0308ro-der-Universita\u0308t-Wien_18_websize-1200x800.jpg 1200w, https:\/\/www.brg9.at\/web\/wp-content\/uploads\/2025\/06\/12-2025.06.05_KinderuniWien_SocialMediaAuswahl_@Kinderbu\u0308ro-der-Universita\u0308t-Wien_18_websize.jpg 1600w\" sizes=\"(max-width: 709px) 85vw, (max-width: 909px) 67vw, (max-width: 1362px) 62vw, 840px\" \/><figcaption class=\"blocks-gallery-item__caption\">www.markuskorenjak.com<\/figcaption><\/figure><\/li><li class=\"blocks-gallery-item\"><figure><img data-attachment-id=\"15849\" data-permalink=\"https:\/\/www.brg9.at\/web\/?attachment_id=15849\" data-orig-file=\"https:\/\/www.brg9.at\/web\/wp-content\/uploads\/2025\/06\/13-2025.06.05_KinderuniWien_SocialMediaAuswahl_@Kinderbu\u0308ro-der-Universita\u0308t-Wien_22-1_websize.jpg\" data-orig-size=\"1600,1067\" data-comments-opened=\"0\" data-image-meta=\"{&quot;aperture&quot;:&quot;1.4&quot;,&quot;credit&quot;:&quot;Markus Korenjak&quot;,&quot;camera&quot;:&quot;ILCE-7RM5&quot;,&quot;caption&quot;:&quot;www.markuskorenjak.com&quot;,&quot;created_timestamp&quot;:&quot;1749115073&quot;,&quot;copyright&quot;:&quot;Markus Korenjak&quot;,&quot;focal_length&quot;:&quot;85&quot;,&quot;iso&quot;:&quot;640&quot;,&quot;shutter_speed&quot;:&quot;0.004&quot;,&quot;title&quot;:&quot;Circle U. Climate Day an der Universit\\u00e4t Wien&quot;,&quot;orientation&quot;:&quot;1&quot;}\" data-image-title=\"Circle U. Climate Day an der Universit\u00e4t Wien\" data-image-description=\"\" data-medium-file=\"https:\/\/www.brg9.at\/web\/wp-content\/uploads\/2025\/06\/13-2025.06.05_KinderuniWien_SocialMediaAuswahl_@Kinderbu\u0308ro-der-Universita\u0308t-Wien_22-1_websize-596x397.jpg\" data-large-file=\"https:\/\/www.brg9.at\/web\/wp-content\/uploads\/2025\/06\/13-2025.06.05_KinderuniWien_SocialMediaAuswahl_@Kinderbu\u0308ro-der-Universita\u0308t-Wien_22-1_websize-1024x683.jpg\" loading=\"lazy\" width=\"1024\" height=\"683\" src=\"https:\/\/www.brg9.at\/web\/wp-content\/uploads\/2025\/06\/13-2025.06.05_KinderuniWien_SocialMediaAuswahl_@Kinderbu\u0308ro-der-Universita\u0308t-Wien_22-1_websize-1024x683.jpg\" alt=\"\" data-id=\"15849\" data-full-url=\"https:\/\/www.brg9.at\/web\/wp-content\/uploads\/2025\/06\/13-2025.06.05_KinderuniWien_SocialMediaAuswahl_@Kinderbu\u0308ro-der-Universita\u0308t-Wien_22-1_websize.jpg\" data-link=\"https:\/\/www.brg9.at\/web\/?attachment_id=15849\" class=\"wp-image-15849\" srcset=\"https:\/\/www.brg9.at\/web\/wp-content\/uploads\/2025\/06\/13-2025.06.05_KinderuniWien_SocialMediaAuswahl_@Kinderbu\u0308ro-der-Universita\u0308t-Wien_22-1_websize-1024x683.jpg 1024w, https:\/\/www.brg9.at\/web\/wp-content\/uploads\/2025\/06\/13-2025.06.05_KinderuniWien_SocialMediaAuswahl_@Kinderbu\u0308ro-der-Universita\u0308t-Wien_22-1_websize-596x397.jpg 596w, https:\/\/www.brg9.at\/web\/wp-content\/uploads\/2025\/06\/13-2025.06.05_KinderuniWien_SocialMediaAuswahl_@Kinderbu\u0308ro-der-Universita\u0308t-Wien_22-1_websize-1536x1024.jpg 1536w, https:\/\/www.brg9.at\/web\/wp-content\/uploads\/2025\/06\/13-2025.06.05_KinderuniWien_SocialMediaAuswahl_@Kinderbu\u0308ro-der-Universita\u0308t-Wien_22-1_websize-1200x800.jpg 1200w, https:\/\/www.brg9.at\/web\/wp-content\/uploads\/2025\/06\/13-2025.06.05_KinderuniWien_SocialMediaAuswahl_@Kinderbu\u0308ro-der-Universita\u0308t-Wien_22-1_websize.jpg 1600w\" sizes=\"(max-width: 709px) 85vw, (max-width: 909px) 67vw, (max-width: 1362px) 62vw, 840px\" \/><figcaption class=\"blocks-gallery-item__caption\">www.markuskorenjak.com<\/figcaption><\/figure><\/li><li class=\"blocks-gallery-item\"><figure><img data-attachment-id=\"15850\" data-permalink=\"https:\/\/www.brg9.at\/web\/?attachment_id=15850\" data-orig-file=\"https:\/\/www.brg9.at\/web\/wp-content\/uploads\/2025\/06\/14-2025.06.05_KinderuniWien_5.Nono_@Kinderbu\u0308ro-der-Universita\u0308t-Wien_05_websize.jpg\" data-orig-size=\"1067,1600\" data-comments-opened=\"0\" data-image-meta=\"{&quot;aperture&quot;:&quot;3.5&quot;,&quot;credit&quot;:&quot;Markus Korenjak&quot;,&quot;camera&quot;:&quot;ILCE-7RM5&quot;,&quot;caption&quot;:&quot;www.markuskorenjak.com&quot;,&quot;created_timestamp&quot;:&quot;1749115246&quot;,&quot;copyright&quot;:&quot;Markus Korenjak&quot;,&quot;focal_length&quot;:&quot;41&quot;,&quot;iso&quot;:&quot;1000&quot;,&quot;shutter_speed&quot;:&quot;0.0125&quot;,&quot;title&quot;:&quot;Circle U. Climate Day an der Universit\\u00e4t Wien&quot;,&quot;orientation&quot;:&quot;1&quot;}\" data-image-title=\"Circle U. Climate Day an der Universit\u00e4t Wien\" data-image-description=\"\" data-medium-file=\"https:\/\/www.brg9.at\/web\/wp-content\/uploads\/2025\/06\/14-2025.06.05_KinderuniWien_5.Nono_@Kinderbu\u0308ro-der-Universita\u0308t-Wien_05_websize-400x600.jpg\" data-large-file=\"https:\/\/www.brg9.at\/web\/wp-content\/uploads\/2025\/06\/14-2025.06.05_KinderuniWien_5.Nono_@Kinderbu\u0308ro-der-Universita\u0308t-Wien_05_websize-683x1024.jpg\" loading=\"lazy\" width=\"683\" height=\"1024\" src=\"https:\/\/www.brg9.at\/web\/wp-content\/uploads\/2025\/06\/14-2025.06.05_KinderuniWien_5.Nono_@Kinderbu\u0308ro-der-Universita\u0308t-Wien_05_websize-683x1024.jpg\" alt=\"\" data-id=\"15850\" data-full-url=\"https:\/\/www.brg9.at\/web\/wp-content\/uploads\/2025\/06\/14-2025.06.05_KinderuniWien_5.Nono_@Kinderbu\u0308ro-der-Universita\u0308t-Wien_05_websize.jpg\" data-link=\"https:\/\/www.brg9.at\/web\/?attachment_id=15850\" class=\"wp-image-15850\" srcset=\"https:\/\/www.brg9.at\/web\/wp-content\/uploads\/2025\/06\/14-2025.06.05_KinderuniWien_5.Nono_@Kinderbu\u0308ro-der-Universita\u0308t-Wien_05_websize-683x1024.jpg 683w, https:\/\/www.brg9.at\/web\/wp-content\/uploads\/2025\/06\/14-2025.06.05_KinderuniWien_5.Nono_@Kinderbu\u0308ro-der-Universita\u0308t-Wien_05_websize-400x600.jpg 400w, https:\/\/www.brg9.at\/web\/wp-content\/uploads\/2025\/06\/14-2025.06.05_KinderuniWien_5.Nono_@Kinderbu\u0308ro-der-Universita\u0308t-Wien_05_websize-1024x1536.jpg 1024w, https:\/\/www.brg9.at\/web\/wp-content\/uploads\/2025\/06\/14-2025.06.05_KinderuniWien_5.Nono_@Kinderbu\u0308ro-der-Universita\u0308t-Wien_05_websize.jpg 1067w\" sizes=\"(max-width: 709px) 85vw, (max-width: 909px) 67vw, (max-width: 984px) 61vw, (max-width: 1362px) 45vw, 600px\" \/><figcaption class=\"blocks-gallery-item__caption\">www.markuskorenjak.com<\/figcaption><\/figure><\/li><li class=\"blocks-gallery-item\"><figure><img data-attachment-id=\"15851\" data-permalink=\"https:\/\/www.brg9.at\/web\/?attachment_id=15851\" data-orig-file=\"https:\/\/www.brg9.at\/web\/wp-content\/uploads\/2025\/06\/15-2025.06.05_KinderuniWien_6.Alle-Change-Agents_@Kinderbu\u0308ro-der-Universita\u0308t-Wien_11_websize.jpg\" data-orig-size=\"1600,1067\" data-comments-opened=\"0\" data-image-meta=\"{&quot;aperture&quot;:&quot;2.8&quot;,&quot;credit&quot;:&quot;Markus Korenjak&quot;,&quot;camera&quot;:&quot;ILCE-7RM5&quot;,&quot;caption&quot;:&quot;www.markuskorenjak.com&quot;,&quot;created_timestamp&quot;:&quot;1749116036&quot;,&quot;copyright&quot;:&quot;Markus Korenjak&quot;,&quot;focal_length&quot;:&quot;70&quot;,&quot;iso&quot;:&quot;6400&quot;,&quot;shutter_speed&quot;:&quot;0.008&quot;,&quot;title&quot;:&quot;Circle U. Climate Day an der Universit\\u00e4t Wien&quot;,&quot;orientation&quot;:&quot;1&quot;}\" data-image-title=\"Circle U. Climate Day an der Universit\u00e4t Wien\" data-image-description=\"\" data-medium-file=\"https:\/\/www.brg9.at\/web\/wp-content\/uploads\/2025\/06\/15-2025.06.05_KinderuniWien_6.Alle-Change-Agents_@Kinderbu\u0308ro-der-Universita\u0308t-Wien_11_websize-596x397.jpg\" data-large-file=\"https:\/\/www.brg9.at\/web\/wp-content\/uploads\/2025\/06\/15-2025.06.05_KinderuniWien_6.Alle-Change-Agents_@Kinderbu\u0308ro-der-Universita\u0308t-Wien_11_websize-1024x683.jpg\" loading=\"lazy\" width=\"1024\" height=\"683\" src=\"https:\/\/www.brg9.at\/web\/wp-content\/uploads\/2025\/06\/15-2025.06.05_KinderuniWien_6.Alle-Change-Agents_@Kinderbu\u0308ro-der-Universita\u0308t-Wien_11_websize-1024x683.jpg\" alt=\"\" data-id=\"15851\" data-full-url=\"https:\/\/www.brg9.at\/web\/wp-content\/uploads\/2025\/06\/15-2025.06.05_KinderuniWien_6.Alle-Change-Agents_@Kinderbu\u0308ro-der-Universita\u0308t-Wien_11_websize.jpg\" data-link=\"https:\/\/www.brg9.at\/web\/?attachment_id=15851\" class=\"wp-image-15851\" srcset=\"https:\/\/www.brg9.at\/web\/wp-content\/uploads\/2025\/06\/15-2025.06.05_KinderuniWien_6.Alle-Change-Agents_@Kinderbu\u0308ro-der-Universita\u0308t-Wien_11_websize-1024x683.jpg 1024w, https:\/\/www.brg9.at\/web\/wp-content\/uploads\/2025\/06\/15-2025.06.05_KinderuniWien_6.Alle-Change-Agents_@Kinderbu\u0308ro-der-Universita\u0308t-Wien_11_websize-596x397.jpg 596w, https:\/\/www.brg9.at\/web\/wp-content\/uploads\/2025\/06\/15-2025.06.05_KinderuniWien_6.Alle-Change-Agents_@Kinderbu\u0308ro-der-Universita\u0308t-Wien_11_websize-1536x1024.jpg 1536w, https:\/\/www.brg9.at\/web\/wp-content\/uploads\/2025\/06\/15-2025.06.05_KinderuniWien_6.Alle-Change-Agents_@Kinderbu\u0308ro-der-Universita\u0308t-Wien_11_websize-1200x800.jpg 1200w, https:\/\/www.brg9.at\/web\/wp-content\/uploads\/2025\/06\/15-2025.06.05_KinderuniWien_6.Alle-Change-Agents_@Kinderbu\u0308ro-der-Universita\u0308t-Wien_11_websize.jpg 1600w\" sizes=\"(max-width: 709px) 85vw, (max-width: 909px) 67vw, (max-width: 1362px) 62vw, 840px\" \/><figcaption class=\"blocks-gallery-item__caption\">www.markuskorenjak.com<\/figcaption><\/figure><\/li><li class=\"blocks-gallery-item\"><figure><img data-attachment-id=\"15852\" data-permalink=\"https:\/\/www.brg9.at\/web\/?attachment_id=15852\" data-orig-file=\"https:\/\/www.brg9.at\/web\/wp-content\/uploads\/2025\/06\/16-2025.06.05_KinderuniWien_SocialMediaAuswahl_@Kinderbu\u0308ro-der-Universita\u0308t-Wien_24_websize.jpg\" data-orig-size=\"1600,1067\" data-comments-opened=\"0\" data-image-meta=\"{&quot;aperture&quot;:&quot;1.4&quot;,&quot;credit&quot;:&quot;Markus Korenjak&quot;,&quot;camera&quot;:&quot;ILCE-7RM5&quot;,&quot;caption&quot;:&quot;www.markuskorenjak.com&quot;,&quot;created_timestamp&quot;:&quot;1749116127&quot;,&quot;copyright&quot;:&quot;Markus Korenjak&quot;,&quot;focal_length&quot;:&quot;85&quot;,&quot;iso&quot;:&quot;1000&quot;,&quot;shutter_speed&quot;:&quot;0.004&quot;,&quot;title&quot;:&quot;Circle U. Climate Day an der Universit\\u00e4t Wien&quot;,&quot;orientation&quot;:&quot;1&quot;}\" data-image-title=\"Circle U. Climate Day an der Universit\u00e4t Wien\" data-image-description=\"\" data-medium-file=\"https:\/\/www.brg9.at\/web\/wp-content\/uploads\/2025\/06\/16-2025.06.05_KinderuniWien_SocialMediaAuswahl_@Kinderbu\u0308ro-der-Universita\u0308t-Wien_24_websize-596x397.jpg\" data-large-file=\"https:\/\/www.brg9.at\/web\/wp-content\/uploads\/2025\/06\/16-2025.06.05_KinderuniWien_SocialMediaAuswahl_@Kinderbu\u0308ro-der-Universita\u0308t-Wien_24_websize-1024x683.jpg\" loading=\"lazy\" width=\"1024\" height=\"683\" src=\"https:\/\/www.brg9.at\/web\/wp-content\/uploads\/2025\/06\/16-2025.06.05_KinderuniWien_SocialMediaAuswahl_@Kinderbu\u0308ro-der-Universita\u0308t-Wien_24_websize-1024x683.jpg\" alt=\"\" data-id=\"15852\" data-full-url=\"https:\/\/www.brg9.at\/web\/wp-content\/uploads\/2025\/06\/16-2025.06.05_KinderuniWien_SocialMediaAuswahl_@Kinderbu\u0308ro-der-Universita\u0308t-Wien_24_websize.jpg\" data-link=\"https:\/\/www.brg9.at\/web\/?attachment_id=15852\" class=\"wp-image-15852\" srcset=\"https:\/\/www.brg9.at\/web\/wp-content\/uploads\/2025\/06\/16-2025.06.05_KinderuniWien_SocialMediaAuswahl_@Kinderbu\u0308ro-der-Universita\u0308t-Wien_24_websize-1024x683.jpg 1024w, https:\/\/www.brg9.at\/web\/wp-content\/uploads\/2025\/06\/16-2025.06.05_KinderuniWien_SocialMediaAuswahl_@Kinderbu\u0308ro-der-Universita\u0308t-Wien_24_websize-596x397.jpg 596w, https:\/\/www.brg9.at\/web\/wp-content\/uploads\/2025\/06\/16-2025.06.05_KinderuniWien_SocialMediaAuswahl_@Kinderbu\u0308ro-der-Universita\u0308t-Wien_24_websize-1536x1024.jpg 1536w, https:\/\/www.brg9.at\/web\/wp-content\/uploads\/2025\/06\/16-2025.06.05_KinderuniWien_SocialMediaAuswahl_@Kinderbu\u0308ro-der-Universita\u0308t-Wien_24_websize-1200x800.jpg 1200w, https:\/\/www.brg9.at\/web\/wp-content\/uploads\/2025\/06\/16-2025.06.05_KinderuniWien_SocialMediaAuswahl_@Kinderbu\u0308ro-der-Universita\u0308t-Wien_24_websize.jpg 1600w\" sizes=\"(max-width: 709px) 85vw, (max-width: 909px) 67vw, (max-width: 1362px) 62vw, 840px\" \/><figcaption class=\"blocks-gallery-item__caption\">www.markuskorenjak.com<\/figcaption><\/figure><\/li><li class=\"blocks-gallery-item\"><figure><img data-attachment-id=\"15853\" data-permalink=\"https:\/\/www.brg9.at\/web\/?attachment_id=15853\" data-orig-file=\"https:\/\/www.brg9.at\/web\/wp-content\/uploads\/2025\/06\/17-2025.06.05_KinderuniWien_SocialMediaAuswahl_@Kinderbu\u0308ro-der-Universita\u0308t-Wien_27_websize.jpg\" data-orig-size=\"1600,1067\" data-comments-opened=\"0\" data-image-meta=\"{&quot;aperture&quot;:&quot;1.4&quot;,&quot;credit&quot;:&quot;Markus Korenjak&quot;,&quot;camera&quot;:&quot;ILCE-7RM5&quot;,&quot;caption&quot;:&quot;www.markuskorenjak.com&quot;,&quot;created_timestamp&quot;:&quot;1749116341&quot;,&quot;copyright&quot;:&quot;Markus Korenjak&quot;,&quot;focal_length&quot;:&quot;85&quot;,&quot;iso&quot;:&quot;3200&quot;,&quot;shutter_speed&quot;:&quot;0.004&quot;,&quot;title&quot;:&quot;Circle U. Climate Day an der Universit\\u00e4t Wien&quot;,&quot;orientation&quot;:&quot;1&quot;}\" data-image-title=\"Circle U. Climate Day an der Universit\u00e4t Wien\" data-image-description=\"\" data-medium-file=\"https:\/\/www.brg9.at\/web\/wp-content\/uploads\/2025\/06\/17-2025.06.05_KinderuniWien_SocialMediaAuswahl_@Kinderbu\u0308ro-der-Universita\u0308t-Wien_27_websize-596x397.jpg\" data-large-file=\"https:\/\/www.brg9.at\/web\/wp-content\/uploads\/2025\/06\/17-2025.06.05_KinderuniWien_SocialMediaAuswahl_@Kinderbu\u0308ro-der-Universita\u0308t-Wien_27_websize-1024x683.jpg\" loading=\"lazy\" width=\"1024\" height=\"683\" src=\"https:\/\/www.brg9.at\/web\/wp-content\/uploads\/2025\/06\/17-2025.06.05_KinderuniWien_SocialMediaAuswahl_@Kinderbu\u0308ro-der-Universita\u0308t-Wien_27_websize-1024x683.jpg\" alt=\"\" data-id=\"15853\" data-full-url=\"https:\/\/www.brg9.at\/web\/wp-content\/uploads\/2025\/06\/17-2025.06.05_KinderuniWien_SocialMediaAuswahl_@Kinderbu\u0308ro-der-Universita\u0308t-Wien_27_websize.jpg\" data-link=\"https:\/\/www.brg9.at\/web\/?attachment_id=15853\" class=\"wp-image-15853\" srcset=\"https:\/\/www.brg9.at\/web\/wp-content\/uploads\/2025\/06\/17-2025.06.05_KinderuniWien_SocialMediaAuswahl_@Kinderbu\u0308ro-der-Universita\u0308t-Wien_27_websize-1024x683.jpg 1024w, https:\/\/www.brg9.at\/web\/wp-content\/uploads\/2025\/06\/17-2025.06.05_KinderuniWien_SocialMediaAuswahl_@Kinderbu\u0308ro-der-Universita\u0308t-Wien_27_websize-596x397.jpg 596w, https:\/\/www.brg9.at\/web\/wp-content\/uploads\/2025\/06\/17-2025.06.05_KinderuniWien_SocialMediaAuswahl_@Kinderbu\u0308ro-der-Universita\u0308t-Wien_27_websize-1536x1024.jpg 1536w, https:\/\/www.brg9.at\/web\/wp-content\/uploads\/2025\/06\/17-2025.06.05_KinderuniWien_SocialMediaAuswahl_@Kinderbu\u0308ro-der-Universita\u0308t-Wien_27_websize-1200x800.jpg 1200w, https:\/\/www.brg9.at\/web\/wp-content\/uploads\/2025\/06\/17-2025.06.05_KinderuniWien_SocialMediaAuswahl_@Kinderbu\u0308ro-der-Universita\u0308t-Wien_27_websize.jpg 1600w\" sizes=\"(max-width: 709px) 85vw, (max-width: 909px) 67vw, (max-width: 1362px) 62vw, 840px\" \/><figcaption class=\"blocks-gallery-item__caption\">www.markuskorenjak.com<\/figcaption><\/figure><\/li><li class=\"blocks-gallery-item\"><figure><img data-attachment-id=\"15854\" data-permalink=\"https:\/\/www.brg9.at\/web\/?attachment_id=15854\" data-orig-file=\"https:\/\/www.brg9.at\/web\/wp-content\/uploads\/2025\/06\/18-2025.06.05_KinderuniWien_6.Alle-Change-Agents_@Kinderbu\u0308ro-der-Universita\u0308t-Wien_22_websize.jpg\" data-orig-size=\"1600,1067\" data-comments-opened=\"0\" data-image-meta=\"{&quot;aperture&quot;:&quot;1.4&quot;,&quot;credit&quot;:&quot;Markus Korenjak&quot;,&quot;camera&quot;:&quot;ILCE-7RM5&quot;,&quot;caption&quot;:&quot;www.markuskorenjak.com&quot;,&quot;created_timestamp&quot;:&quot;1749116352&quot;,&quot;copyright&quot;:&quot;Markus Korenjak&quot;,&quot;focal_length&quot;:&quot;85&quot;,&quot;iso&quot;:&quot;1250&quot;,&quot;shutter_speed&quot;:&quot;0.004&quot;,&quot;title&quot;:&quot;Circle U. Climate Day an der Universit\\u00e4t Wien&quot;,&quot;orientation&quot;:&quot;1&quot;}\" data-image-title=\"Circle U. Climate Day an der Universit\u00e4t Wien\" data-image-description=\"\" data-medium-file=\"https:\/\/www.brg9.at\/web\/wp-content\/uploads\/2025\/06\/18-2025.06.05_KinderuniWien_6.Alle-Change-Agents_@Kinderbu\u0308ro-der-Universita\u0308t-Wien_22_websize-596x397.jpg\" data-large-file=\"https:\/\/www.brg9.at\/web\/wp-content\/uploads\/2025\/06\/18-2025.06.05_KinderuniWien_6.Alle-Change-Agents_@Kinderbu\u0308ro-der-Universita\u0308t-Wien_22_websize-1024x683.jpg\" loading=\"lazy\" width=\"1024\" height=\"683\" src=\"https:\/\/www.brg9.at\/web\/wp-content\/uploads\/2025\/06\/18-2025.06.05_KinderuniWien_6.Alle-Change-Agents_@Kinderbu\u0308ro-der-Universita\u0308t-Wien_22_websize-1024x683.jpg\" alt=\"\" data-id=\"15854\" data-full-url=\"https:\/\/www.brg9.at\/web\/wp-content\/uploads\/2025\/06\/18-2025.06.05_KinderuniWien_6.Alle-Change-Agents_@Kinderbu\u0308ro-der-Universita\u0308t-Wien_22_websize.jpg\" data-link=\"https:\/\/www.brg9.at\/web\/?attachment_id=15854\" class=\"wp-image-15854\" srcset=\"https:\/\/www.brg9.at\/web\/wp-content\/uploads\/2025\/06\/18-2025.06.05_KinderuniWien_6.Alle-Change-Agents_@Kinderbu\u0308ro-der-Universita\u0308t-Wien_22_websize-1024x683.jpg 1024w, https:\/\/www.brg9.at\/web\/wp-content\/uploads\/2025\/06\/18-2025.06.05_KinderuniWien_6.Alle-Change-Agents_@Kinderbu\u0308ro-der-Universita\u0308t-Wien_22_websize-596x397.jpg 596w, https:\/\/www.brg9.at\/web\/wp-content\/uploads\/2025\/06\/18-2025.06.05_KinderuniWien_6.Alle-Change-Agents_@Kinderbu\u0308ro-der-Universita\u0308t-Wien_22_websize-1536x1024.jpg 1536w, https:\/\/www.brg9.at\/web\/wp-content\/uploads\/2025\/06\/18-2025.06.05_KinderuniWien_6.Alle-Change-Agents_@Kinderbu\u0308ro-der-Universita\u0308t-Wien_22_websize-1200x800.jpg 1200w, https:\/\/www.brg9.at\/web\/wp-content\/uploads\/2025\/06\/18-2025.06.05_KinderuniWien_6.Alle-Change-Agents_@Kinderbu\u0308ro-der-Universita\u0308t-Wien_22_websize.jpg 1600w\" sizes=\"(max-width: 709px) 85vw, (max-width: 909px) 67vw, (max-width: 1362px) 62vw, 840px\" \/><figcaption class=\"blocks-gallery-item__caption\">www.markuskorenjak.com<\/figcaption><\/figure><\/li><li class=\"blocks-gallery-item\"><figure><img data-attachment-id=\"15855\" data-permalink=\"https:\/\/www.brg9.at\/web\/?attachment_id=15855\" data-orig-file=\"https:\/\/www.brg9.at\/web\/wp-content\/uploads\/2025\/06\/19-2025.06.05_KinderuniWien_SocialMediaAuswahl_@Kinderbu\u0308ro-der-Universita\u0308t-Wien_26_websize.jpg\" data-orig-size=\"1600,1067\" data-comments-opened=\"0\" data-image-meta=\"{&quot;aperture&quot;:&quot;2.8&quot;,&quot;credit&quot;:&quot;Markus Korenjak&quot;,&quot;camera&quot;:&quot;ILCE-7RM5&quot;,&quot;caption&quot;:&quot;www.markuskorenjak.com&quot;,&quot;created_timestamp&quot;:&quot;1749116303&quot;,&quot;copyright&quot;:&quot;Markus Korenjak&quot;,&quot;focal_length&quot;:&quot;29&quot;,&quot;iso&quot;:&quot;3200&quot;,&quot;shutter_speed&quot;:&quot;0.004&quot;,&quot;title&quot;:&quot;Circle U. Climate Day an der Universit\\u00e4t Wien&quot;,&quot;orientation&quot;:&quot;1&quot;}\" data-image-title=\"Circle U. Climate Day an der Universit\u00e4t Wien\" data-image-description=\"\" data-medium-file=\"https:\/\/www.brg9.at\/web\/wp-content\/uploads\/2025\/06\/19-2025.06.05_KinderuniWien_SocialMediaAuswahl_@Kinderbu\u0308ro-der-Universita\u0308t-Wien_26_websize-596x397.jpg\" data-large-file=\"https:\/\/www.brg9.at\/web\/wp-content\/uploads\/2025\/06\/19-2025.06.05_KinderuniWien_SocialMediaAuswahl_@Kinderbu\u0308ro-der-Universita\u0308t-Wien_26_websize-1024x683.jpg\" loading=\"lazy\" width=\"1024\" height=\"683\" src=\"https:\/\/www.brg9.at\/web\/wp-content\/uploads\/2025\/06\/19-2025.06.05_KinderuniWien_SocialMediaAuswahl_@Kinderbu\u0308ro-der-Universita\u0308t-Wien_26_websize-1024x683.jpg\" alt=\"\" data-id=\"15855\" data-full-url=\"https:\/\/www.brg9.at\/web\/wp-content\/uploads\/2025\/06\/19-2025.06.05_KinderuniWien_SocialMediaAuswahl_@Kinderbu\u0308ro-der-Universita\u0308t-Wien_26_websize.jpg\" data-link=\"https:\/\/www.brg9.at\/web\/?attachment_id=15855\" class=\"wp-image-15855\" srcset=\"https:\/\/www.brg9.at\/web\/wp-content\/uploads\/2025\/06\/19-2025.06.05_KinderuniWien_SocialMediaAuswahl_@Kinderbu\u0308ro-der-Universita\u0308t-Wien_26_websize-1024x683.jpg 1024w, https:\/\/www.brg9.at\/web\/wp-content\/uploads\/2025\/06\/19-2025.06.05_KinderuniWien_SocialMediaAuswahl_@Kinderbu\u0308ro-der-Universita\u0308t-Wien_26_websize-596x397.jpg 596w, https:\/\/www.brg9.at\/web\/wp-content\/uploads\/2025\/06\/19-2025.06.05_KinderuniWien_SocialMediaAuswahl_@Kinderbu\u0308ro-der-Universita\u0308t-Wien_26_websize-1536x1024.jpg 1536w, https:\/\/www.brg9.at\/web\/wp-content\/uploads\/2025\/06\/19-2025.06.05_KinderuniWien_SocialMediaAuswahl_@Kinderbu\u0308ro-der-Universita\u0308t-Wien_26_websize-1200x800.jpg 1200w, https:\/\/www.brg9.at\/web\/wp-content\/uploads\/2025\/06\/19-2025.06.05_KinderuniWien_SocialMediaAuswahl_@Kinderbu\u0308ro-der-Universita\u0308t-Wien_26_websize.jpg 1600w\" sizes=\"(max-width: 709px) 85vw, (max-width: 909px) 67vw, (max-width: 1362px) 62vw, 840px\" \/><figcaption class=\"blocks-gallery-item__caption\">www.markuskorenjak.com<\/figcaption><\/figure><\/li><li class=\"blocks-gallery-item\"><figure><img data-attachment-id=\"15856\" data-permalink=\"https:\/\/www.brg9.at\/web\/?attachment_id=15856\" data-orig-file=\"https:\/\/www.brg9.at\/web\/wp-content\/uploads\/2025\/06\/20-2025.06.05_KinderuniWien_SocialMediaAuswahl_@Kinderbu\u0308ro-der-Universita\u0308t-Wien_29_websize.jpg\" data-orig-size=\"1600,1067\" data-comments-opened=\"0\" data-image-meta=\"{&quot;aperture&quot;:&quot;2.8&quot;,&quot;credit&quot;:&quot;Markus Korenjak&quot;,&quot;camera&quot;:&quot;ILCE-7RM5&quot;,&quot;caption&quot;:&quot;www.markuskorenjak.com&quot;,&quot;created_timestamp&quot;:&quot;1749116631&quot;,&quot;copyright&quot;:&quot;Markus Korenjak&quot;,&quot;focal_length&quot;:&quot;24&quot;,&quot;iso&quot;:&quot;1000&quot;,&quot;shutter_speed&quot;:&quot;0.004&quot;,&quot;title&quot;:&quot;Circle U. Climate Day an der Universit\\u00e4t Wien&quot;,&quot;orientation&quot;:&quot;1&quot;}\" data-image-title=\"Circle U. Climate Day an der Universit\u00e4t Wien\" data-image-description=\"\" data-medium-file=\"https:\/\/www.brg9.at\/web\/wp-content\/uploads\/2025\/06\/20-2025.06.05_KinderuniWien_SocialMediaAuswahl_@Kinderbu\u0308ro-der-Universita\u0308t-Wien_29_websize-596x397.jpg\" data-large-file=\"https:\/\/www.brg9.at\/web\/wp-content\/uploads\/2025\/06\/20-2025.06.05_KinderuniWien_SocialMediaAuswahl_@Kinderbu\u0308ro-der-Universita\u0308t-Wien_29_websize-1024x683.jpg\" loading=\"lazy\" width=\"1024\" height=\"683\" src=\"https:\/\/www.brg9.at\/web\/wp-content\/uploads\/2025\/06\/20-2025.06.05_KinderuniWien_SocialMediaAuswahl_@Kinderbu\u0308ro-der-Universita\u0308t-Wien_29_websize-1024x683.jpg\" alt=\"\" data-id=\"15856\" data-full-url=\"https:\/\/www.brg9.at\/web\/wp-content\/uploads\/2025\/06\/20-2025.06.05_KinderuniWien_SocialMediaAuswahl_@Kinderbu\u0308ro-der-Universita\u0308t-Wien_29_websize.jpg\" data-link=\"https:\/\/www.brg9.at\/web\/?attachment_id=15856\" class=\"wp-image-15856\" srcset=\"https:\/\/www.brg9.at\/web\/wp-content\/uploads\/2025\/06\/20-2025.06.05_KinderuniWien_SocialMediaAuswahl_@Kinderbu\u0308ro-der-Universita\u0308t-Wien_29_websize-1024x683.jpg 1024w, https:\/\/www.brg9.at\/web\/wp-content\/uploads\/2025\/06\/20-2025.06.05_KinderuniWien_SocialMediaAuswahl_@Kinderbu\u0308ro-der-Universita\u0308t-Wien_29_websize-596x397.jpg 596w, https:\/\/www.brg9.at\/web\/wp-content\/uploads\/2025\/06\/20-2025.06.05_KinderuniWien_SocialMediaAuswahl_@Kinderbu\u0308ro-der-Universita\u0308t-Wien_29_websize-1536x1024.jpg 1536w, https:\/\/www.brg9.at\/web\/wp-content\/uploads\/2025\/06\/20-2025.06.05_KinderuniWien_SocialMediaAuswahl_@Kinderbu\u0308ro-der-Universita\u0308t-Wien_29_websize-1200x800.jpg 1200w, https:\/\/www.brg9.at\/web\/wp-content\/uploads\/2025\/06\/20-2025.06.05_KinderuniWien_SocialMediaAuswahl_@Kinderbu\u0308ro-der-Universita\u0308t-Wien_29_websize.jpg 1600w\" sizes=\"(max-width: 709px) 85vw, (max-width: 909px) 67vw, (max-width: 1362px) 62vw, 840px\" \/><figcaption class=\"blocks-gallery-item__caption\">www.markuskorenjak.com<\/figcaption><\/figure><\/li><li class=\"blocks-gallery-item\"><figure><img data-attachment-id=\"15857\" data-permalink=\"https:\/\/www.brg9.at\/web\/?attachment_id=15857\" data-orig-file=\"https:\/\/www.brg9.at\/web\/wp-content\/uploads\/2025\/06\/21-2025.06.05_KinderuniWien_7.Marktstand_@Kinderbu\u0308ro-der-Universita\u0308t-Wien_20_websize.jpg\" data-orig-size=\"1600,1067\" data-comments-opened=\"0\" data-image-meta=\"{&quot;aperture&quot;:&quot;3.5&quot;,&quot;credit&quot;:&quot;Markus Korenjak&quot;,&quot;camera&quot;:&quot;ILCE-7RM5&quot;,&quot;caption&quot;:&quot;www.markuskorenjak.com&quot;,&quot;created_timestamp&quot;:&quot;1749119241&quot;,&quot;copyright&quot;:&quot;Markus Korenjak&quot;,&quot;focal_length&quot;:&quot;26&quot;,&quot;iso&quot;:&quot;800&quot;,&quot;shutter_speed&quot;:&quot;0.004&quot;,&quot;title&quot;:&quot;Circle U. Climate Day an der Universit\\u00e4t Wien&quot;,&quot;orientation&quot;:&quot;1&quot;}\" data-image-title=\"Circle U. Climate Day an der Universit\u00e4t Wien\" data-image-description=\"\" data-medium-file=\"https:\/\/www.brg9.at\/web\/wp-content\/uploads\/2025\/06\/21-2025.06.05_KinderuniWien_7.Marktstand_@Kinderbu\u0308ro-der-Universita\u0308t-Wien_20_websize-596x397.jpg\" data-large-file=\"https:\/\/www.brg9.at\/web\/wp-content\/uploads\/2025\/06\/21-2025.06.05_KinderuniWien_7.Marktstand_@Kinderbu\u0308ro-der-Universita\u0308t-Wien_20_websize-1024x683.jpg\" loading=\"lazy\" width=\"1024\" height=\"683\" src=\"https:\/\/www.brg9.at\/web\/wp-content\/uploads\/2025\/06\/21-2025.06.05_KinderuniWien_7.Marktstand_@Kinderbu\u0308ro-der-Universita\u0308t-Wien_20_websize-1024x683.jpg\" alt=\"\" data-id=\"15857\" data-full-url=\"https:\/\/www.brg9.at\/web\/wp-content\/uploads\/2025\/06\/21-2025.06.05_KinderuniWien_7.Marktstand_@Kinderbu\u0308ro-der-Universita\u0308t-Wien_20_websize.jpg\" data-link=\"https:\/\/www.brg9.at\/web\/?attachment_id=15857\" class=\"wp-image-15857\" srcset=\"https:\/\/www.brg9.at\/web\/wp-content\/uploads\/2025\/06\/21-2025.06.05_KinderuniWien_7.Marktstand_@Kinderbu\u0308ro-der-Universita\u0308t-Wien_20_websize-1024x683.jpg 1024w, https:\/\/www.brg9.at\/web\/wp-content\/uploads\/2025\/06\/21-2025.06.05_KinderuniWien_7.Marktstand_@Kinderbu\u0308ro-der-Universita\u0308t-Wien_20_websize-596x397.jpg 596w, https:\/\/www.brg9.at\/web\/wp-content\/uploads\/2025\/06\/21-2025.06.05_KinderuniWien_7.Marktstand_@Kinderbu\u0308ro-der-Universita\u0308t-Wien_20_websize-1536x1024.jpg 1536w, https:\/\/www.brg9.at\/web\/wp-content\/uploads\/2025\/06\/21-2025.06.05_KinderuniWien_7.Marktstand_@Kinderbu\u0308ro-der-Universita\u0308t-Wien_20_websize-1200x800.jpg 1200w, https:\/\/www.brg9.at\/web\/wp-content\/uploads\/2025\/06\/21-2025.06.05_KinderuniWien_7.Marktstand_@Kinderbu\u0308ro-der-Universita\u0308t-Wien_20_websize.jpg 1600w\" sizes=\"(max-width: 709px) 85vw, (max-width: 909px) 67vw, (max-width: 1362px) 62vw, 840px\" \/><figcaption class=\"blocks-gallery-item__caption\">www.markuskorenjak.com<\/figcaption><\/figure><\/li><li class=\"blocks-gallery-item\"><figure><img data-attachment-id=\"15858\" data-permalink=\"https:\/\/www.brg9.at\/web\/?attachment_id=15858\" data-orig-file=\"https:\/\/www.brg9.at\/web\/wp-content\/uploads\/2025\/06\/22-2025.06.05_KinderuniWien_SocialMediaAuswahl_@Kinderbu\u0308ro-der-Universita\u0308t-Wien_32-1_websize.jpg\" data-orig-size=\"1600,1067\" data-comments-opened=\"0\" data-image-meta=\"{&quot;aperture&quot;:&quot;2.8&quot;,&quot;credit&quot;:&quot;Markus Korenjak&quot;,&quot;camera&quot;:&quot;ILCE-7RM5&quot;,&quot;caption&quot;:&quot;www.markuskorenjak.com&quot;,&quot;created_timestamp&quot;:&quot;1749119300&quot;,&quot;copyright&quot;:&quot;Markus Korenjak&quot;,&quot;focal_length&quot;:&quot;24&quot;,&quot;iso&quot;:&quot;800&quot;,&quot;shutter_speed&quot;:&quot;0.004&quot;,&quot;title&quot;:&quot;Circle U. Climate Day an der Universit\\u00e4t Wien&quot;,&quot;orientation&quot;:&quot;1&quot;}\" data-image-title=\"Circle U. Climate Day an der Universit\u00e4t Wien\" data-image-description=\"\" data-medium-file=\"https:\/\/www.brg9.at\/web\/wp-content\/uploads\/2025\/06\/22-2025.06.05_KinderuniWien_SocialMediaAuswahl_@Kinderbu\u0308ro-der-Universita\u0308t-Wien_32-1_websize-596x397.jpg\" data-large-file=\"https:\/\/www.brg9.at\/web\/wp-content\/uploads\/2025\/06\/22-2025.06.05_KinderuniWien_SocialMediaAuswahl_@Kinderbu\u0308ro-der-Universita\u0308t-Wien_32-1_websize-1024x683.jpg\" loading=\"lazy\" width=\"1024\" height=\"683\" src=\"https:\/\/www.brg9.at\/web\/wp-content\/uploads\/2025\/06\/22-2025.06.05_KinderuniWien_SocialMediaAuswahl_@Kinderbu\u0308ro-der-Universita\u0308t-Wien_32-1_websize-1024x683.jpg\" alt=\"\" data-id=\"15858\" data-full-url=\"https:\/\/www.brg9.at\/web\/wp-content\/uploads\/2025\/06\/22-2025.06.05_KinderuniWien_SocialMediaAuswahl_@Kinderbu\u0308ro-der-Universita\u0308t-Wien_32-1_websize.jpg\" data-link=\"https:\/\/www.brg9.at\/web\/?attachment_id=15858\" class=\"wp-image-15858\" srcset=\"https:\/\/www.brg9.at\/web\/wp-content\/uploads\/2025\/06\/22-2025.06.05_KinderuniWien_SocialMediaAuswahl_@Kinderbu\u0308ro-der-Universita\u0308t-Wien_32-1_websize-1024x683.jpg 1024w, https:\/\/www.brg9.at\/web\/wp-content\/uploads\/2025\/06\/22-2025.06.05_KinderuniWien_SocialMediaAuswahl_@Kinderbu\u0308ro-der-Universita\u0308t-Wien_32-1_websize-596x397.jpg 596w, https:\/\/www.brg9.at\/web\/wp-content\/uploads\/2025\/06\/22-2025.06.05_KinderuniWien_SocialMediaAuswahl_@Kinderbu\u0308ro-der-Universita\u0308t-Wien_32-1_websize-1536x1024.jpg 1536w, https:\/\/www.brg9.at\/web\/wp-content\/uploads\/2025\/06\/22-2025.06.05_KinderuniWien_SocialMediaAuswahl_@Kinderbu\u0308ro-der-Universita\u0308t-Wien_32-1_websize-1200x800.jpg 1200w, https:\/\/www.brg9.at\/web\/wp-content\/uploads\/2025\/06\/22-2025.06.05_KinderuniWien_SocialMediaAuswahl_@Kinderbu\u0308ro-der-Universita\u0308t-Wien_32-1_websize.jpg 1600w\" sizes=\"(max-width: 709px) 85vw, (max-width: 909px) 67vw, (max-width: 1362px) 62vw, 840px\" \/><figcaption class=\"blocks-gallery-item__caption\">www.markuskorenjak.com<\/figcaption><\/figure><\/li><li class=\"blocks-gallery-item\"><figure><img data-attachment-id=\"15859\" data-permalink=\"https:\/\/www.brg9.at\/web\/?attachment_id=15859\" data-orig-file=\"https:\/\/www.brg9.at\/web\/wp-content\/uploads\/2025\/06\/23-2025.06.05_KinderuniWien_SocialMediaAuswahl_@Kinderbu\u0308ro-der-Universita\u0308t-Wien_35_websize.jpg\" data-orig-size=\"1600,1067\" data-comments-opened=\"0\" data-image-meta=\"{&quot;aperture&quot;:&quot;3.5&quot;,&quot;credit&quot;:&quot;Markus Korenjak&quot;,&quot;camera&quot;:&quot;ILCE-7RM5&quot;,&quot;caption&quot;:&quot;www.markuskorenjak.com&quot;,&quot;created_timestamp&quot;:&quot;1749119195&quot;,&quot;copyright&quot;:&quot;Markus Korenjak&quot;,&quot;focal_length&quot;:&quot;28&quot;,&quot;iso&quot;:&quot;1000&quot;,&quot;shutter_speed&quot;:&quot;0.004&quot;,&quot;title&quot;:&quot;Circle U. Climate Day an der Universit\\u00e4t Wien&quot;,&quot;orientation&quot;:&quot;1&quot;}\" data-image-title=\"Circle U. Climate Day an der Universit\u00e4t Wien\" data-image-description=\"\" data-medium-file=\"https:\/\/www.brg9.at\/web\/wp-content\/uploads\/2025\/06\/23-2025.06.05_KinderuniWien_SocialMediaAuswahl_@Kinderbu\u0308ro-der-Universita\u0308t-Wien_35_websize-596x397.jpg\" data-large-file=\"https:\/\/www.brg9.at\/web\/wp-content\/uploads\/2025\/06\/23-2025.06.05_KinderuniWien_SocialMediaAuswahl_@Kinderbu\u0308ro-der-Universita\u0308t-Wien_35_websize-1024x683.jpg\" loading=\"lazy\" width=\"1024\" height=\"683\" src=\"https:\/\/www.brg9.at\/web\/wp-content\/uploads\/2025\/06\/23-2025.06.05_KinderuniWien_SocialMediaAuswahl_@Kinderbu\u0308ro-der-Universita\u0308t-Wien_35_websize-1024x683.jpg\" alt=\"\" data-id=\"15859\" data-full-url=\"https:\/\/www.brg9.at\/web\/wp-content\/uploads\/2025\/06\/23-2025.06.05_KinderuniWien_SocialMediaAuswahl_@Kinderbu\u0308ro-der-Universita\u0308t-Wien_35_websize.jpg\" data-link=\"https:\/\/www.brg9.at\/web\/?attachment_id=15859\" class=\"wp-image-15859\" srcset=\"https:\/\/www.brg9.at\/web\/wp-content\/uploads\/2025\/06\/23-2025.06.05_KinderuniWien_SocialMediaAuswahl_@Kinderbu\u0308ro-der-Universita\u0308t-Wien_35_websize-1024x683.jpg 1024w, https:\/\/www.brg9.at\/web\/wp-content\/uploads\/2025\/06\/23-2025.06.05_KinderuniWien_SocialMediaAuswahl_@Kinderbu\u0308ro-der-Universita\u0308t-Wien_35_websize-596x397.jpg 596w, https:\/\/www.brg9.at\/web\/wp-content\/uploads\/2025\/06\/23-2025.06.05_KinderuniWien_SocialMediaAuswahl_@Kinderbu\u0308ro-der-Universita\u0308t-Wien_35_websize-1536x1024.jpg 1536w, https:\/\/www.brg9.at\/web\/wp-content\/uploads\/2025\/06\/23-2025.06.05_KinderuniWien_SocialMediaAuswahl_@Kinderbu\u0308ro-der-Universita\u0308t-Wien_35_websize-1200x800.jpg 1200w, https:\/\/www.brg9.at\/web\/wp-content\/uploads\/2025\/06\/23-2025.06.05_KinderuniWien_SocialMediaAuswahl_@Kinderbu\u0308ro-der-Universita\u0308t-Wien_35_websize.jpg 1600w\" sizes=\"(max-width: 709px) 85vw, (max-width: 909px) 67vw, (max-width: 1362px) 62vw, 840px\" \/><figcaption class=\"blocks-gallery-item__caption\">www.markuskorenjak.com<\/figcaption><\/figure><\/li><li class=\"blocks-gallery-item\"><figure><img data-attachment-id=\"15860\" data-permalink=\"https:\/\/www.brg9.at\/web\/?attachment_id=15860\" data-orig-file=\"https:\/\/www.brg9.at\/web\/wp-content\/uploads\/2025\/06\/24-2025.06.05_KinderuniWien_SocialMediaAuswahl_@Kinderbu\u0308ro-der-Universita\u0308t-Wien_36_websize.jpg\" data-orig-size=\"1600,1067\" data-comments-opened=\"0\" data-image-meta=\"{&quot;aperture&quot;:&quot;3.5&quot;,&quot;credit&quot;:&quot;Markus Korenjak&quot;,&quot;camera&quot;:&quot;ILCE-7RM5&quot;,&quot;caption&quot;:&quot;www.markuskorenjak.com&quot;,&quot;created_timestamp&quot;:&quot;1749119227&quot;,&quot;copyright&quot;:&quot;Markus Korenjak&quot;,&quot;focal_length&quot;:&quot;27&quot;,&quot;iso&quot;:&quot;1000&quot;,&quot;shutter_speed&quot;:&quot;0.004&quot;,&quot;title&quot;:&quot;Circle U. Climate Day an der Universit\\u00e4t Wien&quot;,&quot;orientation&quot;:&quot;1&quot;}\" data-image-title=\"Circle U. Climate Day an der Universit\u00e4t Wien\" data-image-description=\"\" data-medium-file=\"https:\/\/www.brg9.at\/web\/wp-content\/uploads\/2025\/06\/24-2025.06.05_KinderuniWien_SocialMediaAuswahl_@Kinderbu\u0308ro-der-Universita\u0308t-Wien_36_websize-596x397.jpg\" data-large-file=\"https:\/\/www.brg9.at\/web\/wp-content\/uploads\/2025\/06\/24-2025.06.05_KinderuniWien_SocialMediaAuswahl_@Kinderbu\u0308ro-der-Universita\u0308t-Wien_36_websize-1024x683.jpg\" loading=\"lazy\" width=\"1024\" height=\"683\" src=\"https:\/\/www.brg9.at\/web\/wp-content\/uploads\/2025\/06\/24-2025.06.05_KinderuniWien_SocialMediaAuswahl_@Kinderbu\u0308ro-der-Universita\u0308t-Wien_36_websize-1024x683.jpg\" alt=\"\" data-id=\"15860\" data-full-url=\"https:\/\/www.brg9.at\/web\/wp-content\/uploads\/2025\/06\/24-2025.06.05_KinderuniWien_SocialMediaAuswahl_@Kinderbu\u0308ro-der-Universita\u0308t-Wien_36_websize.jpg\" data-link=\"https:\/\/www.brg9.at\/web\/?attachment_id=15860\" class=\"wp-image-15860\" srcset=\"https:\/\/www.brg9.at\/web\/wp-content\/uploads\/2025\/06\/24-2025.06.05_KinderuniWien_SocialMediaAuswahl_@Kinderbu\u0308ro-der-Universita\u0308t-Wien_36_websize-1024x683.jpg 1024w, https:\/\/www.brg9.at\/web\/wp-content\/uploads\/2025\/06\/24-2025.06.05_KinderuniWien_SocialMediaAuswahl_@Kinderbu\u0308ro-der-Universita\u0308t-Wien_36_websize-596x397.jpg 596w, https:\/\/www.brg9.at\/web\/wp-content\/uploads\/2025\/06\/24-2025.06.05_KinderuniWien_SocialMediaAuswahl_@Kinderbu\u0308ro-der-Universita\u0308t-Wien_36_websize-1536x1024.jpg 1536w, https:\/\/www.brg9.at\/web\/wp-content\/uploads\/2025\/06\/24-2025.06.05_KinderuniWien_SocialMediaAuswahl_@Kinderbu\u0308ro-der-Universita\u0308t-Wien_36_websize-1200x800.jpg 1200w, https:\/\/www.brg9.at\/web\/wp-content\/uploads\/2025\/06\/24-2025.06.05_KinderuniWien_SocialMediaAuswahl_@Kinderbu\u0308ro-der-Universita\u0308t-Wien_36_websize.jpg 1600w\" sizes=\"(max-width: 709px) 85vw, (max-width: 909px) 67vw, (max-width: 1362px) 62vw, 840px\" \/><figcaption class=\"blocks-gallery-item__caption\">www.markuskorenjak.com<\/figcaption><\/figure><\/li><li class=\"blocks-gallery-item\"><figure><img data-attachment-id=\"15861\" data-permalink=\"https:\/\/www.brg9.at\/web\/?attachment_id=15861\" data-orig-file=\"https:\/\/www.brg9.at\/web\/wp-content\/uploads\/2025\/06\/25-2025.06.05_KinderuniWien_SocialMediaAuswahl_@Kinderbu\u0308ro-der-Universita\u0308t-Wien_34-1_websize.jpg\" data-orig-size=\"1600,1006\" data-comments-opened=\"0\" data-image-meta=\"{&quot;aperture&quot;:&quot;3.5&quot;,&quot;credit&quot;:&quot;Markus Korenjak&quot;,&quot;camera&quot;:&quot;ILCE-7RM5&quot;,&quot;caption&quot;:&quot;www.markuskorenjak.com&quot;,&quot;created_timestamp&quot;:&quot;1749118591&quot;,&quot;copyright&quot;:&quot;Markus Korenjak&quot;,&quot;focal_length&quot;:&quot;24&quot;,&quot;iso&quot;:&quot;800&quot;,&quot;shutter_speed&quot;:&quot;0.004&quot;,&quot;title&quot;:&quot;Circle U. Climate Day an der Universit\\u00e4t Wien&quot;,&quot;orientation&quot;:&quot;1&quot;}\" data-image-title=\"Circle U. Climate Day an der Universit\u00e4t Wien\" data-image-description=\"\" data-medium-file=\"https:\/\/www.brg9.at\/web\/wp-content\/uploads\/2025\/06\/25-2025.06.05_KinderuniWien_SocialMediaAuswahl_@Kinderbu\u0308ro-der-Universita\u0308t-Wien_34-1_websize-596x375.jpg\" data-large-file=\"https:\/\/www.brg9.at\/web\/wp-content\/uploads\/2025\/06\/25-2025.06.05_KinderuniWien_SocialMediaAuswahl_@Kinderbu\u0308ro-der-Universita\u0308t-Wien_34-1_websize-1024x644.jpg\" loading=\"lazy\" width=\"1024\" height=\"644\" src=\"https:\/\/www.brg9.at\/web\/wp-content\/uploads\/2025\/06\/25-2025.06.05_KinderuniWien_SocialMediaAuswahl_@Kinderbu\u0308ro-der-Universita\u0308t-Wien_34-1_websize-1024x644.jpg\" alt=\"\" data-id=\"15861\" data-full-url=\"https:\/\/www.brg9.at\/web\/wp-content\/uploads\/2025\/06\/25-2025.06.05_KinderuniWien_SocialMediaAuswahl_@Kinderbu\u0308ro-der-Universita\u0308t-Wien_34-1_websize.jpg\" data-link=\"https:\/\/www.brg9.at\/web\/?attachment_id=15861\" class=\"wp-image-15861\" srcset=\"https:\/\/www.brg9.at\/web\/wp-content\/uploads\/2025\/06\/25-2025.06.05_KinderuniWien_SocialMediaAuswahl_@Kinderbu\u0308ro-der-Universita\u0308t-Wien_34-1_websize-1024x644.jpg 1024w, https:\/\/www.brg9.at\/web\/wp-content\/uploads\/2025\/06\/25-2025.06.05_KinderuniWien_SocialMediaAuswahl_@Kinderbu\u0308ro-der-Universita\u0308t-Wien_34-1_websize-596x375.jpg 596w, https:\/\/www.brg9.at\/web\/wp-content\/uploads\/2025\/06\/25-2025.06.05_KinderuniWien_SocialMediaAuswahl_@Kinderbu\u0308ro-der-Universita\u0308t-Wien_34-1_websize-1536x966.jpg 1536w, https:\/\/www.brg9.at\/web\/wp-content\/uploads\/2025\/06\/25-2025.06.05_KinderuniWien_SocialMediaAuswahl_@Kinderbu\u0308ro-der-Universita\u0308t-Wien_34-1_websize-1200x755.jpg 1200w, https:\/\/www.brg9.at\/web\/wp-content\/uploads\/2025\/06\/25-2025.06.05_KinderuniWien_SocialMediaAuswahl_@Kinderbu\u0308ro-der-Universita\u0308t-Wien_34-1_websize.jpg 1600w\" sizes=\"(max-width: 709px) 85vw, (max-width: 909px) 67vw, (max-width: 1362px) 62vw, 840px\" \/><figcaption class=\"blocks-gallery-item__caption\">www.markuskorenjak.com<\/figcaption><\/figure><\/li><li class=\"blocks-gallery-item\"><figure><img data-attachment-id=\"15862\" data-permalink=\"https:\/\/www.brg9.at\/web\/?attachment_id=15862\" data-orig-file=\"https:\/\/www.brg9.at\/web\/wp-content\/uploads\/2025\/06\/26-2025.06.05_KinderuniWien_1.Ero\u0308ffnungsworte_@Kinderbu\u0308ro-der-Universita\u0308t-Wien_04-1_websize.jpg\" data-orig-size=\"1600,1067\" data-comments-opened=\"0\" data-image-meta=\"{&quot;aperture&quot;:&quot;2.8&quot;,&quot;credit&quot;:&quot;Markus Korenjak&quot;,&quot;camera&quot;:&quot;ILCE-7RM5&quot;,&quot;caption&quot;:&quot;www.markuskorenjak.com&quot;,&quot;created_timestamp&quot;:&quot;1749117423&quot;,&quot;copyright&quot;:&quot;Markus Korenjak&quot;,&quot;focal_length&quot;:&quot;24&quot;,&quot;iso&quot;:&quot;640&quot;,&quot;shutter_speed&quot;:&quot;0.004&quot;,&quot;title&quot;:&quot;Circle U. Climate Day an der Universit\\u00e4t Wien&quot;,&quot;orientation&quot;:&quot;1&quot;}\" data-image-title=\"Circle U. Climate Day an der Universit\u00e4t Wien\" data-image-description=\"\" data-medium-file=\"https:\/\/www.brg9.at\/web\/wp-content\/uploads\/2025\/06\/26-2025.06.05_KinderuniWien_1.Ero\u0308ffnungsworte_@Kinderbu\u0308ro-der-Universita\u0308t-Wien_04-1_websize-596x397.jpg\" data-large-file=\"https:\/\/www.brg9.at\/web\/wp-content\/uploads\/2025\/06\/26-2025.06.05_KinderuniWien_1.Ero\u0308ffnungsworte_@Kinderbu\u0308ro-der-Universita\u0308t-Wien_04-1_websize-1024x683.jpg\" loading=\"lazy\" width=\"1024\" height=\"683\" src=\"https:\/\/www.brg9.at\/web\/wp-content\/uploads\/2025\/06\/26-2025.06.05_KinderuniWien_1.Ero\u0308ffnungsworte_@Kinderbu\u0308ro-der-Universita\u0308t-Wien_04-1_websize-1024x683.jpg\" alt=\"\" data-id=\"15862\" data-full-url=\"https:\/\/www.brg9.at\/web\/wp-content\/uploads\/2025\/06\/26-2025.06.05_KinderuniWien_1.Ero\u0308ffnungsworte_@Kinderbu\u0308ro-der-Universita\u0308t-Wien_04-1_websize.jpg\" data-link=\"https:\/\/www.brg9.at\/web\/?attachment_id=15862\" class=\"wp-image-15862\" srcset=\"https:\/\/www.brg9.at\/web\/wp-content\/uploads\/2025\/06\/26-2025.06.05_KinderuniWien_1.Ero\u0308ffnungsworte_@Kinderbu\u0308ro-der-Universita\u0308t-Wien_04-1_websize-1024x683.jpg 1024w, https:\/\/www.brg9.at\/web\/wp-content\/uploads\/2025\/06\/26-2025.06.05_KinderuniWien_1.Ero\u0308ffnungsworte_@Kinderbu\u0308ro-der-Universita\u0308t-Wien_04-1_websize-596x397.jpg 596w, https:\/\/www.brg9.at\/web\/wp-content\/uploads\/2025\/06\/26-2025.06.05_KinderuniWien_1.Ero\u0308ffnungsworte_@Kinderbu\u0308ro-der-Universita\u0308t-Wien_04-1_websize-1536x1024.jpg 1536w, https:\/\/www.brg9.at\/web\/wp-content\/uploads\/2025\/06\/26-2025.06.05_KinderuniWien_1.Ero\u0308ffnungsworte_@Kinderbu\u0308ro-der-Universita\u0308t-Wien_04-1_websize-1200x800.jpg 1200w, https:\/\/www.brg9.at\/web\/wp-content\/uploads\/2025\/06\/26-2025.06.05_KinderuniWien_1.Ero\u0308ffnungsworte_@Kinderbu\u0308ro-der-Universita\u0308t-Wien_04-1_websize.jpg 1600w\" sizes=\"(max-width: 709px) 85vw, (max-width: 909px) 67vw, (max-width: 1362px) 62vw, 840px\" \/><figcaption class=\"blocks-gallery-item__caption\">www.markuskorenjak.com<\/figcaption><\/figure><\/li><li class=\"blocks-gallery-item\"><figure><img data-attachment-id=\"15863\" data-permalink=\"https:\/\/www.brg9.at\/web\/?attachment_id=15863\" data-orig-file=\"https:\/\/www.brg9.at\/web\/wp-content\/uploads\/2025\/06\/27-2025.06.05_KinderuniWien_1.Ero\u0308ffnungsworte_@Kinderbu\u0308ro-der-Universita\u0308t-Wien_07_websize.jpg\" data-orig-size=\"1600,1067\" data-comments-opened=\"0\" data-image-meta=\"{&quot;aperture&quot;:&quot;2.8&quot;,&quot;credit&quot;:&quot;Markus Korenjak&quot;,&quot;camera&quot;:&quot;ILCE-7RM5&quot;,&quot;caption&quot;:&quot;www.markuskorenjak.com&quot;,&quot;created_timestamp&quot;:&quot;1749119041&quot;,&quot;copyright&quot;:&quot;Markus Korenjak&quot;,&quot;focal_length&quot;:&quot;65&quot;,&quot;iso&quot;:&quot;400&quot;,&quot;shutter_speed&quot;:&quot;0.004&quot;,&quot;title&quot;:&quot;Circle U. Climate Day an der Universit\\u00e4t Wien&quot;,&quot;orientation&quot;:&quot;1&quot;}\" data-image-title=\"Circle U. Climate Day an der Universit\u00e4t Wien\" data-image-description=\"\" data-medium-file=\"https:\/\/www.brg9.at\/web\/wp-content\/uploads\/2025\/06\/27-2025.06.05_KinderuniWien_1.Ero\u0308ffnungsworte_@Kinderbu\u0308ro-der-Universita\u0308t-Wien_07_websize-596x397.jpg\" data-large-file=\"https:\/\/www.brg9.at\/web\/wp-content\/uploads\/2025\/06\/27-2025.06.05_KinderuniWien_1.Ero\u0308ffnungsworte_@Kinderbu\u0308ro-der-Universita\u0308t-Wien_07_websize-1024x683.jpg\" loading=\"lazy\" width=\"1024\" height=\"683\" src=\"https:\/\/www.brg9.at\/web\/wp-content\/uploads\/2025\/06\/27-2025.06.05_KinderuniWien_1.Ero\u0308ffnungsworte_@Kinderbu\u0308ro-der-Universita\u0308t-Wien_07_websize-1024x683.jpg\" alt=\"\" data-id=\"15863\" data-full-url=\"https:\/\/www.brg9.at\/web\/wp-content\/uploads\/2025\/06\/27-2025.06.05_KinderuniWien_1.Ero\u0308ffnungsworte_@Kinderbu\u0308ro-der-Universita\u0308t-Wien_07_websize.jpg\" data-link=\"https:\/\/www.brg9.at\/web\/?attachment_id=15863\" class=\"wp-image-15863\" srcset=\"https:\/\/www.brg9.at\/web\/wp-content\/uploads\/2025\/06\/27-2025.06.05_KinderuniWien_1.Ero\u0308ffnungsworte_@Kinderbu\u0308ro-der-Universita\u0308t-Wien_07_websize-1024x683.jpg 1024w, https:\/\/www.brg9.at\/web\/wp-content\/uploads\/2025\/06\/27-2025.06.05_KinderuniWien_1.Ero\u0308ffnungsworte_@Kinderbu\u0308ro-der-Universita\u0308t-Wien_07_websize-596x397.jpg 596w, https:\/\/www.brg9.at\/web\/wp-content\/uploads\/2025\/06\/27-2025.06.05_KinderuniWien_1.Ero\u0308ffnungsworte_@Kinderbu\u0308ro-der-Universita\u0308t-Wien_07_websize-1536x1024.jpg 1536w, https:\/\/www.brg9.at\/web\/wp-content\/uploads\/2025\/06\/27-2025.06.05_KinderuniWien_1.Ero\u0308ffnungsworte_@Kinderbu\u0308ro-der-Universita\u0308t-Wien_07_websize-1200x800.jpg 1200w, https:\/\/www.brg9.at\/web\/wp-content\/uploads\/2025\/06\/27-2025.06.05_KinderuniWien_1.Ero\u0308ffnungsworte_@Kinderbu\u0308ro-der-Universita\u0308t-Wien_07_websize.jpg 1600w\" sizes=\"(max-width: 709px) 85vw, (max-width: 909px) 67vw, (max-width: 1362px) 62vw, 840px\" \/><figcaption class=\"blocks-gallery-item__caption\">www.markuskorenjak.com<\/figcaption><\/figure><\/li><\/ul><\/figure>\n<div class=\"sharedaddy sd-sharing-enabled\"><div class=\"robots-nocontent sd-block sd-social sd-social-icon-text sd-sharing\"><h3 class=\"sd-title\">Diesen Inhalt teilen:<\/h3><div class=\"sd-content\"><ul><li class=\"share-facebook\"><a rel=\"nofollow noopener noreferrer\" data-shared=\"sharing-facebook-15837\" class=\"share-facebook sd-button share-icon\" href=\"https:\/\/www.brg9.at\/web\/?p=15837&amp;share=facebook\" target=\"_blank\" title=\"Klick, um auf Facebook zu teilen\"><span>Facebook<\/span><\/a><\/li><li class=\"share-jetpack-whatsapp\"><a rel=\"nofollow noopener noreferrer\" data-shared=\"\" class=\"share-jetpack-whatsapp sd-button share-icon\" href=\"https:\/\/www.brg9.at\/web\/?p=15837&amp;share=jetpack-whatsapp\" target=\"_blank\" title=\"Klicken, um auf WhatsApp zu teilen\"><span>WhatsApp<\/span><\/a><\/li><li class=\"share-print\"><a rel=\"nofollow noopener noreferrer\" data-shared=\"\" class=\"share-print sd-button share-icon\" href=\"https:\/\/www.brg9.at\/web\/?p=15837\" target=\"_blank\" title=\"Klicken zum Ausdrucken\"><span>Drucken<\/span><\/a><\/li><li class=\"share-end\"><\/li><\/ul><\/div><\/div><\/div>","protected":false},"excerpt":{"rendered":"<p>Der Klimaclub des BRG 9 blickt auf ein unfassbar spannendes Dock for Change-Schuljahr und dessen kr\u00f6nenden Abschluss zur\u00fcck.\u00a0Im Wintersemester hat der Klimaclub unserer Schule gemeinsam mit dem Klimaclub der FMS\/PTS 10 im Rahmen eines Co-Creation-Projekts des Kinderb\u00fcros der Uni Wien ein Bild der guten Zukunft entworfen und dieses mit erwachsenen &#8222;Mutmachpartner:innen&#8220; aus Wissenschaft, Wirtschaft und &hellip; <a href=\"https:\/\/www.brg9.at\/web\/?p=15837\" class=\"more-link\"><span class=\"screen-reader-text\">&#8222;Klimaclub \u2013 Schuljahresabschluss an der Uni Wien&#8220; <\/span>weiterlesen<\/a><\/p>\n<div class=\"sharedaddy sd-sharing-enabled\"><div class=\"robots-nocontent sd-block sd-social sd-social-icon-text sd-sharing\"><h3 class=\"sd-title\">Diesen Inhalt teilen:<\/h3><div class=\"sd-content\"><ul><li class=\"share-facebook\"><a rel=\"nofollow noopener noreferrer\" data-shared=\"sharing-facebook-15837\" class=\"share-facebook sd-button share-icon\" href=\"https:\/\/www.brg9.at\/web\/?p=15837&amp;share=facebook\" target=\"_blank\" title=\"Klick, um auf Facebook zu teilen\"><span>Facebook<\/span><\/a><\/li><li class=\"share-jetpack-whatsapp\"><a rel=\"nofollow noopener noreferrer\" data-shared=\"\" class=\"share-jetpack-whatsapp sd-button share-icon\" href=\"https:\/\/www.brg9.at\/web\/?p=15837&amp;share=jetpack-whatsapp\" target=\"_blank\" title=\"Klicken, um auf WhatsApp zu teilen\"><span>WhatsApp<\/span><\/a><\/li><li class=\"share-print\"><a rel=\"nofollow noopener noreferrer\" data-shared=\"\" class=\"share-print sd-button share-icon\" href=\"https:\/\/www.brg9.at\/web\/?p=15837\" target=\"_blank\" title=\"Klicken zum Ausdrucken\"><span>Drucken<\/span><\/a><\/li><li class=\"share-end\"><\/li><\/ul><\/div><\/div><\/div>","protected":false},"author":7,"featured_media":0,"comment_status":"closed","ping_status":"open","sticky":false,"template":"","format":"standard","meta":{"ngg_post_thumbnail":0,"spay_email":""},"categories":[1],"tags":[],"yoast_head":"<!-- This site is optimized with the Yoast SEO plugin v16.2 - https:\/\/yoast.com\/wordpress\/plugins\/seo\/ -->\n<title>Klimaclub \u2013 Schuljahresabschluss an der Uni Wien &raquo; BRG9, Erich Fried Realgymnasium<\/title>\n<meta name=\"robots\" content=\"index, follow, max-snippet:-1, max-image-preview:large, max-video-preview:-1\" \/>\n<link rel=\"canonical\" href=\"https:\/\/www.brg9.at\/web\/?p=15837\" \/>\n<meta property=\"og:locale\" content=\"de_DE\" \/>\n<meta property=\"og:type\" content=\"article\" \/>\n<meta property=\"og:title\" content=\"Klimaclub \u2013 Schuljahresabschluss an der Uni Wien &raquo; BRG9, Erich Fried Realgymnasium\" \/>\n<meta property=\"og:description\" content=\"Der Klimaclub des BRG 9 blickt auf ein unfassbar spannendes Dock for Change-Schuljahr und dessen kr\u00f6nenden Abschluss zur\u00fcck.\u00a0Im Wintersemester hat der Klimaclub unserer Schule gemeinsam mit dem Klimaclub der FMS\/PTS 10 im Rahmen eines Co-Creation-Projekts des Kinderb\u00fcros der Uni Wien ein Bild der guten Zukunft entworfen und dieses mit erwachsenen &#8222;Mutmachpartner:innen&#8220; aus Wissenschaft, Wirtschaft und &hellip; &#8222;Klimaclub \u2013 Schuljahresabschluss an der Uni Wien&#8220; weiterlesen\" \/>\n<meta property=\"og:url\" content=\"https:\/\/www.brg9.at\/web\/?p=15837\" \/>\n<meta property=\"og:site_name\" content=\"BRG9, Erich Fried Realgymnasium\" \/>\n<meta property=\"article:published_time\" content=\"2025-06-10T13:16:27+00:00\" \/>\n<meta property=\"article:modified_time\" content=\"2025-06-10T19:16:16+00:00\" \/>\n<meta property=\"og:image\" content=\"https:\/\/www.brg9.at\/web\/wp-content\/uploads\/2025\/06\/0-2025.06.05_KinderuniWien_SocialMediaAuswahl_@Kinderbu\u0308ro-der-Universita\u0308t-Wien_01_websize-1024x683.jpg\" \/>\n<meta name=\"twitter:card\" content=\"summary\" \/>\n<meta name=\"twitter:label1\" content=\"Gesch\u00e4tzte Lesezeit\">\n\t<meta name=\"twitter:data1\" content=\"7 Minuten\">\n<script type=\"application\/ld+json\" class=\"yoast-schema-graph\">{\"@context\":\"https:\/\/schema.org\",\"@graph\":[{\"@type\":\"WebSite\",\"@id\":\"https:\/\/www.brg9.at\/web\/#website\",\"url\":\"https:\/\/www.brg9.at\/web\/\",\"name\":\"BRG9, Erich Fried Realgymnasium\",\"description\":\"Die Website des BRG9 - Erich Fried Realgymnasium. Wien 9, Glasergasse 25.\",\"potentialAction\":[{\"@type\":\"SearchAction\",\"target\":\"https:\/\/www.brg9.at\/web\/?s={search_term_string}\",\"query-input\":\"required name=search_term_string\"}],\"inLanguage\":\"de-DE\"},{\"@type\":\"ImageObject\",\"@id\":\"https:\/\/www.brg9.at\/web\/?p=15837#primaryimage\",\"inLanguage\":\"de-DE\",\"url\":\"https:\/\/www.brg9.at\/web\/wp-content\/uploads\/2025\/06\/0-2025.06.05_KinderuniWien_SocialMediaAuswahl_@Kinderbu\\u0308ro-der-Universita\\u0308t-Wien_01_websize.jpg\",\"contentUrl\":\"https:\/\/www.brg9.at\/web\/wp-content\/uploads\/2025\/06\/0-2025.06.05_KinderuniWien_SocialMediaAuswahl_@Kinderbu\\u0308ro-der-Universita\\u0308t-Wien_01_websize.jpg\",\"width\":1600,\"height\":1067,\"caption\":\"www.markuskorenjak.com\"},{\"@type\":\"WebPage\",\"@id\":\"https:\/\/www.brg9.at\/web\/?p=15837#webpage\",\"url\":\"https:\/\/www.brg9.at\/web\/?p=15837\",\"name\":\"Klimaclub \\u2013 Schuljahresabschluss an der Uni Wien &raquo; BRG9, Erich Fried Realgymnasium\",\"isPartOf\":{\"@id\":\"https:\/\/www.brg9.at\/web\/#website\"},\"primaryImageOfPage\":{\"@id\":\"https:\/\/www.brg9.at\/web\/?p=15837#primaryimage\"},\"datePublished\":\"2025-06-10T13:16:27+00:00\",\"dateModified\":\"2025-06-10T19:16:16+00:00\",\"author\":{\"@id\":\"https:\/\/www.brg9.at\/web\/#\/schema\/person\/5b2e8635b2f470a9518011802bfa34dd\"},\"breadcrumb\":{\"@id\":\"https:\/\/www.brg9.at\/web\/?p=15837#breadcrumb\"},\"inLanguage\":\"de-DE\",\"potentialAction\":[{\"@type\":\"ReadAction\",\"target\":[\"https:\/\/www.brg9.at\/web\/?p=15837\"]}]},{\"@type\":\"BreadcrumbList\",\"@id\":\"https:\/\/www.brg9.at\/web\/?p=15837#breadcrumb\",\"itemListElement\":[{\"@type\":\"ListItem\",\"position\":1,\"item\":{\"@type\":\"WebPage\",\"@id\":\"https:\/\/www.brg9.at\/web\/\",\"url\":\"https:\/\/www.brg9.at\/web\/\",\"name\":\"Home\"}},{\"@type\":\"ListItem\",\"position\":2,\"item\":{\"@id\":\"https:\/\/www.brg9.at\/web\/?p=15837#webpage\"}}]},{\"@type\":\"Person\",\"@id\":\"https:\/\/www.brg9.at\/web\/#\/schema\/person\/5b2e8635b2f470a9518011802bfa34dd\",\"name\":\"Monika Simmerstatter\"}]}<\/script>\n<!-- \/ Yoast SEO plugin. -->","jetpack_featured_media_url":"","jetpack_sharing_enabled":true,"_links":{"self":[{"href":"https:\/\/www.brg9.at\/web\/index.php?rest_route=\/wp\/v2\/posts\/15837"}],"collection":[{"href":"https:\/\/www.brg9.at\/web\/index.php?rest_route=\/wp\/v2\/posts"}],"about":[{"href":"https:\/\/www.brg9.at\/web\/index.php?rest_route=\/wp\/v2\/types\/post"}],"author":[{"embeddable":true,"href":"https:\/\/www.brg9.at\/web\/index.php?rest_route=\/wp\/v2\/users\/7"}],"replies":[{"embeddable":true,"href":"https:\/\/www.brg9.at\/web\/index.php?rest_route=%2Fwp%2Fv2%2Fcomments&post=15837"}],"version-history":[{"count":3,"href":"https:\/\/www.brg9.at\/web\/index.php?rest_route=\/wp\/v2\/posts\/15837\/revisions"}],"predecessor-version":[{"id":15878,"href":"https:\/\/www.brg9.at\/web\/index.php?rest_route=\/wp\/v2\/posts\/15837\/revisions\/15878"}],"wp:attachment":[{"href":"https:\/\/www.brg9.at\/web\/index.php?rest_route=%2Fwp%2Fv2%2Fmedia&parent=15837"}],"wp:term":[{"taxonomy":"category","embeddable":true,"href":"https:\/\/www.brg9.at\/web\/index.php?rest_route=%2Fwp%2Fv2%2Fcategories&post=15837"},{"taxonomy":"post_tag","embeddable":true,"href":"https:\/\/www.brg9.at\/web\/index.php?rest_route=%2Fwp%2Fv2%2Ftags&post=15837"}],"curies":[{"name":"wp","href":"https:\/\/api.w.org\/{rel}","templated":true}]}}