{"id":15868,"date":"2025-06-10T19:05:26","date_gmt":"2025-06-10T17:05:26","guid":{"rendered":"https:\/\/www.brg9.at\/web\/?p=15868"},"modified":"2025-06-10T21:18:21","modified_gmt":"2025-06-10T19:18:21","slug":"in-tiefer-trauer","status":"publish","type":"post","link":"https:\/\/www.brg9.at\/web\/?p=15868","title":{"rendered":"In tiefer Trauer"},"content":{"rendered":"\n<p class=\"has-medium-font-size\">Mit gro\u00dfer Best\u00fcrzung haben wir heute vom tragischen Vorfall am BORG Dreiersch\u00fctzengasse in Graz erfahren. Unsere Gedanken sind bei den Opfern, ihren Familien, Freundinnen und Freunden sowie bei allen, die von diesem schrecklichen Ereignis betroffen sind. M\u00f6ge allen, die nun trauern, Kraft und Trost zuteilwerden.<\/p>\n\n\n\n<p class=\"has-medium-font-size\">Die Schulgemeinschaft des Erich Fried Realgymnasiums <\/p>\n\n\n\n<figure class=\"wp-block-image size-large is-resized\"><img data-attachment-id=\"15867\" data-permalink=\"https:\/\/www.brg9.at\/web\/?attachment_id=15867\" data-orig-file=\"https:\/\/www.brg9.at\/web\/wp-content\/uploads\/2025\/06\/Kerze2.jpg\" data-orig-size=\"798,1200\" data-comments-opened=\"0\" data-image-meta=\"{&quot;aperture&quot;:&quot;5&quot;,&quot;credit&quot;:&quot;Picasa 2.7&quot;,&quot;camera&quot;:&quot;NIKON D50&quot;,&quot;caption&quot;:&quot;&quot;,&quot;created_timestamp&quot;:&quot;1126297353&quot;,&quot;copyright&quot;:&quot;&quot;,&quot;focal_length&quot;:&quot;135&quot;,&quot;iso&quot;:&quot;0&quot;,&quot;shutter_speed&quot;:&quot;0.02&quot;,&quot;title&quot;:&quot;&quot;,&quot;orientation&quot;:&quot;0&quot;}\" data-image-title=\"Kerze2\" data-image-description=\"\" data-medium-file=\"https:\/\/www.brg9.at\/web\/wp-content\/uploads\/2025\/06\/Kerze2-399x600.jpg\" data-large-file=\"https:\/\/www.brg9.at\/web\/wp-content\/uploads\/2025\/06\/Kerze2-681x1024.jpg\" loading=\"lazy\" src=\"https:\/\/www.brg9.at\/web\/wp-content\/uploads\/2025\/06\/Kerze2-681x1024.jpg\" alt=\"\" class=\"wp-image-15867\" width=\"218\" height=\"328\" srcset=\"https:\/\/www.brg9.at\/web\/wp-content\/uploads\/2025\/06\/Kerze2-681x1024.jpg 681w, https:\/\/www.brg9.at\/web\/wp-content\/uploads\/2025\/06\/Kerze2-399x600.jpg 399w, https:\/\/www.brg9.at\/web\/wp-content\/uploads\/2025\/06\/Kerze2.jpg 798w\" sizes=\"(max-width: 218px) 85vw, 218px\" \/><\/figure>\n<div class=\"sharedaddy sd-sharing-enabled\"><div class=\"robots-nocontent sd-block sd-social sd-social-icon-text sd-sharing\"><h3 class=\"sd-title\">Diesen Inhalt teilen:<\/h3><div class=\"sd-content\"><ul><li class=\"share-facebook\"><a rel=\"nofollow noopener noreferrer\" data-shared=\"sharing-facebook-15868\" class=\"share-facebook sd-button share-icon\" href=\"https:\/\/www.brg9.at\/web\/?p=15868&amp;share=facebook\" target=\"_blank\" title=\"Klick, um auf Facebook zu teilen\"><span>Facebook<\/span><\/a><\/li><li class=\"share-jetpack-whatsapp\"><a rel=\"nofollow noopener noreferrer\" data-shared=\"\" class=\"share-jetpack-whatsapp sd-button share-icon\" href=\"https:\/\/www.brg9.at\/web\/?p=15868&amp;share=jetpack-whatsapp\" target=\"_blank\" title=\"Klicken, um auf WhatsApp zu teilen\"><span>WhatsApp<\/span><\/a><\/li><li class=\"share-print\"><a rel=\"nofollow noopener noreferrer\" data-shared=\"\" class=\"share-print sd-button share-icon\" href=\"https:\/\/www.brg9.at\/web\/?p=15868\" target=\"_blank\" title=\"Klicken zum Ausdrucken\"><span>Drucken<\/span><\/a><\/li><li class=\"share-end\"><\/li><\/ul><\/div><\/div><\/div>","protected":false},"excerpt":{"rendered":"<p>Mit gro\u00dfer Best\u00fcrzung haben wir heute vom tragischen Vorfall am BORG Dreiersch\u00fctzengasse in Graz erfahren. Unsere Gedanken sind bei den Opfern, ihren Familien, Freundinnen und Freunden sowie bei allen, die von diesem schrecklichen Ereignis betroffen sind. M\u00f6ge allen, die nun trauern, Kraft und Trost zuteilwerden. Die Schulgemeinschaft des Erich Fried Realgymnasiums<\/p>\n<div class=\"sharedaddy sd-sharing-enabled\"><div class=\"robots-nocontent sd-block sd-social sd-social-icon-text sd-sharing\"><h3 class=\"sd-title\">Diesen Inhalt teilen:<\/h3><div class=\"sd-content\"><ul><li class=\"share-facebook\"><a rel=\"nofollow noopener noreferrer\" data-shared=\"sharing-facebook-15868\" class=\"share-facebook sd-button share-icon\" href=\"https:\/\/www.brg9.at\/web\/?p=15868&amp;share=facebook\" target=\"_blank\" title=\"Klick, um auf Facebook zu teilen\"><span>Facebook<\/span><\/a><\/li><li class=\"share-jetpack-whatsapp\"><a rel=\"nofollow noopener noreferrer\" data-shared=\"\" class=\"share-jetpack-whatsapp sd-button share-icon\" href=\"https:\/\/www.brg9.at\/web\/?p=15868&amp;share=jetpack-whatsapp\" target=\"_blank\" title=\"Klicken, um auf WhatsApp zu teilen\"><span>WhatsApp<\/span><\/a><\/li><li class=\"share-print\"><a rel=\"nofollow noopener noreferrer\" data-shared=\"\" class=\"share-print sd-button share-icon\" href=\"https:\/\/www.brg9.at\/web\/?p=15868\" target=\"_blank\" title=\"Klicken zum Ausdrucken\"><span>Drucken<\/span><\/a><\/li><li class=\"share-end\"><\/li><\/ul><\/div><\/div><\/div>","protected":false},"author":14,"featured_media":0,"comment_status":"closed","ping_status":"open","sticky":false,"template":"","format":"standard","meta":{"ngg_post_thumbnail":0,"spay_email":""},"categories":[1],"tags":[],"yoast_head":"<!-- This site is optimized with the Yoast SEO plugin v16.2 - https:\/\/yoast.com\/wordpress\/plugins\/seo\/ -->\n<title>In tiefer Trauer &raquo; BRG9, Erich Fried Realgymnasium<\/title>\n<meta name=\"robots\" content=\"index, follow, max-snippet:-1, max-image-preview:large, max-video-preview:-1\" \/>\n<link rel=\"canonical\" href=\"https:\/\/www.brg9.at\/web\/?p=15868\" \/>\n<meta property=\"og:locale\" content=\"de_DE\" \/>\n<meta property=\"og:type\" content=\"article\" \/>\n<meta property=\"og:title\" content=\"In tiefer Trauer &raquo; BRG9, Erich Fried Realgymnasium\" \/>\n<meta property=\"og:description\" content=\"Mit gro\u00dfer Best\u00fcrzung haben wir heute vom tragischen Vorfall am BORG Dreiersch\u00fctzengasse in Graz erfahren. Unsere Gedanken sind bei den Opfern, ihren Familien, Freundinnen und Freunden sowie bei allen, die von diesem schrecklichen Ereignis betroffen sind. M\u00f6ge allen, die nun trauern, Kraft und Trost zuteilwerden. Die Schulgemeinschaft des Erich Fried Realgymnasiums\" \/>\n<meta property=\"og:url\" content=\"https:\/\/www.brg9.at\/web\/?p=15868\" \/>\n<meta property=\"og:site_name\" content=\"BRG9, Erich Fried Realgymnasium\" \/>\n<meta property=\"article:published_time\" content=\"2025-06-10T17:05:26+00:00\" \/>\n<meta property=\"article:modified_time\" content=\"2025-06-10T19:18:21+00:00\" \/>\n<meta property=\"og:image\" content=\"https:\/\/www.brg9.at\/web\/wp-content\/uploads\/2025\/06\/Kerze2-681x1024.jpg\" \/>\n<meta name=\"twitter:card\" content=\"summary\" \/>\n<meta name=\"twitter:label1\" content=\"Gesch\u00e4tzte Lesezeit\">\n\t<meta name=\"twitter:data1\" content=\"1 Minute\">\n<script type=\"application\/ld+json\" class=\"yoast-schema-graph\">{\"@context\":\"https:\/\/schema.org\",\"@graph\":[{\"@type\":\"WebSite\",\"@id\":\"https:\/\/www.brg9.at\/web\/#website\",\"url\":\"https:\/\/www.brg9.at\/web\/\",\"name\":\"BRG9, Erich Fried Realgymnasium\",\"description\":\"Die Website des BRG9 - Erich Fried Realgymnasium. Wien 9, Glasergasse 25.\",\"potentialAction\":[{\"@type\":\"SearchAction\",\"target\":\"https:\/\/www.brg9.at\/web\/?s={search_term_string}\",\"query-input\":\"required name=search_term_string\"}],\"inLanguage\":\"de-DE\"},{\"@type\":\"ImageObject\",\"@id\":\"https:\/\/www.brg9.at\/web\/?p=15868#primaryimage\",\"inLanguage\":\"de-DE\",\"url\":\"https:\/\/www.brg9.at\/web\/wp-content\/uploads\/2025\/06\/Kerze2.jpg\",\"contentUrl\":\"https:\/\/www.brg9.at\/web\/wp-content\/uploads\/2025\/06\/Kerze2.jpg\",\"width\":798,\"height\":1200},{\"@type\":\"WebPage\",\"@id\":\"https:\/\/www.brg9.at\/web\/?p=15868#webpage\",\"url\":\"https:\/\/www.brg9.at\/web\/?p=15868\",\"name\":\"In tiefer Trauer &raquo; BRG9, Erich Fried Realgymnasium\",\"isPartOf\":{\"@id\":\"https:\/\/www.brg9.at\/web\/#website\"},\"primaryImageOfPage\":{\"@id\":\"https:\/\/www.brg9.at\/web\/?p=15868#primaryimage\"},\"datePublished\":\"2025-06-10T17:05:26+00:00\",\"dateModified\":\"2025-06-10T19:18:21+00:00\",\"author\":{\"@id\":\"https:\/\/www.brg9.at\/web\/#\/schema\/person\/45f5a6c7cd99cc3130244c46d3e4c9d9\"},\"breadcrumb\":{\"@id\":\"https:\/\/www.brg9.at\/web\/?p=15868#breadcrumb\"},\"inLanguage\":\"de-DE\",\"potentialAction\":[{\"@type\":\"ReadAction\",\"target\":[\"https:\/\/www.brg9.at\/web\/?p=15868\"]}]},{\"@type\":\"BreadcrumbList\",\"@id\":\"https:\/\/www.brg9.at\/web\/?p=15868#breadcrumb\",\"itemListElement\":[{\"@type\":\"ListItem\",\"position\":1,\"item\":{\"@type\":\"WebPage\",\"@id\":\"https:\/\/www.brg9.at\/web\/\",\"url\":\"https:\/\/www.brg9.at\/web\/\",\"name\":\"Home\"}},{\"@type\":\"ListItem\",\"position\":2,\"item\":{\"@id\":\"https:\/\/www.brg9.at\/web\/?p=15868#webpage\"}}]},{\"@type\":\"Person\",\"@id\":\"https:\/\/www.brg9.at\/web\/#\/schema\/person\/45f5a6c7cd99cc3130244c46d3e4c9d9\",\"name\":\"Andreas Obenaus\"}]}<\/script>\n<!-- \/ Yoast SEO plugin. -->","jetpack_featured_media_url":"","jetpack_sharing_enabled":true,"_links":{"self":[{"href":"https:\/\/www.brg9.at\/web\/index.php?rest_route=\/wp\/v2\/posts\/15868"}],"collection":[{"href":"https:\/\/www.brg9.at\/web\/index.php?rest_route=\/wp\/v2\/posts"}],"about":[{"href":"https:\/\/www.brg9.at\/web\/index.php?rest_route=\/wp\/v2\/types\/post"}],"author":[{"embeddable":true,"href":"https:\/\/www.brg9.at\/web\/index.php?rest_route=\/wp\/v2\/users\/14"}],"replies":[{"embeddable":true,"href":"https:\/\/www.brg9.at\/web\/index.php?rest_route=%2Fwp%2Fv2%2Fcomments&post=15868"}],"version-history":[{"count":6,"href":"https:\/\/www.brg9.at\/web\/index.php?rest_route=\/wp\/v2\/posts\/15868\/revisions"}],"predecessor-version":[{"id":15877,"href":"https:\/\/www.brg9.at\/web\/index.php?rest_route=\/wp\/v2\/posts\/15868\/revisions\/15877"}],"wp:attachment":[{"href":"https:\/\/www.brg9.at\/web\/index.php?rest_route=%2Fwp%2Fv2%2Fmedia&parent=15868"}],"wp:term":[{"taxonomy":"category","embeddable":true,"href":"https:\/\/www.brg9.at\/web\/index.php?rest_route=%2Fwp%2Fv2%2Fcategories&post=15868"},{"taxonomy":"post_tag","embeddable":true,"href":"https:\/\/www.brg9.at\/web\/index.php?rest_route=%2Fwp%2Fv2%2Ftags&post=15868"}],"curies":[{"name":"wp","href":"https:\/\/api.w.org\/{rel}","templated":true}]}}