{"id":1616,"date":"2016-09-01T12:26:54","date_gmt":"2016-09-01T10:26:54","guid":{"rendered":"http:\/\/www.brg9.at\/web\/?p=1616"},"modified":"2016-09-03T19:49:18","modified_gmt":"2016-09-03T17:49:18","slug":"ikt","status":"publish","type":"post","link":"https:\/\/www.brg9.at\/web\/?p=1616","title":{"rendered":"IKT"},"content":{"rendered":"<p>Erste AbsolventInnen unseres schulinternen IKT-Programms!<\/p>\n<p>Zum Schulschluss erhielten erstmals 49 Sch\u00fclerinnen und Sch\u00fcler der 4. Klassen ihre IKT-Urkunde. Diese bescheinigt ihnen, dass sie das schulinterne IKT-Programm (10 Module, 4 Teilpr\u00fcfungen) erfolgreich absolviert haben. Mit den im IKT-Programm erworbenen Kompetenzen sind die Jugendlichen nun optimal auf die Anforderungen im Bereich der EDV in der Oberstufe vorbereitet.<!--more--><\/p>\n<p>Von allen drei vierten Klassen konnten in der 4B die meisten Sch\u00fclerinnen und Sch\u00fcler das Zertifikat erwerben. Zur Belohnung gab es eine exklusive Urkunden-\u00dcberreichung durch Dir. Maresch. Fotos dazu finden Sie <a href=\"https:\/\/www.facebook.com\/brg9.at\/photos\/?tab=album&amp;album_id=1037055166391381\">hier<\/a>!<\/p>\n<p>Am Mittwoch, dem 29. Juni, wurden auch die besten IKT-AbsolventInnen des IKT-Programms w\u00e4hrend einer kleinen Feier in der Direktion ausgezeichnet. Pro Klasse wurde ein erster und zweiter Platz vergeben. Neben speziellen Urkunden \u00fcberreichte Dir. Maresch den Sch\u00fclerinnen Sophie Tauber und Emma Rief (4A), Ahmed Ghanem (nicht anwesend), Elena Zemann und Natalie Gregus (4B) sowie Selina Artner und Celine-Denise Unden (4C) auch Thalia-Gutscheine im Wert von 20\u20ac und 10\u20ac. Fotos von der Verleihung finden Sie <a href=\"https:\/\/www.facebook.com\/brg9.at\/photos\/?tab=album&amp;album_id=1037050436391854\">hier<\/a>!<\/p>\n<p>Die Urkunden selbst (Urkunde zum Abschluss des IKT-Programms, Urkunde f\u00fcr den besten IKT-Absolventen) sind unter der fachkundigen Leitung von Mag. Iwona Lapo mit Sch\u00fclerinnen und Sch\u00fclern aus der Unterstufe designed worden. Auch diesen Sch\u00fclerInnen wurde von Dir. Maresch zum Dank ein kleiner Preis \u00fcbergeben. Fotos dazu finden Sie <a href=\"https:\/\/www.facebook.com\/brg9.at\/photos\/?tab=album&amp;album_id=1037052043058360\">hier<\/a>!<\/p>\n<div class=\"sharedaddy sd-sharing-enabled\"><div class=\"robots-nocontent sd-block sd-social sd-social-icon-text sd-sharing\"><h3 class=\"sd-title\">Diesen Inhalt teilen:<\/h3><div class=\"sd-content\"><ul><li class=\"share-facebook\"><a rel=\"nofollow noopener noreferrer\" data-shared=\"sharing-facebook-1616\" class=\"share-facebook sd-button share-icon\" href=\"https:\/\/www.brg9.at\/web\/?p=1616&amp;share=facebook\" target=\"_blank\" title=\"Klick, um auf Facebook zu teilen\"><span>Facebook<\/span><\/a><\/li><li class=\"share-jetpack-whatsapp\"><a rel=\"nofollow noopener noreferrer\" data-shared=\"\" class=\"share-jetpack-whatsapp sd-button share-icon\" href=\"https:\/\/www.brg9.at\/web\/?p=1616&amp;share=jetpack-whatsapp\" target=\"_blank\" title=\"Klicken, um auf WhatsApp zu teilen\"><span>WhatsApp<\/span><\/a><\/li><li class=\"share-print\"><a rel=\"nofollow noopener noreferrer\" data-shared=\"\" class=\"share-print sd-button share-icon\" href=\"https:\/\/www.brg9.at\/web\/?p=1616\" target=\"_blank\" title=\"Klicken zum Ausdrucken\"><span>Drucken<\/span><\/a><\/li><li class=\"share-end\"><\/li><\/ul><\/div><\/div><\/div>","protected":false},"excerpt":{"rendered":"<p>Erste AbsolventInnen unseres schulinternen IKT-Programms! Zum Schulschluss erhielten erstmals 49 Sch\u00fclerinnen und Sch\u00fcler der 4. Klassen ihre IKT-Urkunde. Diese bescheinigt ihnen, dass sie das schulinterne IKT-Programm (10 Module, 4 Teilpr\u00fcfungen) erfolgreich absolviert haben. Mit den im IKT-Programm erworbenen Kompetenzen sind die Jugendlichen nun optimal auf die Anforderungen im Bereich der EDV in der Oberstufe vorbereitet.<\/p>\n<div class=\"sharedaddy sd-sharing-enabled\"><div class=\"robots-nocontent sd-block sd-social sd-social-icon-text sd-sharing\"><h3 class=\"sd-title\">Diesen Inhalt teilen:<\/h3><div class=\"sd-content\"><ul><li class=\"share-facebook\"><a rel=\"nofollow noopener noreferrer\" data-shared=\"sharing-facebook-1616\" class=\"share-facebook sd-button share-icon\" href=\"https:\/\/www.brg9.at\/web\/?p=1616&amp;share=facebook\" target=\"_blank\" title=\"Klick, um auf Facebook zu teilen\"><span>Facebook<\/span><\/a><\/li><li class=\"share-jetpack-whatsapp\"><a rel=\"nofollow noopener noreferrer\" data-shared=\"\" class=\"share-jetpack-whatsapp sd-button share-icon\" href=\"https:\/\/www.brg9.at\/web\/?p=1616&amp;share=jetpack-whatsapp\" target=\"_blank\" title=\"Klicken, um auf WhatsApp zu teilen\"><span>WhatsApp<\/span><\/a><\/li><li class=\"share-print\"><a rel=\"nofollow noopener noreferrer\" data-shared=\"\" class=\"share-print sd-button share-icon\" href=\"https:\/\/www.brg9.at\/web\/?p=1616\" target=\"_blank\" title=\"Klicken zum Ausdrucken\"><span>Drucken<\/span><\/a><\/li><li class=\"share-end\"><\/li><\/ul><\/div><\/div><\/div>","protected":false},"author":7,"featured_media":1617,"comment_status":"closed","ping_status":"open","sticky":false,"template":"","format":"standard","meta":{"ngg_post_thumbnail":0,"spay_email":""},"categories":[1],"tags":[],"yoast_head":"<!-- This site is optimized with the Yoast SEO plugin v16.2 - https:\/\/yoast.com\/wordpress\/plugins\/seo\/ -->\n<title>IKT &raquo; BRG9, Erich Fried Realgymnasium<\/title>\n<meta name=\"robots\" content=\"index, follow, max-snippet:-1, max-image-preview:large, max-video-preview:-1\" \/>\n<link rel=\"canonical\" href=\"https:\/\/www.brg9.at\/web\/?p=1616\" \/>\n<meta property=\"og:locale\" content=\"de_DE\" \/>\n<meta property=\"og:type\" content=\"article\" \/>\n<meta property=\"og:title\" content=\"IKT &raquo; BRG9, Erich Fried Realgymnasium\" \/>\n<meta property=\"og:description\" content=\"Erste AbsolventInnen unseres schulinternen IKT-Programms! Zum Schulschluss erhielten erstmals 49 Sch\u00fclerinnen und Sch\u00fcler der 4. Klassen ihre IKT-Urkunde. Diese bescheinigt ihnen, dass sie das schulinterne IKT-Programm (10 Module, 4 Teilpr\u00fcfungen) erfolgreich absolviert haben. Mit den im IKT-Programm erworbenen Kompetenzen sind die Jugendlichen nun optimal auf die Anforderungen im Bereich der EDV in der Oberstufe vorbereitet.\" \/>\n<meta property=\"og:url\" content=\"https:\/\/www.brg9.at\/web\/?p=1616\" \/>\n<meta property=\"og:site_name\" content=\"BRG9, Erich Fried Realgymnasium\" \/>\n<meta property=\"article:published_time\" content=\"2016-09-01T10:26:54+00:00\" \/>\n<meta property=\"article:modified_time\" content=\"2016-09-03T17:49:18+00:00\" \/>\n<meta property=\"og:image\" content=\"https:\/\/www.brg9.at\/web\/wp-content\/uploads\/2016\/09\/1-1-1024x685.jpg\" \/>\n\t<meta property=\"og:image:width\" content=\"1024\" \/>\n\t<meta property=\"og:image:height\" content=\"685\" \/>\n<meta name=\"twitter:card\" content=\"summary\" \/>\n<meta name=\"twitter:label1\" content=\"Gesch\u00e4tzte Lesezeit\">\n\t<meta name=\"twitter:data1\" content=\"1 Minute\">\n<script type=\"application\/ld+json\" class=\"yoast-schema-graph\">{\"@context\":\"https:\/\/schema.org\",\"@graph\":[{\"@type\":\"WebSite\",\"@id\":\"https:\/\/www.brg9.at\/web\/#website\",\"url\":\"https:\/\/www.brg9.at\/web\/\",\"name\":\"BRG9, Erich Fried Realgymnasium\",\"description\":\"Die Website des BRG9 - Erich Fried Realgymnasium. Wien 9, Glasergasse 25.\",\"potentialAction\":[{\"@type\":\"SearchAction\",\"target\":\"https:\/\/www.brg9.at\/web\/?s={search_term_string}\",\"query-input\":\"required name=search_term_string\"}],\"inLanguage\":\"de-DE\"},{\"@type\":\"ImageObject\",\"@id\":\"https:\/\/www.brg9.at\/web\/?p=1616#primaryimage\",\"inLanguage\":\"de-DE\",\"url\":\"https:\/\/www.brg9.at\/web\/wp-content\/uploads\/2016\/09\/1-1.jpg\",\"contentUrl\":\"https:\/\/www.brg9.at\/web\/wp-content\/uploads\/2016\/09\/1-1.jpg\",\"width\":3872,\"height\":2592},{\"@type\":\"WebPage\",\"@id\":\"https:\/\/www.brg9.at\/web\/?p=1616#webpage\",\"url\":\"https:\/\/www.brg9.at\/web\/?p=1616\",\"name\":\"IKT &raquo; BRG9, Erich Fried Realgymnasium\",\"isPartOf\":{\"@id\":\"https:\/\/www.brg9.at\/web\/#website\"},\"primaryImageOfPage\":{\"@id\":\"https:\/\/www.brg9.at\/web\/?p=1616#primaryimage\"},\"datePublished\":\"2016-09-01T10:26:54+00:00\",\"dateModified\":\"2016-09-03T17:49:18+00:00\",\"author\":{\"@id\":\"https:\/\/www.brg9.at\/web\/#\/schema\/person\/5b2e8635b2f470a9518011802bfa34dd\"},\"breadcrumb\":{\"@id\":\"https:\/\/www.brg9.at\/web\/?p=1616#breadcrumb\"},\"inLanguage\":\"de-DE\",\"potentialAction\":[{\"@type\":\"ReadAction\",\"target\":[\"https:\/\/www.brg9.at\/web\/?p=1616\"]}]},{\"@type\":\"BreadcrumbList\",\"@id\":\"https:\/\/www.brg9.at\/web\/?p=1616#breadcrumb\",\"itemListElement\":[{\"@type\":\"ListItem\",\"position\":1,\"item\":{\"@type\":\"WebPage\",\"@id\":\"https:\/\/www.brg9.at\/web\/\",\"url\":\"https:\/\/www.brg9.at\/web\/\",\"name\":\"Home\"}},{\"@type\":\"ListItem\",\"position\":2,\"item\":{\"@id\":\"https:\/\/www.brg9.at\/web\/?p=1616#webpage\"}}]},{\"@type\":\"Person\",\"@id\":\"https:\/\/www.brg9.at\/web\/#\/schema\/person\/5b2e8635b2f470a9518011802bfa34dd\",\"name\":\"Monika Simmerstatter\"}]}<\/script>\n<!-- \/ Yoast SEO plugin. -->","jetpack_featured_media_url":"https:\/\/www.brg9.at\/web\/wp-content\/uploads\/2016\/09\/1-1.jpg","jetpack_sharing_enabled":true,"_links":{"self":[{"href":"https:\/\/www.brg9.at\/web\/index.php?rest_route=\/wp\/v2\/posts\/1616"}],"collection":[{"href":"https:\/\/www.brg9.at\/web\/index.php?rest_route=\/wp\/v2\/posts"}],"about":[{"href":"https:\/\/www.brg9.at\/web\/index.php?rest_route=\/wp\/v2\/types\/post"}],"author":[{"embeddable":true,"href":"https:\/\/www.brg9.at\/web\/index.php?rest_route=\/wp\/v2\/users\/7"}],"replies":[{"embeddable":true,"href":"https:\/\/www.brg9.at\/web\/index.php?rest_route=%2Fwp%2Fv2%2Fcomments&post=1616"}],"version-history":[{"count":4,"href":"https:\/\/www.brg9.at\/web\/index.php?rest_route=\/wp\/v2\/posts\/1616\/revisions"}],"predecessor-version":[{"id":1627,"href":"https:\/\/www.brg9.at\/web\/index.php?rest_route=\/wp\/v2\/posts\/1616\/revisions\/1627"}],"wp:featuredmedia":[{"embeddable":true,"href":"https:\/\/www.brg9.at\/web\/index.php?rest_route=\/wp\/v2\/media\/1617"}],"wp:attachment":[{"href":"https:\/\/www.brg9.at\/web\/index.php?rest_route=%2Fwp%2Fv2%2Fmedia&parent=1616"}],"wp:term":[{"taxonomy":"category","embeddable":true,"href":"https:\/\/www.brg9.at\/web\/index.php?rest_route=%2Fwp%2Fv2%2Fcategories&post=1616"},{"taxonomy":"post_tag","embeddable":true,"href":"https:\/\/www.brg9.at\/web\/index.php?rest_route=%2Fwp%2Fv2%2Ftags&post=1616"}],"curies":[{"name":"wp","href":"https:\/\/api.w.org\/{rel}","templated":true}]}}