{"id":16246,"date":"2025-09-13T23:46:35","date_gmt":"2025-09-13T21:46:35","guid":{"rendered":"https:\/\/www.brg9.at\/web\/?p=16246"},"modified":"2025-09-14T16:53:04","modified_gmt":"2025-09-14T14:53:04","slug":"sdg-aktionstag-am-brg-9","status":"publish","type":"post","link":"https:\/\/www.brg9.at\/web\/?p=16246","title":{"rendered":"SDG-Aktionstag am BRG 9"},"content":{"rendered":"\n<p>Am Donnerstag, den 4. September 2025, hat am BRG 9 zum ersten Mal ein schulweiter Aktionstag rund um die 17 Nachhaltigkeitsziele (SDGs)\u00a0stattgefunden. Alle Sch\u00fclerinnen und Sch\u00fcler besch\u00e4ftigten sich an diesem besonderen Tag intensiv mit Themen der Nachhaltigkeit \u2013 sei es in Workshops oder bei Exkursionen. Gemeinsam mit 19 externen Partnerorganisationen\u00a0entstand ein vielf\u00e4ltiges Programm, das neue Perspektiven er\u00f6ffnete und Anregungen f\u00fcr einen bewussten Umgang mit unserer Zukunft bot. Einen Einblick in die Aktionen der verschiedenen Klassen und Gruppen an unserem\u00a0SDG-Tag finden Sie hier: <a href=\"https:\/\/www.youtube.com\/watch?v=cEmCAIm0UUk\" target=\"_blank\" rel=\"noreferrer noopener\">1. bis 5. Klassen<\/a> und <a href=\"https:\/\/www.youtube.com\/watch?v=xdl_UajZYFc\" target=\"_blank\" rel=\"noreferrer noopener\">6. bis 8. Klassen<\/a>.<\/p>\n\n\n\n<figure class=\"wp-block-gallery columns-2 is-cropped\"><ul data-carousel-extra='{\"blog_id\":1,\"permalink\":\"https:\\\/\\\/www.brg9.at\\\/web\\\/?p=16246\"}' class=\"blocks-gallery-grid\"><li class=\"blocks-gallery-item\"><figure><img data-attachment-id=\"16251\" data-permalink=\"https:\/\/www.brg9.at\/web\/?attachment_id=16251\" data-orig-file=\"https:\/\/www.brg9.at\/web\/wp-content\/uploads\/2025\/09\/Bildschirmfoto-2025-09-14-um-08.45.04.png\" data-orig-size=\"1190,1116\" data-comments-opened=\"0\" data-image-meta=\"{&quot;aperture&quot;:&quot;0&quot;,&quot;credit&quot;:&quot;&quot;,&quot;camera&quot;:&quot;&quot;,&quot;caption&quot;:&quot;&quot;,&quot;created_timestamp&quot;:&quot;0&quot;,&quot;copyright&quot;:&quot;&quot;,&quot;focal_length&quot;:&quot;0&quot;,&quot;iso&quot;:&quot;0&quot;,&quot;shutter_speed&quot;:&quot;0&quot;,&quot;title&quot;:&quot;&quot;,&quot;orientation&quot;:&quot;0&quot;}\" data-image-title=\"Bildschirmfoto-2025-09-14-um-08.45.04\" data-image-description=\"\" data-medium-file=\"https:\/\/www.brg9.at\/web\/wp-content\/uploads\/2025\/09\/Bildschirmfoto-2025-09-14-um-08.45.04-596x559.png\" data-large-file=\"https:\/\/www.brg9.at\/web\/wp-content\/uploads\/2025\/09\/Bildschirmfoto-2025-09-14-um-08.45.04-1024x960.png\" loading=\"lazy\" width=\"1024\" height=\"960\" src=\"https:\/\/www.brg9.at\/web\/wp-content\/uploads\/2025\/09\/Bildschirmfoto-2025-09-14-um-08.45.04-1024x960.png\" alt=\"\" data-id=\"16251\" data-full-url=\"https:\/\/www.brg9.at\/web\/wp-content\/uploads\/2025\/09\/Bildschirmfoto-2025-09-14-um-08.45.04.png\" data-link=\"https:\/\/www.brg9.at\/web\/?attachment_id=16251\" class=\"wp-image-16251\" srcset=\"https:\/\/www.brg9.at\/web\/wp-content\/uploads\/2025\/09\/Bildschirmfoto-2025-09-14-um-08.45.04-1024x960.png 1024w, https:\/\/www.brg9.at\/web\/wp-content\/uploads\/2025\/09\/Bildschirmfoto-2025-09-14-um-08.45.04-596x559.png 596w, https:\/\/www.brg9.at\/web\/wp-content\/uploads\/2025\/09\/Bildschirmfoto-2025-09-14-um-08.45.04.png 1190w\" sizes=\"(max-width: 709px) 85vw, (max-width: 909px) 67vw, (max-width: 1362px) 62vw, 840px\" \/><\/figure><\/li><li class=\"blocks-gallery-item\"><figure><img data-attachment-id=\"16252\" data-permalink=\"https:\/\/www.brg9.at\/web\/?attachment_id=16252\" data-orig-file=\"https:\/\/www.brg9.at\/web\/wp-content\/uploads\/2025\/09\/IMG_9804.jpg\" data-orig-size=\"1000,1333\" data-comments-opened=\"0\" data-image-meta=\"{&quot;aperture&quot;:&quot;1.8&quot;,&quot;credit&quot;:&quot;&quot;,&quot;camera&quot;:&quot;iPhone 11&quot;,&quot;caption&quot;:&quot;&quot;,&quot;created_timestamp&quot;:&quot;1756980505&quot;,&quot;copyright&quot;:&quot;&quot;,&quot;focal_length&quot;:&quot;4.25&quot;,&quot;iso&quot;:&quot;125&quot;,&quot;shutter_speed&quot;:&quot;0.012345679012346&quot;,&quot;title&quot;:&quot;&quot;,&quot;orientation&quot;:&quot;1&quot;}\" data-image-title=\"IMG_9804\" data-image-description=\"\" data-medium-file=\"https:\/\/www.brg9.at\/web\/wp-content\/uploads\/2025\/09\/IMG_9804-450x600.jpg\" data-large-file=\"https:\/\/www.brg9.at\/web\/wp-content\/uploads\/2025\/09\/IMG_9804-768x1024.jpg\" loading=\"lazy\" width=\"768\" height=\"1024\" src=\"https:\/\/www.brg9.at\/web\/wp-content\/uploads\/2025\/09\/IMG_9804-768x1024.jpg\" alt=\"\" data-id=\"16252\" data-full-url=\"https:\/\/www.brg9.at\/web\/wp-content\/uploads\/2025\/09\/IMG_9804.jpg\" data-link=\"https:\/\/www.brg9.at\/web\/?attachment_id=16252\" class=\"wp-image-16252\" srcset=\"https:\/\/www.brg9.at\/web\/wp-content\/uploads\/2025\/09\/IMG_9804-768x1024.jpg 768w, https:\/\/www.brg9.at\/web\/wp-content\/uploads\/2025\/09\/IMG_9804-450x600.jpg 450w, https:\/\/www.brg9.at\/web\/wp-content\/uploads\/2025\/09\/IMG_9804.jpg 1000w\" sizes=\"(max-width: 709px) 85vw, (max-width: 909px) 67vw, (max-width: 984px) 61vw, (max-width: 1362px) 45vw, 600px\" \/><\/figure><\/li><\/ul><\/figure>\n<div class=\"sharedaddy sd-sharing-enabled\"><div class=\"robots-nocontent sd-block sd-social sd-social-icon-text sd-sharing\"><h3 class=\"sd-title\">Diesen Inhalt teilen:<\/h3><div class=\"sd-content\"><ul><li class=\"share-facebook\"><a rel=\"nofollow noopener noreferrer\" data-shared=\"sharing-facebook-16246\" class=\"share-facebook sd-button share-icon\" href=\"https:\/\/www.brg9.at\/web\/?p=16246&amp;share=facebook\" target=\"_blank\" title=\"Klick, um auf Facebook zu teilen\"><span>Facebook<\/span><\/a><\/li><li class=\"share-jetpack-whatsapp\"><a rel=\"nofollow noopener noreferrer\" data-shared=\"\" class=\"share-jetpack-whatsapp sd-button share-icon\" href=\"https:\/\/www.brg9.at\/web\/?p=16246&amp;share=jetpack-whatsapp\" target=\"_blank\" title=\"Klicken, um auf WhatsApp zu teilen\"><span>WhatsApp<\/span><\/a><\/li><li class=\"share-print\"><a rel=\"nofollow noopener noreferrer\" data-shared=\"\" class=\"share-print sd-button share-icon\" href=\"https:\/\/www.brg9.at\/web\/?p=16246\" target=\"_blank\" title=\"Klicken zum Ausdrucken\"><span>Drucken<\/span><\/a><\/li><li class=\"share-end\"><\/li><\/ul><\/div><\/div><\/div>","protected":false},"excerpt":{"rendered":"<p>Am Donnerstag, den 4. September 2025, hat am BRG 9 zum ersten Mal ein schulweiter Aktionstag rund um die 17 Nachhaltigkeitsziele (SDGs)\u00a0stattgefunden. Alle Sch\u00fclerinnen und Sch\u00fcler besch\u00e4ftigten sich an diesem besonderen Tag intensiv mit Themen der Nachhaltigkeit \u2013 sei es in Workshops oder bei Exkursionen. Gemeinsam mit 19 externen Partnerorganisationen\u00a0entstand ein vielf\u00e4ltiges Programm, das neue &hellip; <a href=\"https:\/\/www.brg9.at\/web\/?p=16246\" class=\"more-link\"><span class=\"screen-reader-text\">&#8222;SDG-Aktionstag am BRG 9&#8220; <\/span>weiterlesen<\/a><\/p>\n<div class=\"sharedaddy sd-sharing-enabled\"><div class=\"robots-nocontent sd-block sd-social sd-social-icon-text sd-sharing\"><h3 class=\"sd-title\">Diesen Inhalt teilen:<\/h3><div class=\"sd-content\"><ul><li class=\"share-facebook\"><a rel=\"nofollow noopener noreferrer\" data-shared=\"sharing-facebook-16246\" class=\"share-facebook sd-button share-icon\" href=\"https:\/\/www.brg9.at\/web\/?p=16246&amp;share=facebook\" target=\"_blank\" title=\"Klick, um auf Facebook zu teilen\"><span>Facebook<\/span><\/a><\/li><li class=\"share-jetpack-whatsapp\"><a rel=\"nofollow noopener noreferrer\" data-shared=\"\" class=\"share-jetpack-whatsapp sd-button share-icon\" href=\"https:\/\/www.brg9.at\/web\/?p=16246&amp;share=jetpack-whatsapp\" target=\"_blank\" title=\"Klicken, um auf WhatsApp zu teilen\"><span>WhatsApp<\/span><\/a><\/li><li class=\"share-print\"><a rel=\"nofollow noopener noreferrer\" data-shared=\"\" class=\"share-print sd-button share-icon\" href=\"https:\/\/www.brg9.at\/web\/?p=16246\" target=\"_blank\" title=\"Klicken zum Ausdrucken\"><span>Drucken<\/span><\/a><\/li><li class=\"share-end\"><\/li><\/ul><\/div><\/div><\/div>","protected":false},"author":7,"featured_media":0,"comment_status":"closed","ping_status":"open","sticky":false,"template":"","format":"standard","meta":{"ngg_post_thumbnail":0,"spay_email":""},"categories":[1],"tags":[],"yoast_head":"<!-- This site is optimized with the Yoast SEO plugin v16.2 - https:\/\/yoast.com\/wordpress\/plugins\/seo\/ -->\n<title>SDG-Aktionstag am BRG 9 &raquo; BRG9, Erich Fried Realgymnasium<\/title>\n<meta name=\"robots\" content=\"index, follow, max-snippet:-1, max-image-preview:large, max-video-preview:-1\" \/>\n<link rel=\"canonical\" href=\"https:\/\/www.brg9.at\/web\/?p=16246\" \/>\n<meta property=\"og:locale\" content=\"de_DE\" \/>\n<meta property=\"og:type\" content=\"article\" \/>\n<meta property=\"og:title\" content=\"SDG-Aktionstag am BRG 9 &raquo; BRG9, Erich Fried Realgymnasium\" \/>\n<meta property=\"og:description\" content=\"Am Donnerstag, den 4. September 2025, hat am BRG 9 zum ersten Mal ein schulweiter Aktionstag rund um die 17 Nachhaltigkeitsziele (SDGs)\u00a0stattgefunden. Alle Sch\u00fclerinnen und Sch\u00fcler besch\u00e4ftigten sich an diesem besonderen Tag intensiv mit Themen der Nachhaltigkeit \u2013 sei es in Workshops oder bei Exkursionen. Gemeinsam mit 19 externen Partnerorganisationen\u00a0entstand ein vielf\u00e4ltiges Programm, das neue &hellip; &#8222;SDG-Aktionstag am BRG 9&#8220; weiterlesen\" \/>\n<meta property=\"og:url\" content=\"https:\/\/www.brg9.at\/web\/?p=16246\" \/>\n<meta property=\"og:site_name\" content=\"BRG9, Erich Fried Realgymnasium\" \/>\n<meta property=\"article:published_time\" content=\"2025-09-13T21:46:35+00:00\" \/>\n<meta property=\"article:modified_time\" content=\"2025-09-14T14:53:04+00:00\" \/>\n<meta property=\"og:image\" content=\"https:\/\/www.brg9.at\/web\/wp-content\/uploads\/2025\/09\/Bildschirmfoto-2025-09-14-um-08.45.04-1024x960.png\" \/>\n<meta name=\"twitter:card\" content=\"summary\" \/>\n<meta name=\"twitter:label1\" content=\"Gesch\u00e4tzte Lesezeit\">\n\t<meta name=\"twitter:data1\" content=\"1 Minute\">\n<script type=\"application\/ld+json\" class=\"yoast-schema-graph\">{\"@context\":\"https:\/\/schema.org\",\"@graph\":[{\"@type\":\"WebSite\",\"@id\":\"https:\/\/www.brg9.at\/web\/#website\",\"url\":\"https:\/\/www.brg9.at\/web\/\",\"name\":\"BRG9, Erich Fried Realgymnasium\",\"description\":\"Die Website des BRG9 - Erich Fried Realgymnasium. Wien 9, Glasergasse 25.\",\"potentialAction\":[{\"@type\":\"SearchAction\",\"target\":\"https:\/\/www.brg9.at\/web\/?s={search_term_string}\",\"query-input\":\"required name=search_term_string\"}],\"inLanguage\":\"de-DE\"},{\"@type\":\"ImageObject\",\"@id\":\"https:\/\/www.brg9.at\/web\/?p=16246#primaryimage\",\"inLanguage\":\"de-DE\",\"url\":\"https:\/\/www.brg9.at\/web\/wp-content\/uploads\/2025\/09\/Bildschirmfoto-2025-09-14-um-08.45.04.png\",\"contentUrl\":\"https:\/\/www.brg9.at\/web\/wp-content\/uploads\/2025\/09\/Bildschirmfoto-2025-09-14-um-08.45.04.png\",\"width\":1190,\"height\":1116},{\"@type\":\"WebPage\",\"@id\":\"https:\/\/www.brg9.at\/web\/?p=16246#webpage\",\"url\":\"https:\/\/www.brg9.at\/web\/?p=16246\",\"name\":\"SDG-Aktionstag am BRG 9 &raquo; BRG9, Erich Fried Realgymnasium\",\"isPartOf\":{\"@id\":\"https:\/\/www.brg9.at\/web\/#website\"},\"primaryImageOfPage\":{\"@id\":\"https:\/\/www.brg9.at\/web\/?p=16246#primaryimage\"},\"datePublished\":\"2025-09-13T21:46:35+00:00\",\"dateModified\":\"2025-09-14T14:53:04+00:00\",\"author\":{\"@id\":\"https:\/\/www.brg9.at\/web\/#\/schema\/person\/5b2e8635b2f470a9518011802bfa34dd\"},\"breadcrumb\":{\"@id\":\"https:\/\/www.brg9.at\/web\/?p=16246#breadcrumb\"},\"inLanguage\":\"de-DE\",\"potentialAction\":[{\"@type\":\"ReadAction\",\"target\":[\"https:\/\/www.brg9.at\/web\/?p=16246\"]}]},{\"@type\":\"BreadcrumbList\",\"@id\":\"https:\/\/www.brg9.at\/web\/?p=16246#breadcrumb\",\"itemListElement\":[{\"@type\":\"ListItem\",\"position\":1,\"item\":{\"@type\":\"WebPage\",\"@id\":\"https:\/\/www.brg9.at\/web\/\",\"url\":\"https:\/\/www.brg9.at\/web\/\",\"name\":\"Home\"}},{\"@type\":\"ListItem\",\"position\":2,\"item\":{\"@id\":\"https:\/\/www.brg9.at\/web\/?p=16246#webpage\"}}]},{\"@type\":\"Person\",\"@id\":\"https:\/\/www.brg9.at\/web\/#\/schema\/person\/5b2e8635b2f470a9518011802bfa34dd\",\"name\":\"Monika Simmerstatter\"}]}<\/script>\n<!-- \/ Yoast SEO plugin. -->","jetpack_featured_media_url":"","jetpack_sharing_enabled":true,"_links":{"self":[{"href":"https:\/\/www.brg9.at\/web\/index.php?rest_route=\/wp\/v2\/posts\/16246"}],"collection":[{"href":"https:\/\/www.brg9.at\/web\/index.php?rest_route=\/wp\/v2\/posts"}],"about":[{"href":"https:\/\/www.brg9.at\/web\/index.php?rest_route=\/wp\/v2\/types\/post"}],"author":[{"embeddable":true,"href":"https:\/\/www.brg9.at\/web\/index.php?rest_route=\/wp\/v2\/users\/7"}],"replies":[{"embeddable":true,"href":"https:\/\/www.brg9.at\/web\/index.php?rest_route=%2Fwp%2Fv2%2Fcomments&post=16246"}],"version-history":[{"count":3,"href":"https:\/\/www.brg9.at\/web\/index.php?rest_route=\/wp\/v2\/posts\/16246\/revisions"}],"predecessor-version":[{"id":16253,"href":"https:\/\/www.brg9.at\/web\/index.php?rest_route=\/wp\/v2\/posts\/16246\/revisions\/16253"}],"wp:attachment":[{"href":"https:\/\/www.brg9.at\/web\/index.php?rest_route=%2Fwp%2Fv2%2Fmedia&parent=16246"}],"wp:term":[{"taxonomy":"category","embeddable":true,"href":"https:\/\/www.brg9.at\/web\/index.php?rest_route=%2Fwp%2Fv2%2Fcategories&post=16246"},{"taxonomy":"post_tag","embeddable":true,"href":"https:\/\/www.brg9.at\/web\/index.php?rest_route=%2Fwp%2Fv2%2Ftags&post=16246"}],"curies":[{"name":"wp","href":"https:\/\/api.w.org\/{rel}","templated":true}]}}