{"id":16266,"date":"2025-09-15T14:35:27","date_gmt":"2025-09-15T12:35:27","guid":{"rendered":"https:\/\/www.brg9.at\/web\/?p=16266"},"modified":"2025-10-09T21:43:20","modified_gmt":"2025-10-09T19:43:20","slug":"tag-der-offenen-tuer-tag-der-wiener-schulen-2","status":"publish","type":"post","link":"https:\/\/www.brg9.at\/web\/?p=16266","title":{"rendered":"Tag der offenen T\u00fcr \/ Tag der Wiener Schulen"},"content":{"rendered":"\n<p>Unser<strong> Tag der offenen T\u00fcr<\/strong> findet heuer am&nbsp;<strong>8. Oktober 2025 (Mittwoch)<\/strong>&nbsp;von&nbsp;<strong>09:00 bis 14:00 Uhr&nbsp;<\/strong>statt. <\/p>\n\n\n\n<p>Lassen Sie sich von unseren Sch\u00fcler:innen-Guides durch das Schulhaus f\u00fchren und schnuppern Sie in verschiedene Unterrichtsstunden hinein. Wir laden Sie auch herzlich ein, an unserem abwechslungsreichen Rahmenprogramm teilzunehmen. Dabei k\u00f6nnen Sie dem Vortrag des Direktors beiwohnen, das Angebot der Schule mittels Informationsst\u00e4nde kennenlernen, eine Erfrischung am Buffet genie\u00dfen und vieles mehr. Das Programm finden Sie <a href=\"https:\/\/www.brg9.at\/web\/wp-content\/uploads\/2025\/09\/TdoT-Rahmenprogramm.pdf\">hier<\/a>. Wir freuen uns darauf, Sie am Erich Fried Realgymnasium begr\u00fc\u00dfen zu d\u00fcrfen.<\/p>\n<div class=\"sharedaddy sd-sharing-enabled\"><div class=\"robots-nocontent sd-block sd-social sd-social-icon-text sd-sharing\"><h3 class=\"sd-title\">Diesen Inhalt teilen:<\/h3><div class=\"sd-content\"><ul><li class=\"share-facebook\"><a rel=\"nofollow noopener noreferrer\" data-shared=\"sharing-facebook-16266\" class=\"share-facebook sd-button share-icon\" href=\"https:\/\/www.brg9.at\/web\/?p=16266&amp;share=facebook\" target=\"_blank\" title=\"Klick, um auf Facebook zu teilen\"><span>Facebook<\/span><\/a><\/li><li class=\"share-jetpack-whatsapp\"><a rel=\"nofollow noopener noreferrer\" data-shared=\"\" class=\"share-jetpack-whatsapp sd-button share-icon\" href=\"https:\/\/www.brg9.at\/web\/?p=16266&amp;share=jetpack-whatsapp\" target=\"_blank\" title=\"Klicken, um auf WhatsApp zu teilen\"><span>WhatsApp<\/span><\/a><\/li><li class=\"share-print\"><a rel=\"nofollow noopener noreferrer\" data-shared=\"\" class=\"share-print sd-button share-icon\" href=\"https:\/\/www.brg9.at\/web\/?p=16266\" target=\"_blank\" title=\"Klicken zum Ausdrucken\"><span>Drucken<\/span><\/a><\/li><li class=\"share-end\"><\/li><\/ul><\/div><\/div><\/div>","protected":false},"excerpt":{"rendered":"<p>Unser Tag der offenen T\u00fcr findet heuer am&nbsp;8. Oktober 2025 (Mittwoch)&nbsp;von&nbsp;09:00 bis 14:00 Uhr&nbsp;statt. Lassen Sie sich von unseren Sch\u00fcler:innen-Guides durch das Schulhaus f\u00fchren und schnuppern Sie in verschiedene Unterrichtsstunden hinein. Wir laden Sie auch herzlich ein, an unserem abwechslungsreichen Rahmenprogramm teilzunehmen. Dabei k\u00f6nnen Sie dem Vortrag des Direktors beiwohnen, das Angebot der Schule mittels &hellip; <a href=\"https:\/\/www.brg9.at\/web\/?p=16266\" class=\"more-link\"><span class=\"screen-reader-text\">&#8222;Tag der offenen T\u00fcr \/ Tag der Wiener Schulen&#8220; <\/span>weiterlesen<\/a><\/p>\n<div class=\"sharedaddy sd-sharing-enabled\"><div class=\"robots-nocontent sd-block sd-social sd-social-icon-text sd-sharing\"><h3 class=\"sd-title\">Diesen Inhalt teilen:<\/h3><div class=\"sd-content\"><ul><li class=\"share-facebook\"><a rel=\"nofollow noopener noreferrer\" data-shared=\"sharing-facebook-16266\" class=\"share-facebook sd-button share-icon\" href=\"https:\/\/www.brg9.at\/web\/?p=16266&amp;share=facebook\" target=\"_blank\" title=\"Klick, um auf Facebook zu teilen\"><span>Facebook<\/span><\/a><\/li><li class=\"share-jetpack-whatsapp\"><a rel=\"nofollow noopener noreferrer\" data-shared=\"\" class=\"share-jetpack-whatsapp sd-button share-icon\" href=\"https:\/\/www.brg9.at\/web\/?p=16266&amp;share=jetpack-whatsapp\" target=\"_blank\" title=\"Klicken, um auf WhatsApp zu teilen\"><span>WhatsApp<\/span><\/a><\/li><li class=\"share-print\"><a rel=\"nofollow noopener noreferrer\" data-shared=\"\" class=\"share-print sd-button share-icon\" href=\"https:\/\/www.brg9.at\/web\/?p=16266\" target=\"_blank\" title=\"Klicken zum Ausdrucken\"><span>Drucken<\/span><\/a><\/li><li class=\"share-end\"><\/li><\/ul><\/div><\/div><\/div>","protected":false},"author":14,"featured_media":0,"comment_status":"closed","ping_status":"open","sticky":false,"template":"","format":"standard","meta":{"ngg_post_thumbnail":0,"spay_email":""},"categories":[1],"tags":[],"yoast_head":"<!-- This site is optimized with the Yoast SEO plugin v16.2 - https:\/\/yoast.com\/wordpress\/plugins\/seo\/ -->\n<title>Tag der offenen T\u00fcr \/ Tag der Wiener Schulen &raquo; BRG9, Erich Fried Realgymnasium<\/title>\n<meta name=\"robots\" content=\"index, follow, max-snippet:-1, max-image-preview:large, max-video-preview:-1\" \/>\n<link rel=\"canonical\" href=\"https:\/\/www.brg9.at\/web\/?p=16266\" \/>\n<meta property=\"og:locale\" content=\"de_DE\" \/>\n<meta property=\"og:type\" content=\"article\" \/>\n<meta property=\"og:title\" content=\"Tag der offenen T\u00fcr \/ Tag der Wiener Schulen &raquo; BRG9, Erich Fried Realgymnasium\" \/>\n<meta property=\"og:description\" content=\"Unser Tag der offenen T\u00fcr findet heuer am&nbsp;8. Oktober 2025 (Mittwoch)&nbsp;von&nbsp;09:00 bis 14:00 Uhr&nbsp;statt. Lassen Sie sich von unseren Sch\u00fcler:innen-Guides durch das Schulhaus f\u00fchren und schnuppern Sie in verschiedene Unterrichtsstunden hinein. Wir laden Sie auch herzlich ein, an unserem abwechslungsreichen Rahmenprogramm teilzunehmen. Dabei k\u00f6nnen Sie dem Vortrag des Direktors beiwohnen, das Angebot der Schule mittels &hellip; &#8222;Tag der offenen T\u00fcr \/ Tag der Wiener Schulen&#8220; weiterlesen\" \/>\n<meta property=\"og:url\" content=\"https:\/\/www.brg9.at\/web\/?p=16266\" \/>\n<meta property=\"og:site_name\" content=\"BRG9, Erich Fried Realgymnasium\" \/>\n<meta property=\"article:published_time\" content=\"2025-09-15T12:35:27+00:00\" \/>\n<meta property=\"article:modified_time\" content=\"2025-10-09T19:43:20+00:00\" \/>\n<meta property=\"og:image\" content=\"https:\/\/www.brg9.at\/web\/wp-content\/uploads\/2016\/02\/brg9_solo_rgb_share.jpg\" \/>\n\t<meta property=\"og:image:width\" content=\"800\" \/>\n\t<meta property=\"og:image:height\" content=\"600\" \/>\n<meta name=\"twitter:card\" content=\"summary\" \/>\n<meta name=\"twitter:label1\" content=\"Gesch\u00e4tzte Lesezeit\">\n\t<meta name=\"twitter:data1\" content=\"1 Minute\">\n<script type=\"application\/ld+json\" class=\"yoast-schema-graph\">{\"@context\":\"https:\/\/schema.org\",\"@graph\":[{\"@type\":\"WebSite\",\"@id\":\"https:\/\/www.brg9.at\/web\/#website\",\"url\":\"https:\/\/www.brg9.at\/web\/\",\"name\":\"BRG9, Erich Fried Realgymnasium\",\"description\":\"Die Website des BRG9 - Erich Fried Realgymnasium. Wien 9, Glasergasse 25.\",\"potentialAction\":[{\"@type\":\"SearchAction\",\"target\":\"https:\/\/www.brg9.at\/web\/?s={search_term_string}\",\"query-input\":\"required name=search_term_string\"}],\"inLanguage\":\"de-DE\"},{\"@type\":\"WebPage\",\"@id\":\"https:\/\/www.brg9.at\/web\/?p=16266#webpage\",\"url\":\"https:\/\/www.brg9.at\/web\/?p=16266\",\"name\":\"Tag der offenen T\\u00fcr \/ Tag der Wiener Schulen &raquo; BRG9, Erich Fried Realgymnasium\",\"isPartOf\":{\"@id\":\"https:\/\/www.brg9.at\/web\/#website\"},\"datePublished\":\"2025-09-15T12:35:27+00:00\",\"dateModified\":\"2025-10-09T19:43:20+00:00\",\"author\":{\"@id\":\"https:\/\/www.brg9.at\/web\/#\/schema\/person\/45f5a6c7cd99cc3130244c46d3e4c9d9\"},\"breadcrumb\":{\"@id\":\"https:\/\/www.brg9.at\/web\/?p=16266#breadcrumb\"},\"inLanguage\":\"de-DE\",\"potentialAction\":[{\"@type\":\"ReadAction\",\"target\":[\"https:\/\/www.brg9.at\/web\/?p=16266\"]}]},{\"@type\":\"BreadcrumbList\",\"@id\":\"https:\/\/www.brg9.at\/web\/?p=16266#breadcrumb\",\"itemListElement\":[{\"@type\":\"ListItem\",\"position\":1,\"item\":{\"@type\":\"WebPage\",\"@id\":\"https:\/\/www.brg9.at\/web\/\",\"url\":\"https:\/\/www.brg9.at\/web\/\",\"name\":\"Home\"}},{\"@type\":\"ListItem\",\"position\":2,\"item\":{\"@id\":\"https:\/\/www.brg9.at\/web\/?p=16266#webpage\"}}]},{\"@type\":\"Person\",\"@id\":\"https:\/\/www.brg9.at\/web\/#\/schema\/person\/45f5a6c7cd99cc3130244c46d3e4c9d9\",\"name\":\"Andreas Obenaus\"}]}<\/script>\n<!-- \/ Yoast SEO plugin. -->","jetpack_featured_media_url":"","jetpack_sharing_enabled":true,"_links":{"self":[{"href":"https:\/\/www.brg9.at\/web\/index.php?rest_route=\/wp\/v2\/posts\/16266"}],"collection":[{"href":"https:\/\/www.brg9.at\/web\/index.php?rest_route=\/wp\/v2\/posts"}],"about":[{"href":"https:\/\/www.brg9.at\/web\/index.php?rest_route=\/wp\/v2\/types\/post"}],"author":[{"embeddable":true,"href":"https:\/\/www.brg9.at\/web\/index.php?rest_route=\/wp\/v2\/users\/14"}],"replies":[{"embeddable":true,"href":"https:\/\/www.brg9.at\/web\/index.php?rest_route=%2Fwp%2Fv2%2Fcomments&post=16266"}],"version-history":[{"count":7,"href":"https:\/\/www.brg9.at\/web\/index.php?rest_route=\/wp\/v2\/posts\/16266\/revisions"}],"predecessor-version":[{"id":16371,"href":"https:\/\/www.brg9.at\/web\/index.php?rest_route=\/wp\/v2\/posts\/16266\/revisions\/16371"}],"wp:attachment":[{"href":"https:\/\/www.brg9.at\/web\/index.php?rest_route=%2Fwp%2Fv2%2Fmedia&parent=16266"}],"wp:term":[{"taxonomy":"category","embeddable":true,"href":"https:\/\/www.brg9.at\/web\/index.php?rest_route=%2Fwp%2Fv2%2Fcategories&post=16266"},{"taxonomy":"post_tag","embeddable":true,"href":"https:\/\/www.brg9.at\/web\/index.php?rest_route=%2Fwp%2Fv2%2Ftags&post=16266"}],"curies":[{"name":"wp","href":"https:\/\/api.w.org\/{rel}","templated":true}]}}