{"id":1683,"date":"2016-10-12T20:06:07","date_gmt":"2016-10-12T18:06:07","guid":{"rendered":"http:\/\/www.brg9.at\/web\/?p=1683"},"modified":"2016-10-13T00:38:35","modified_gmt":"2016-10-12T22:38:35","slug":"teambildungstage-1-c","status":"publish","type":"post","link":"https:\/\/www.brg9.at\/web\/?p=1683","title":{"rendered":"Teambildungstage 1C"},"content":{"rendered":"<p>Die Teambildungstage der 1C fanden von 26. bis 28. September im JUFA Hotel Eselsm\u00fchle in Seefeld-Kadolz statt, wo sich die Sch\u00fclerinnen und Sch\u00fcler bei strahlendem Sonnenschein und gruppendynamischen Spielen im Freien austoben konnten und im Rahmen von ruhigeren Indoor-Einheiten die Gelegenheit hatten, jedes einzelne Mitglied der neuen Klassengemeinschaft besser kennenzulernen. Sowohl die Kinder als auch die Begleitlehrerinnen Prof. Br\u00e4ndle und Prof. Sereg\u00e9ly haben die drei Tage sehr genossen und hatten besonders viel Spa\u00df beim legend\u00e4ren \u201eMafiaspiel\u201c. Fotos dazu sind <a href=\"https:\/\/www.facebook.com\/brg9.at\/photos\/?tab=album&amp;album_id=1070624169701147\" target=\"_blank\">hier <\/a>zu finden!<\/p>\n<div class=\"sharedaddy sd-sharing-enabled\"><div class=\"robots-nocontent sd-block sd-social sd-social-icon-text sd-sharing\"><h3 class=\"sd-title\">Diesen Inhalt teilen:<\/h3><div class=\"sd-content\"><ul><li class=\"share-facebook\"><a rel=\"nofollow noopener noreferrer\" data-shared=\"sharing-facebook-1683\" class=\"share-facebook sd-button share-icon\" href=\"https:\/\/www.brg9.at\/web\/?p=1683&amp;share=facebook\" target=\"_blank\" title=\"Klick, um auf Facebook zu teilen\"><span>Facebook<\/span><\/a><\/li><li class=\"share-jetpack-whatsapp\"><a rel=\"nofollow noopener noreferrer\" data-shared=\"\" class=\"share-jetpack-whatsapp sd-button share-icon\" href=\"https:\/\/www.brg9.at\/web\/?p=1683&amp;share=jetpack-whatsapp\" target=\"_blank\" title=\"Klicken, um auf WhatsApp zu teilen\"><span>WhatsApp<\/span><\/a><\/li><li class=\"share-print\"><a rel=\"nofollow noopener noreferrer\" data-shared=\"\" class=\"share-print sd-button share-icon\" href=\"https:\/\/www.brg9.at\/web\/?p=1683\" target=\"_blank\" title=\"Klicken zum Ausdrucken\"><span>Drucken<\/span><\/a><\/li><li class=\"share-end\"><\/li><\/ul><\/div><\/div><\/div>","protected":false},"excerpt":{"rendered":"<p>Die Teambildungstage der 1C fanden von 26. bis 28. September im JUFA Hotel Eselsm\u00fchle in Seefeld-Kadolz statt, wo sich die Sch\u00fclerinnen und Sch\u00fcler bei strahlendem Sonnenschein und gruppendynamischen Spielen im Freien austoben konnten und im Rahmen von ruhigeren Indoor-Einheiten die Gelegenheit hatten, jedes einzelne Mitglied der neuen Klassengemeinschaft besser kennenzulernen. Sowohl die Kinder als auch &hellip; <a href=\"https:\/\/www.brg9.at\/web\/?p=1683\" class=\"more-link\"><span class=\"screen-reader-text\">&#8222;Teambildungstage 1C&#8220; <\/span>weiterlesen<\/a><\/p>\n<div class=\"sharedaddy sd-sharing-enabled\"><div class=\"robots-nocontent sd-block sd-social sd-social-icon-text sd-sharing\"><h3 class=\"sd-title\">Diesen Inhalt teilen:<\/h3><div class=\"sd-content\"><ul><li class=\"share-facebook\"><a rel=\"nofollow noopener noreferrer\" data-shared=\"sharing-facebook-1683\" class=\"share-facebook sd-button share-icon\" href=\"https:\/\/www.brg9.at\/web\/?p=1683&amp;share=facebook\" target=\"_blank\" title=\"Klick, um auf Facebook zu teilen\"><span>Facebook<\/span><\/a><\/li><li class=\"share-jetpack-whatsapp\"><a rel=\"nofollow noopener noreferrer\" data-shared=\"\" class=\"share-jetpack-whatsapp sd-button share-icon\" href=\"https:\/\/www.brg9.at\/web\/?p=1683&amp;share=jetpack-whatsapp\" target=\"_blank\" title=\"Klicken, um auf WhatsApp zu teilen\"><span>WhatsApp<\/span><\/a><\/li><li class=\"share-print\"><a rel=\"nofollow noopener noreferrer\" data-shared=\"\" class=\"share-print sd-button share-icon\" href=\"https:\/\/www.brg9.at\/web\/?p=1683\" target=\"_blank\" title=\"Klicken zum Ausdrucken\"><span>Drucken<\/span><\/a><\/li><li class=\"share-end\"><\/li><\/ul><\/div><\/div><\/div>","protected":false},"author":7,"featured_media":1684,"comment_status":"closed","ping_status":"open","sticky":false,"template":"","format":"standard","meta":{"ngg_post_thumbnail":0,"spay_email":""},"categories":[1],"tags":[],"yoast_head":"<!-- This site is optimized with the Yoast SEO plugin v16.2 - https:\/\/yoast.com\/wordpress\/plugins\/seo\/ -->\n<title>Teambildungstage 1C &raquo; BRG9, Erich Fried Realgymnasium<\/title>\n<meta name=\"robots\" content=\"index, follow, max-snippet:-1, max-image-preview:large, max-video-preview:-1\" \/>\n<link rel=\"canonical\" href=\"https:\/\/www.brg9.at\/web\/?p=1683\" \/>\n<meta property=\"og:locale\" content=\"de_DE\" \/>\n<meta property=\"og:type\" content=\"article\" \/>\n<meta property=\"og:title\" content=\"Teambildungstage 1C &raquo; BRG9, Erich Fried Realgymnasium\" \/>\n<meta property=\"og:description\" content=\"Die Teambildungstage der 1C fanden von 26. bis 28. September im JUFA Hotel Eselsm\u00fchle in Seefeld-Kadolz statt, wo sich die Sch\u00fclerinnen und Sch\u00fcler bei strahlendem Sonnenschein und gruppendynamischen Spielen im Freien austoben konnten und im Rahmen von ruhigeren Indoor-Einheiten die Gelegenheit hatten, jedes einzelne Mitglied der neuen Klassengemeinschaft besser kennenzulernen. Sowohl die Kinder als auch &hellip; &#8222;Teambildungstage 1C&#8220; weiterlesen\" \/>\n<meta property=\"og:url\" content=\"https:\/\/www.brg9.at\/web\/?p=1683\" \/>\n<meta property=\"og:site_name\" content=\"BRG9, Erich Fried Realgymnasium\" \/>\n<meta property=\"article:published_time\" content=\"2016-10-12T18:06:07+00:00\" \/>\n<meta property=\"article:modified_time\" content=\"2016-10-12T22:38:35+00:00\" \/>\n<meta property=\"og:image\" content=\"https:\/\/www.brg9.at\/web\/wp-content\/uploads\/2016\/10\/14633351_1070625686367662_1741324286515362875_o.jpg\" \/>\n\t<meta property=\"og:image:width\" content=\"1008\" \/>\n\t<meta property=\"og:image:height\" content=\"756\" \/>\n<meta name=\"twitter:card\" content=\"summary\" \/>\n<script type=\"application\/ld+json\" class=\"yoast-schema-graph\">{\"@context\":\"https:\/\/schema.org\",\"@graph\":[{\"@type\":\"WebSite\",\"@id\":\"https:\/\/www.brg9.at\/web\/#website\",\"url\":\"https:\/\/www.brg9.at\/web\/\",\"name\":\"BRG9, Erich Fried Realgymnasium\",\"description\":\"Die Website des BRG9 - Erich Fried Realgymnasium. Wien 9, Glasergasse 25.\",\"potentialAction\":[{\"@type\":\"SearchAction\",\"target\":\"https:\/\/www.brg9.at\/web\/?s={search_term_string}\",\"query-input\":\"required name=search_term_string\"}],\"inLanguage\":\"de-DE\"},{\"@type\":\"ImageObject\",\"@id\":\"https:\/\/www.brg9.at\/web\/?p=1683#primaryimage\",\"inLanguage\":\"de-DE\",\"url\":\"https:\/\/www.brg9.at\/web\/wp-content\/uploads\/2016\/10\/14633351_1070625686367662_1741324286515362875_o.jpg\",\"contentUrl\":\"https:\/\/www.brg9.at\/web\/wp-content\/uploads\/2016\/10\/14633351_1070625686367662_1741324286515362875_o.jpg\",\"width\":1008,\"height\":756},{\"@type\":\"WebPage\",\"@id\":\"https:\/\/www.brg9.at\/web\/?p=1683#webpage\",\"url\":\"https:\/\/www.brg9.at\/web\/?p=1683\",\"name\":\"Teambildungstage 1C &raquo; BRG9, Erich Fried Realgymnasium\",\"isPartOf\":{\"@id\":\"https:\/\/www.brg9.at\/web\/#website\"},\"primaryImageOfPage\":{\"@id\":\"https:\/\/www.brg9.at\/web\/?p=1683#primaryimage\"},\"datePublished\":\"2016-10-12T18:06:07+00:00\",\"dateModified\":\"2016-10-12T22:38:35+00:00\",\"author\":{\"@id\":\"https:\/\/www.brg9.at\/web\/#\/schema\/person\/5b2e8635b2f470a9518011802bfa34dd\"},\"breadcrumb\":{\"@id\":\"https:\/\/www.brg9.at\/web\/?p=1683#breadcrumb\"},\"inLanguage\":\"de-DE\",\"potentialAction\":[{\"@type\":\"ReadAction\",\"target\":[\"https:\/\/www.brg9.at\/web\/?p=1683\"]}]},{\"@type\":\"BreadcrumbList\",\"@id\":\"https:\/\/www.brg9.at\/web\/?p=1683#breadcrumb\",\"itemListElement\":[{\"@type\":\"ListItem\",\"position\":1,\"item\":{\"@type\":\"WebPage\",\"@id\":\"https:\/\/www.brg9.at\/web\/\",\"url\":\"https:\/\/www.brg9.at\/web\/\",\"name\":\"Home\"}},{\"@type\":\"ListItem\",\"position\":2,\"item\":{\"@id\":\"https:\/\/www.brg9.at\/web\/?p=1683#webpage\"}}]},{\"@type\":\"Person\",\"@id\":\"https:\/\/www.brg9.at\/web\/#\/schema\/person\/5b2e8635b2f470a9518011802bfa34dd\",\"name\":\"Monika Simmerstatter\"}]}<\/script>\n<!-- \/ Yoast SEO plugin. -->","jetpack_featured_media_url":"https:\/\/www.brg9.at\/web\/wp-content\/uploads\/2016\/10\/14633351_1070625686367662_1741324286515362875_o.jpg","jetpack_sharing_enabled":true,"_links":{"self":[{"href":"https:\/\/www.brg9.at\/web\/index.php?rest_route=\/wp\/v2\/posts\/1683"}],"collection":[{"href":"https:\/\/www.brg9.at\/web\/index.php?rest_route=\/wp\/v2\/posts"}],"about":[{"href":"https:\/\/www.brg9.at\/web\/index.php?rest_route=\/wp\/v2\/types\/post"}],"author":[{"embeddable":true,"href":"https:\/\/www.brg9.at\/web\/index.php?rest_route=\/wp\/v2\/users\/7"}],"replies":[{"embeddable":true,"href":"https:\/\/www.brg9.at\/web\/index.php?rest_route=%2Fwp%2Fv2%2Fcomments&post=1683"}],"version-history":[{"count":3,"href":"https:\/\/www.brg9.at\/web\/index.php?rest_route=\/wp\/v2\/posts\/1683\/revisions"}],"predecessor-version":[{"id":1688,"href":"https:\/\/www.brg9.at\/web\/index.php?rest_route=\/wp\/v2\/posts\/1683\/revisions\/1688"}],"wp:featuredmedia":[{"embeddable":true,"href":"https:\/\/www.brg9.at\/web\/index.php?rest_route=\/wp\/v2\/media\/1684"}],"wp:attachment":[{"href":"https:\/\/www.brg9.at\/web\/index.php?rest_route=%2Fwp%2Fv2%2Fmedia&parent=1683"}],"wp:term":[{"taxonomy":"category","embeddable":true,"href":"https:\/\/www.brg9.at\/web\/index.php?rest_route=%2Fwp%2Fv2%2Fcategories&post=1683"},{"taxonomy":"post_tag","embeddable":true,"href":"https:\/\/www.brg9.at\/web\/index.php?rest_route=%2Fwp%2Fv2%2Ftags&post=1683"}],"curies":[{"name":"wp","href":"https:\/\/api.w.org\/{rel}","templated":true}]}}