{"id":17077,"date":"2026-03-17T15:38:16","date_gmt":"2026-03-17T14:38:16","guid":{"rendered":"https:\/\/www.brg9.at\/web\/?p=17077"},"modified":"2026-03-28T06:31:29","modified_gmt":"2026-03-28T05:31:29","slug":"klimawandel-museum-der-5-klassen","status":"publish","type":"post","link":"https:\/\/www.brg9.at\/web\/?p=17077","title":{"rendered":"Klimawandel-Museum der 5. Klassen"},"content":{"rendered":"\n<p>Am 12. M\u00e4rz 2026 verwandelte sich der Festsaal unserer Schule in ein Klimawandel-Museum. Die Sch\u00fcler:innen der 5. Klassen pr\u00e4sentierten dort ihre selbst erarbeiteten Projekte zu verschiedenen Aspekten des Klimawandels. Sie besch\u00e4ftigten sich unter anderem mit Themen wie Treibhauseffekt, Meeresverschmutzung, Korallenriffen, Fast Fashion, Klimamigration, Fake News zum Klimawandel\u00a0und bedrohten Lebensr\u00e4umen. Es entstanden kreative Ausstellungsst\u00fccke wie Modelle, Plakate, Experimente und ein Film. So entstand ein lebendiger Lernort, an dem Wissen geteilt, diskutiert und anschaulich vermittelt wurde. Die Ausstellung zeigte eindrucksvoll, wie engagiert sich bereits unsere j\u00fcngsten Sch\u00fcler:innen mit den Herausforderungen des Klimawandels auseinandersetzen. Ein gro\u00dfes Dankesch\u00f6n an alle beteiligten Sch\u00fcler:innen der 5. Klassen f\u00fcr ihre kreativen Ideen und die gelungene Pr\u00e4sentation! Fotos finden Sie <a href=\"https:\/\/www.brg9.at\/web\/index.php\/nggallery\/fotos-schuljahr-2025-26\/klimawandel-museum?page_id=16083\" target=\"_blank\" rel=\"noreferrer noopener\">hier<\/a>.<\/p>\n<div class=\"sharedaddy sd-sharing-enabled\"><div class=\"robots-nocontent sd-block sd-social sd-social-icon-text sd-sharing\"><h3 class=\"sd-title\">Diesen Inhalt teilen:<\/h3><div class=\"sd-content\"><ul><li class=\"share-facebook\"><a rel=\"nofollow noopener noreferrer\" data-shared=\"sharing-facebook-17077\" class=\"share-facebook sd-button share-icon\" href=\"https:\/\/www.brg9.at\/web\/?p=17077&amp;share=facebook\" target=\"_blank\" title=\"Klick, um auf Facebook zu teilen\"><span>Facebook<\/span><\/a><\/li><li class=\"share-jetpack-whatsapp\"><a rel=\"nofollow noopener noreferrer\" data-shared=\"\" class=\"share-jetpack-whatsapp sd-button share-icon\" href=\"https:\/\/www.brg9.at\/web\/?p=17077&amp;share=jetpack-whatsapp\" target=\"_blank\" title=\"Klicken, um auf WhatsApp zu teilen\"><span>WhatsApp<\/span><\/a><\/li><li class=\"share-print\"><a rel=\"nofollow noopener noreferrer\" data-shared=\"\" class=\"share-print sd-button share-icon\" href=\"https:\/\/www.brg9.at\/web\/?p=17077\" target=\"_blank\" title=\"Klicken zum Ausdrucken\"><span>Drucken<\/span><\/a><\/li><li class=\"share-end\"><\/li><\/ul><\/div><\/div><\/div>","protected":false},"excerpt":{"rendered":"<p>Am 12. M\u00e4rz 2026 verwandelte sich der Festsaal unserer Schule in ein Klimawandel-Museum. Die Sch\u00fcler:innen der 5. Klassen pr\u00e4sentierten dort ihre selbst erarbeiteten Projekte zu verschiedenen Aspekten des Klimawandels. Sie besch\u00e4ftigten sich unter anderem mit Themen wie Treibhauseffekt, Meeresverschmutzung, Korallenriffen, Fast Fashion, Klimamigration, Fake News zum Klimawandel\u00a0und bedrohten Lebensr\u00e4umen. Es entstanden kreative Ausstellungsst\u00fccke wie Modelle, &hellip; <a href=\"https:\/\/www.brg9.at\/web\/?p=17077\" class=\"more-link\"><span class=\"screen-reader-text\">&#8222;Klimawandel-Museum der 5. Klassen&#8220; <\/span>weiterlesen<\/a><\/p>\n<div class=\"sharedaddy sd-sharing-enabled\"><div class=\"robots-nocontent sd-block sd-social sd-social-icon-text sd-sharing\"><h3 class=\"sd-title\">Diesen Inhalt teilen:<\/h3><div class=\"sd-content\"><ul><li class=\"share-facebook\"><a rel=\"nofollow noopener noreferrer\" data-shared=\"sharing-facebook-17077\" class=\"share-facebook sd-button share-icon\" href=\"https:\/\/www.brg9.at\/web\/?p=17077&amp;share=facebook\" target=\"_blank\" title=\"Klick, um auf Facebook zu teilen\"><span>Facebook<\/span><\/a><\/li><li class=\"share-jetpack-whatsapp\"><a rel=\"nofollow noopener noreferrer\" data-shared=\"\" class=\"share-jetpack-whatsapp sd-button share-icon\" href=\"https:\/\/www.brg9.at\/web\/?p=17077&amp;share=jetpack-whatsapp\" target=\"_blank\" title=\"Klicken, um auf WhatsApp zu teilen\"><span>WhatsApp<\/span><\/a><\/li><li class=\"share-print\"><a rel=\"nofollow noopener noreferrer\" data-shared=\"\" class=\"share-print sd-button share-icon\" href=\"https:\/\/www.brg9.at\/web\/?p=17077\" target=\"_blank\" title=\"Klicken zum Ausdrucken\"><span>Drucken<\/span><\/a><\/li><li class=\"share-end\"><\/li><\/ul><\/div><\/div><\/div>","protected":false},"author":7,"featured_media":0,"comment_status":"closed","ping_status":"open","sticky":false,"template":"","format":"standard","meta":{"ngg_post_thumbnail":0,"spay_email":""},"categories":[1],"tags":[],"yoast_head":"<!-- This site is optimized with the Yoast SEO plugin v16.2 - https:\/\/yoast.com\/wordpress\/plugins\/seo\/ -->\n<title>Klimawandel-Museum der 5. Klassen &raquo; BRG9, Erich Fried Realgymnasium<\/title>\n<meta name=\"robots\" content=\"index, follow, max-snippet:-1, max-image-preview:large, max-video-preview:-1\" \/>\n<link rel=\"canonical\" href=\"https:\/\/www.brg9.at\/web\/?p=17077\" \/>\n<meta property=\"og:locale\" content=\"de_DE\" \/>\n<meta property=\"og:type\" content=\"article\" \/>\n<meta property=\"og:title\" content=\"Klimawandel-Museum der 5. Klassen &raquo; BRG9, Erich Fried Realgymnasium\" \/>\n<meta property=\"og:description\" content=\"Am 12. M\u00e4rz 2026 verwandelte sich der Festsaal unserer Schule in ein Klimawandel-Museum. Die Sch\u00fcler:innen der 5. Klassen pr\u00e4sentierten dort ihre selbst erarbeiteten Projekte zu verschiedenen Aspekten des Klimawandels. Sie besch\u00e4ftigten sich unter anderem mit Themen wie Treibhauseffekt, Meeresverschmutzung, Korallenriffen, Fast Fashion, Klimamigration, Fake News zum Klimawandel\u00a0und bedrohten Lebensr\u00e4umen. Es entstanden kreative Ausstellungsst\u00fccke wie Modelle, &hellip; &#8222;Klimawandel-Museum der 5. Klassen&#8220; weiterlesen\" \/>\n<meta property=\"og:url\" content=\"https:\/\/www.brg9.at\/web\/?p=17077\" \/>\n<meta property=\"og:site_name\" content=\"BRG9, Erich Fried Realgymnasium\" \/>\n<meta property=\"article:published_time\" content=\"2026-03-17T14:38:16+00:00\" \/>\n<meta property=\"article:modified_time\" content=\"2026-03-28T05:31:29+00:00\" \/>\n<meta property=\"og:image\" content=\"https:\/\/www.brg9.at\/web\/wp-content\/uploads\/2016\/02\/brg9_solo_rgb_share.jpg\" \/>\n\t<meta property=\"og:image:width\" content=\"800\" \/>\n\t<meta property=\"og:image:height\" content=\"600\" \/>\n<meta name=\"twitter:card\" content=\"summary\" \/>\n<meta name=\"twitter:label1\" content=\"Gesch\u00e4tzte Lesezeit\">\n\t<meta name=\"twitter:data1\" content=\"1 Minute\">\n<script type=\"application\/ld+json\" class=\"yoast-schema-graph\">{\"@context\":\"https:\/\/schema.org\",\"@graph\":[{\"@type\":\"WebSite\",\"@id\":\"https:\/\/www.brg9.at\/web\/#website\",\"url\":\"https:\/\/www.brg9.at\/web\/\",\"name\":\"BRG9, Erich Fried Realgymnasium\",\"description\":\"Die Website des BRG9 - Erich Fried Realgymnasium. Wien 9, Glasergasse 25.\",\"potentialAction\":[{\"@type\":\"SearchAction\",\"target\":\"https:\/\/www.brg9.at\/web\/?s={search_term_string}\",\"query-input\":\"required name=search_term_string\"}],\"inLanguage\":\"de-DE\"},{\"@type\":\"WebPage\",\"@id\":\"https:\/\/www.brg9.at\/web\/?p=17077#webpage\",\"url\":\"https:\/\/www.brg9.at\/web\/?p=17077\",\"name\":\"Klimawandel-Museum der 5. Klassen &raquo; BRG9, Erich Fried Realgymnasium\",\"isPartOf\":{\"@id\":\"https:\/\/www.brg9.at\/web\/#website\"},\"datePublished\":\"2026-03-17T14:38:16+00:00\",\"dateModified\":\"2026-03-28T05:31:29+00:00\",\"author\":{\"@id\":\"https:\/\/www.brg9.at\/web\/#\/schema\/person\/5b2e8635b2f470a9518011802bfa34dd\"},\"breadcrumb\":{\"@id\":\"https:\/\/www.brg9.at\/web\/?p=17077#breadcrumb\"},\"inLanguage\":\"de-DE\",\"potentialAction\":[{\"@type\":\"ReadAction\",\"target\":[\"https:\/\/www.brg9.at\/web\/?p=17077\"]}]},{\"@type\":\"BreadcrumbList\",\"@id\":\"https:\/\/www.brg9.at\/web\/?p=17077#breadcrumb\",\"itemListElement\":[{\"@type\":\"ListItem\",\"position\":1,\"item\":{\"@type\":\"WebPage\",\"@id\":\"https:\/\/www.brg9.at\/web\/\",\"url\":\"https:\/\/www.brg9.at\/web\/\",\"name\":\"Home\"}},{\"@type\":\"ListItem\",\"position\":2,\"item\":{\"@id\":\"https:\/\/www.brg9.at\/web\/?p=17077#webpage\"}}]},{\"@type\":\"Person\",\"@id\":\"https:\/\/www.brg9.at\/web\/#\/schema\/person\/5b2e8635b2f470a9518011802bfa34dd\",\"name\":\"Monika Simmerstatter\"}]}<\/script>\n<!-- \/ Yoast SEO plugin. -->","jetpack_featured_media_url":"","jetpack_sharing_enabled":true,"_links":{"self":[{"href":"https:\/\/www.brg9.at\/web\/index.php?rest_route=\/wp\/v2\/posts\/17077"}],"collection":[{"href":"https:\/\/www.brg9.at\/web\/index.php?rest_route=\/wp\/v2\/posts"}],"about":[{"href":"https:\/\/www.brg9.at\/web\/index.php?rest_route=\/wp\/v2\/types\/post"}],"author":[{"embeddable":true,"href":"https:\/\/www.brg9.at\/web\/index.php?rest_route=\/wp\/v2\/users\/7"}],"replies":[{"embeddable":true,"href":"https:\/\/www.brg9.at\/web\/index.php?rest_route=%2Fwp%2Fv2%2Fcomments&post=17077"}],"version-history":[{"count":6,"href":"https:\/\/www.brg9.at\/web\/index.php?rest_route=\/wp\/v2\/posts\/17077\/revisions"}],"predecessor-version":[{"id":17191,"href":"https:\/\/www.brg9.at\/web\/index.php?rest_route=\/wp\/v2\/posts\/17077\/revisions\/17191"}],"wp:attachment":[{"href":"https:\/\/www.brg9.at\/web\/index.php?rest_route=%2Fwp%2Fv2%2Fmedia&parent=17077"}],"wp:term":[{"taxonomy":"category","embeddable":true,"href":"https:\/\/www.brg9.at\/web\/index.php?rest_route=%2Fwp%2Fv2%2Fcategories&post=17077"},{"taxonomy":"post_tag","embeddable":true,"href":"https:\/\/www.brg9.at\/web\/index.php?rest_route=%2Fwp%2Fv2%2Ftags&post=17077"}],"curies":[{"name":"wp","href":"https:\/\/api.w.org\/{rel}","templated":true}]}}