{"id":2320,"date":"2017-11-13T13:08:57","date_gmt":"2017-11-13T12:08:57","guid":{"rendered":"http:\/\/www.brg9.at\/web\/?p=2320"},"modified":"2017-11-13T23:39:09","modified_gmt":"2017-11-13T22:39:09","slug":"elternsprechtag-23-11-2016-15-19-uhr","status":"publish","type":"post","link":"https:\/\/www.brg9.at\/web\/?p=2320","title":{"rendered":"Elternsprechtag 23.11.2017"},"content":{"rendered":"<p>Am Donnerstag, den 23.11.2017, findet von 15 bis 19 Uhr der allj\u00e4hrliche Elternsprechtag statt. Den Elternbrief mit genaueren Informationen zum Sprechtag finden Sie <a href=\"https:\/\/www.brg9.at\/web\/wp-content\/uploads\/2017\/11\/2984_001.pdf\" target=\"_blank\">hier<\/a>. Darin enthalten ist auch eine \u00dcbersicht, in welchem Raum Sie die LehrerInnen am Sprechtag finden. Einen <strong>Termin<\/strong> k\u00f6nnen Sie \u00fcber das elektronische Klassenbuch <strong>online ab 20.11. um 8h auf <a href=\"https:\/\/www.brg9.at\/kb\" target=\"_blank\">www.brg9.at\/kb<\/a> vereinbaren<\/strong> (bis 23.11., 12h). Eine Anleitung dazu finden Sie <a href=\"https:\/\/www.brg9.at\/web\/wp-content\/uploads\/2016\/11\/sprechtag-eltern.pdf\" target=\"_blank\">hier<\/a>.<\/p>\n<p>Haben Sie das Passwort f\u00fcr das elektronische Klassenbuch vergessen? Bitte eine e-mail an <a href=\"mailto:passwort@brg9.at\">passwort@brg9.at<\/a> mit dem Namen der Sch\u00fclerin\/des Sch\u00fclers sowie im Betreff \u201ePasswort Klassenbuch\u201c schicken.<\/p>\n<div class=\"sharedaddy sd-sharing-enabled\"><div class=\"robots-nocontent sd-block sd-social sd-social-icon-text sd-sharing\"><h3 class=\"sd-title\">Diesen Inhalt teilen:<\/h3><div class=\"sd-content\"><ul><li class=\"share-facebook\"><a rel=\"nofollow noopener noreferrer\" data-shared=\"sharing-facebook-2320\" class=\"share-facebook sd-button share-icon\" href=\"https:\/\/www.brg9.at\/web\/?p=2320&amp;share=facebook\" target=\"_blank\" title=\"Klick, um auf Facebook zu teilen\"><span>Facebook<\/span><\/a><\/li><li class=\"share-jetpack-whatsapp\"><a rel=\"nofollow noopener noreferrer\" data-shared=\"\" class=\"share-jetpack-whatsapp sd-button share-icon\" href=\"https:\/\/www.brg9.at\/web\/?p=2320&amp;share=jetpack-whatsapp\" target=\"_blank\" title=\"Klicken, um auf WhatsApp zu teilen\"><span>WhatsApp<\/span><\/a><\/li><li class=\"share-print\"><a rel=\"nofollow noopener noreferrer\" data-shared=\"\" class=\"share-print sd-button share-icon\" href=\"https:\/\/www.brg9.at\/web\/?p=2320\" target=\"_blank\" title=\"Klicken zum Ausdrucken\"><span>Drucken<\/span><\/a><\/li><li class=\"share-end\"><\/li><\/ul><\/div><\/div><\/div>","protected":false},"excerpt":{"rendered":"<p>Am Donnerstag, den 23.11.2017, findet von 15 bis 19 Uhr der allj\u00e4hrliche Elternsprechtag statt. Den Elternbrief mit genaueren Informationen zum Sprechtag finden Sie hier. Darin enthalten ist auch eine \u00dcbersicht, in welchem Raum Sie die LehrerInnen am Sprechtag finden. Einen Termin k\u00f6nnen Sie \u00fcber das elektronische Klassenbuch online ab 20.11. um 8h auf www.brg9.at\/kb vereinbaren &hellip; <a href=\"https:\/\/www.brg9.at\/web\/?p=2320\" class=\"more-link\"><span class=\"screen-reader-text\">&#8222;Elternsprechtag 23.11.2017&#8220; <\/span>weiterlesen<\/a><\/p>\n<div class=\"sharedaddy sd-sharing-enabled\"><div class=\"robots-nocontent sd-block sd-social sd-social-icon-text sd-sharing\"><h3 class=\"sd-title\">Diesen Inhalt teilen:<\/h3><div class=\"sd-content\"><ul><li class=\"share-facebook\"><a rel=\"nofollow noopener noreferrer\" data-shared=\"sharing-facebook-2320\" class=\"share-facebook sd-button share-icon\" href=\"https:\/\/www.brg9.at\/web\/?p=2320&amp;share=facebook\" target=\"_blank\" title=\"Klick, um auf Facebook zu teilen\"><span>Facebook<\/span><\/a><\/li><li class=\"share-jetpack-whatsapp\"><a rel=\"nofollow noopener noreferrer\" data-shared=\"\" class=\"share-jetpack-whatsapp sd-button share-icon\" href=\"https:\/\/www.brg9.at\/web\/?p=2320&amp;share=jetpack-whatsapp\" target=\"_blank\" title=\"Klicken, um auf WhatsApp zu teilen\"><span>WhatsApp<\/span><\/a><\/li><li class=\"share-print\"><a rel=\"nofollow noopener noreferrer\" data-shared=\"\" class=\"share-print sd-button share-icon\" href=\"https:\/\/www.brg9.at\/web\/?p=2320\" target=\"_blank\" title=\"Klicken zum Ausdrucken\"><span>Drucken<\/span><\/a><\/li><li class=\"share-end\"><\/li><\/ul><\/div><\/div><\/div>","protected":false},"author":6,"featured_media":0,"comment_status":"closed","ping_status":"open","sticky":false,"template":"","format":"standard","meta":{"ngg_post_thumbnail":0,"spay_email":""},"categories":[1],"tags":[],"yoast_head":"<!-- This site is optimized with the Yoast SEO plugin v16.2 - https:\/\/yoast.com\/wordpress\/plugins\/seo\/ -->\n<title>Elternsprechtag 23.11.2017 &raquo; BRG9, Erich Fried Realgymnasium<\/title>\n<meta name=\"robots\" content=\"index, follow, max-snippet:-1, max-image-preview:large, max-video-preview:-1\" \/>\n<link rel=\"canonical\" href=\"https:\/\/www.brg9.at\/web\/?p=2320\" \/>\n<meta property=\"og:locale\" content=\"de_DE\" \/>\n<meta property=\"og:type\" content=\"article\" \/>\n<meta property=\"og:title\" content=\"Elternsprechtag 23.11.2017 &raquo; BRG9, Erich Fried Realgymnasium\" \/>\n<meta property=\"og:description\" content=\"Am Donnerstag, den 23.11.2017, findet von 15 bis 19 Uhr der allj\u00e4hrliche Elternsprechtag statt. Den Elternbrief mit genaueren Informationen zum Sprechtag finden Sie hier. Darin enthalten ist auch eine \u00dcbersicht, in welchem Raum Sie die LehrerInnen am Sprechtag finden. Einen Termin k\u00f6nnen Sie \u00fcber das elektronische Klassenbuch online ab 20.11. um 8h auf www.brg9.at\/kb vereinbaren &hellip; &#8222;Elternsprechtag 23.11.2017&#8220; weiterlesen\" \/>\n<meta property=\"og:url\" content=\"https:\/\/www.brg9.at\/web\/?p=2320\" \/>\n<meta property=\"og:site_name\" content=\"BRG9, Erich Fried Realgymnasium\" \/>\n<meta property=\"article:published_time\" content=\"2017-11-13T12:08:57+00:00\" \/>\n<meta property=\"article:modified_time\" content=\"2017-11-13T22:39:09+00:00\" \/>\n<meta property=\"og:image\" content=\"https:\/\/www.brg9.at\/web\/wp-content\/uploads\/2016\/02\/brg9_solo_rgb_share.jpg\" \/>\n\t<meta property=\"og:image:width\" content=\"800\" \/>\n\t<meta property=\"og:image:height\" content=\"600\" \/>\n<meta name=\"twitter:card\" content=\"summary\" \/>\n<script type=\"application\/ld+json\" class=\"yoast-schema-graph\">{\"@context\":\"https:\/\/schema.org\",\"@graph\":[{\"@type\":\"WebSite\",\"@id\":\"https:\/\/www.brg9.at\/web\/#website\",\"url\":\"https:\/\/www.brg9.at\/web\/\",\"name\":\"BRG9, Erich Fried Realgymnasium\",\"description\":\"Die Website des BRG9 - Erich Fried Realgymnasium. Wien 9, Glasergasse 25.\",\"potentialAction\":[{\"@type\":\"SearchAction\",\"target\":\"https:\/\/www.brg9.at\/web\/?s={search_term_string}\",\"query-input\":\"required name=search_term_string\"}],\"inLanguage\":\"de-DE\"},{\"@type\":\"WebPage\",\"@id\":\"https:\/\/www.brg9.at\/web\/?p=2320#webpage\",\"url\":\"https:\/\/www.brg9.at\/web\/?p=2320\",\"name\":\"Elternsprechtag 23.11.2017 &raquo; BRG9, Erich Fried Realgymnasium\",\"isPartOf\":{\"@id\":\"https:\/\/www.brg9.at\/web\/#website\"},\"datePublished\":\"2017-11-13T12:08:57+00:00\",\"dateModified\":\"2017-11-13T22:39:09+00:00\",\"author\":{\"@id\":\"https:\/\/www.brg9.at\/web\/#\/schema\/person\/5b8d146bae11065ecb7ca54ae817cc22\"},\"breadcrumb\":{\"@id\":\"https:\/\/www.brg9.at\/web\/?p=2320#breadcrumb\"},\"inLanguage\":\"de-DE\",\"potentialAction\":[{\"@type\":\"ReadAction\",\"target\":[\"https:\/\/www.brg9.at\/web\/?p=2320\"]}]},{\"@type\":\"BreadcrumbList\",\"@id\":\"https:\/\/www.brg9.at\/web\/?p=2320#breadcrumb\",\"itemListElement\":[{\"@type\":\"ListItem\",\"position\":1,\"item\":{\"@type\":\"WebPage\",\"@id\":\"https:\/\/www.brg9.at\/web\/\",\"url\":\"https:\/\/www.brg9.at\/web\/\",\"name\":\"Home\"}},{\"@type\":\"ListItem\",\"position\":2,\"item\":{\"@id\":\"https:\/\/www.brg9.at\/web\/?p=2320#webpage\"}}]},{\"@type\":\"Person\",\"@id\":\"https:\/\/www.brg9.at\/web\/#\/schema\/person\/5b8d146bae11065ecb7ca54ae817cc22\",\"name\":\"Peter H\\u00f6fner\"}]}<\/script>\n<!-- \/ Yoast SEO plugin. -->","jetpack_featured_media_url":"","jetpack_sharing_enabled":true,"_links":{"self":[{"href":"https:\/\/www.brg9.at\/web\/index.php?rest_route=\/wp\/v2\/posts\/2320"}],"collection":[{"href":"https:\/\/www.brg9.at\/web\/index.php?rest_route=\/wp\/v2\/posts"}],"about":[{"href":"https:\/\/www.brg9.at\/web\/index.php?rest_route=\/wp\/v2\/types\/post"}],"author":[{"embeddable":true,"href":"https:\/\/www.brg9.at\/web\/index.php?rest_route=\/wp\/v2\/users\/6"}],"replies":[{"embeddable":true,"href":"https:\/\/www.brg9.at\/web\/index.php?rest_route=%2Fwp%2Fv2%2Fcomments&post=2320"}],"version-history":[{"count":7,"href":"https:\/\/www.brg9.at\/web\/index.php?rest_route=\/wp\/v2\/posts\/2320\/revisions"}],"predecessor-version":[{"id":2333,"href":"https:\/\/www.brg9.at\/web\/index.php?rest_route=\/wp\/v2\/posts\/2320\/revisions\/2333"}],"wp:attachment":[{"href":"https:\/\/www.brg9.at\/web\/index.php?rest_route=%2Fwp%2Fv2%2Fmedia&parent=2320"}],"wp:term":[{"taxonomy":"category","embeddable":true,"href":"https:\/\/www.brg9.at\/web\/index.php?rest_route=%2Fwp%2Fv2%2Fcategories&post=2320"},{"taxonomy":"post_tag","embeddable":true,"href":"https:\/\/www.brg9.at\/web\/index.php?rest_route=%2Fwp%2Fv2%2Ftags&post=2320"}],"curies":[{"name":"wp","href":"https:\/\/api.w.org\/{rel}","templated":true}]}}