{"id":2421,"date":"2018-02-19T20:04:06","date_gmt":"2018-02-19T19:04:06","guid":{"rendered":"http:\/\/www.brg9.at\/web\/?p=2421"},"modified":"2018-02-20T10:53:56","modified_gmt":"2018-02-20T09:53:56","slug":"ilija-trojanow-zu-besuch","status":"publish","type":"post","link":"https:\/\/www.brg9.at\/web\/?p=2421","title":{"rendered":"Ilija Trojanow zu Besuch in der 6B"},"content":{"rendered":"<p>Am 19. Februar beehrte der mit zahlreichen Auszeichnungen bedachte Schriftsteller Ilija Trojanow die 6B. Zuvor haben wir uns mit seinem j\u00fcngst erschienenen Buch &#8222;Nach der Flucht&#8220; auseinandergesetzt.<\/p>\n<p>In zwei kurzweiligen Stunden erz\u00e4hlte er von seinem abwechslungsreichen und bunten Lebensweg, gew\u00e4hrte Einblicke in den Alltag eines Autors und richtete anregende Fragen \u00fcber Vorurteile, Herkunft und Politik an die Sch\u00fclerinnen und Sch\u00fcler. Wir danken ihm f\u00fcr seine Zeit und Diskussionsfreude!<\/p>\n<p><a href=\"https:\/\/www.brg9.at\/web\/aktuelles\/ilija-trojanow-zu-besuch\/attachment\/20180219_103223\/\" rel=\"attachment wp-att-2422\"><img data-attachment-id=\"2422\" data-permalink=\"https:\/\/www.brg9.at\/web\/?attachment_id=2422\" data-orig-file=\"https:\/\/www.brg9.at\/web\/wp-content\/uploads\/2018\/02\/20180219_103223-e1519066925798.jpg\" data-orig-size=\"3096,4128\" data-comments-opened=\"0\" data-image-meta=\"{&quot;aperture&quot;:&quot;1.9&quot;,&quot;credit&quot;:&quot;&quot;,&quot;camera&quot;:&quot;SM-J510FN&quot;,&quot;caption&quot;:&quot;&quot;,&quot;created_timestamp&quot;:&quot;1519036343&quot;,&quot;copyright&quot;:&quot;&quot;,&quot;focal_length&quot;:&quot;3.7&quot;,&quot;iso&quot;:&quot;64&quot;,&quot;shutter_speed&quot;:&quot;0.033333333333333&quot;,&quot;title&quot;:&quot;&quot;,&quot;orientation&quot;:&quot;6&quot;}\" data-image-title=\"20180219_103223\" data-image-description=\"\" data-medium-file=\"https:\/\/www.brg9.at\/web\/wp-content\/uploads\/2018\/02\/20180219_103223-e1519066925798-450x600.jpg\" data-large-file=\"https:\/\/www.brg9.at\/web\/wp-content\/uploads\/2018\/02\/20180219_103223-e1519066925798-768x1024.jpg\" loading=\"lazy\" class=\"aligncenter wp-image-2422 size-medium\" src=\"https:\/\/www.brg9.at\/web\/wp-content\/uploads\/2018\/02\/20180219_103223-e1519066925798-450x600.jpg\" width=\"450\" height=\"600\" srcset=\"https:\/\/www.brg9.at\/web\/wp-content\/uploads\/2018\/02\/20180219_103223-e1519066925798-450x600.jpg 450w, https:\/\/www.brg9.at\/web\/wp-content\/uploads\/2018\/02\/20180219_103223-e1519066925798-768x1024.jpg 768w, https:\/\/www.brg9.at\/web\/wp-content\/uploads\/2018\/02\/20180219_103223-e1519066925798-1200x1600.jpg 1200w\" sizes=\"(max-width: 450px) 85vw, 450px\" \/><\/a><\/p>\n<div class=\"sharedaddy sd-sharing-enabled\"><div class=\"robots-nocontent sd-block sd-social sd-social-icon-text sd-sharing\"><h3 class=\"sd-title\">Diesen Inhalt teilen:<\/h3><div class=\"sd-content\"><ul><li class=\"share-facebook\"><a rel=\"nofollow noopener noreferrer\" data-shared=\"sharing-facebook-2421\" class=\"share-facebook sd-button share-icon\" href=\"https:\/\/www.brg9.at\/web\/?p=2421&amp;share=facebook\" target=\"_blank\" title=\"Klick, um auf Facebook zu teilen\"><span>Facebook<\/span><\/a><\/li><li class=\"share-jetpack-whatsapp\"><a rel=\"nofollow noopener noreferrer\" data-shared=\"\" class=\"share-jetpack-whatsapp sd-button share-icon\" href=\"https:\/\/www.brg9.at\/web\/?p=2421&amp;share=jetpack-whatsapp\" target=\"_blank\" title=\"Klicken, um auf WhatsApp zu teilen\"><span>WhatsApp<\/span><\/a><\/li><li class=\"share-print\"><a rel=\"nofollow noopener noreferrer\" data-shared=\"\" class=\"share-print sd-button share-icon\" href=\"https:\/\/www.brg9.at\/web\/?p=2421\" target=\"_blank\" title=\"Klicken zum Ausdrucken\"><span>Drucken<\/span><\/a><\/li><li class=\"share-end\"><\/li><\/ul><\/div><\/div><\/div>","protected":false},"excerpt":{"rendered":"<p>Am 19. Februar beehrte der mit zahlreichen Auszeichnungen bedachte Schriftsteller Ilija Trojanow die 6B. Zuvor haben wir uns mit seinem j\u00fcngst erschienenen Buch &#8222;Nach der Flucht&#8220; auseinandergesetzt. In zwei kurzweiligen Stunden erz\u00e4hlte er von seinem abwechslungsreichen und bunten Lebensweg, gew\u00e4hrte Einblicke in den Alltag eines Autors und richtete anregende Fragen \u00fcber Vorurteile, Herkunft und Politik &hellip; <a href=\"https:\/\/www.brg9.at\/web\/?p=2421\" class=\"more-link\"><span class=\"screen-reader-text\">&#8222;Ilija Trojanow zu Besuch in der 6B&#8220; <\/span>weiterlesen<\/a><\/p>\n<div class=\"sharedaddy sd-sharing-enabled\"><div class=\"robots-nocontent sd-block sd-social sd-social-icon-text sd-sharing\"><h3 class=\"sd-title\">Diesen Inhalt teilen:<\/h3><div class=\"sd-content\"><ul><li class=\"share-facebook\"><a rel=\"nofollow noopener noreferrer\" data-shared=\"sharing-facebook-2421\" class=\"share-facebook sd-button share-icon\" href=\"https:\/\/www.brg9.at\/web\/?p=2421&amp;share=facebook\" target=\"_blank\" title=\"Klick, um auf Facebook zu teilen\"><span>Facebook<\/span><\/a><\/li><li class=\"share-jetpack-whatsapp\"><a rel=\"nofollow noopener noreferrer\" data-shared=\"\" class=\"share-jetpack-whatsapp sd-button share-icon\" href=\"https:\/\/www.brg9.at\/web\/?p=2421&amp;share=jetpack-whatsapp\" target=\"_blank\" title=\"Klicken, um auf WhatsApp zu teilen\"><span>WhatsApp<\/span><\/a><\/li><li class=\"share-print\"><a rel=\"nofollow noopener noreferrer\" data-shared=\"\" class=\"share-print sd-button share-icon\" href=\"https:\/\/www.brg9.at\/web\/?p=2421\" target=\"_blank\" title=\"Klicken zum Ausdrucken\"><span>Drucken<\/span><\/a><\/li><li class=\"share-end\"><\/li><\/ul><\/div><\/div><\/div>","protected":false},"author":7,"featured_media":2423,"comment_status":"closed","ping_status":"open","sticky":false,"template":"","format":"standard","meta":{"ngg_post_thumbnail":0,"spay_email":""},"categories":[1],"tags":[],"yoast_head":"<!-- This site is optimized with the Yoast SEO plugin v16.2 - https:\/\/yoast.com\/wordpress\/plugins\/seo\/ -->\n<title>Ilija Trojanow zu Besuch in der 6B &raquo; BRG9, Erich Fried Realgymnasium<\/title>\n<meta name=\"robots\" content=\"index, follow, max-snippet:-1, max-image-preview:large, max-video-preview:-1\" \/>\n<link rel=\"canonical\" href=\"https:\/\/www.brg9.at\/web\/?p=2421\" \/>\n<meta property=\"og:locale\" content=\"de_DE\" \/>\n<meta property=\"og:type\" content=\"article\" \/>\n<meta property=\"og:title\" content=\"Ilija Trojanow zu Besuch in der 6B &raquo; BRG9, Erich Fried Realgymnasium\" \/>\n<meta property=\"og:description\" content=\"Am 19. Februar beehrte der mit zahlreichen Auszeichnungen bedachte Schriftsteller Ilija Trojanow die 6B. Zuvor haben wir uns mit seinem j\u00fcngst erschienenen Buch &#8222;Nach der Flucht&#8220; auseinandergesetzt. In zwei kurzweiligen Stunden erz\u00e4hlte er von seinem abwechslungsreichen und bunten Lebensweg, gew\u00e4hrte Einblicke in den Alltag eines Autors und richtete anregende Fragen \u00fcber Vorurteile, Herkunft und Politik &hellip; &#8222;Ilija Trojanow zu Besuch in der 6B&#8220; weiterlesen\" \/>\n<meta property=\"og:url\" content=\"https:\/\/www.brg9.at\/web\/?p=2421\" \/>\n<meta property=\"og:site_name\" content=\"BRG9, Erich Fried Realgymnasium\" \/>\n<meta property=\"article:published_time\" content=\"2018-02-19T19:04:06+00:00\" \/>\n<meta property=\"article:modified_time\" content=\"2018-02-20T09:53:56+00:00\" \/>\n<meta property=\"og:image\" content=\"https:\/\/www.brg9.at\/web\/wp-content\/uploads\/2018\/02\/20180219_114807-1024x768.jpg\" \/>\n\t<meta property=\"og:image:width\" content=\"1024\" \/>\n\t<meta property=\"og:image:height\" content=\"768\" \/>\n<meta name=\"twitter:card\" content=\"summary\" \/>\n<script type=\"application\/ld+json\" class=\"yoast-schema-graph\">{\"@context\":\"https:\/\/schema.org\",\"@graph\":[{\"@type\":\"WebSite\",\"@id\":\"https:\/\/www.brg9.at\/web\/#website\",\"url\":\"https:\/\/www.brg9.at\/web\/\",\"name\":\"BRG9, Erich Fried Realgymnasium\",\"description\":\"Die Website des BRG9 - Erich Fried Realgymnasium. Wien 9, Glasergasse 25.\",\"potentialAction\":[{\"@type\":\"SearchAction\",\"target\":\"https:\/\/www.brg9.at\/web\/?s={search_term_string}\",\"query-input\":\"required name=search_term_string\"}],\"inLanguage\":\"de-DE\"},{\"@type\":\"ImageObject\",\"@id\":\"https:\/\/www.brg9.at\/web\/?p=2421#primaryimage\",\"inLanguage\":\"de-DE\",\"url\":\"https:\/\/www.brg9.at\/web\/wp-content\/uploads\/2018\/02\/20180219_114807.jpg\",\"contentUrl\":\"https:\/\/www.brg9.at\/web\/wp-content\/uploads\/2018\/02\/20180219_114807.jpg\",\"width\":4128,\"height\":3096},{\"@type\":\"WebPage\",\"@id\":\"https:\/\/www.brg9.at\/web\/?p=2421#webpage\",\"url\":\"https:\/\/www.brg9.at\/web\/?p=2421\",\"name\":\"Ilija Trojanow zu Besuch in der 6B &raquo; BRG9, Erich Fried Realgymnasium\",\"isPartOf\":{\"@id\":\"https:\/\/www.brg9.at\/web\/#website\"},\"primaryImageOfPage\":{\"@id\":\"https:\/\/www.brg9.at\/web\/?p=2421#primaryimage\"},\"datePublished\":\"2018-02-19T19:04:06+00:00\",\"dateModified\":\"2018-02-20T09:53:56+00:00\",\"author\":{\"@id\":\"https:\/\/www.brg9.at\/web\/#\/schema\/person\/5b2e8635b2f470a9518011802bfa34dd\"},\"breadcrumb\":{\"@id\":\"https:\/\/www.brg9.at\/web\/?p=2421#breadcrumb\"},\"inLanguage\":\"de-DE\",\"potentialAction\":[{\"@type\":\"ReadAction\",\"target\":[\"https:\/\/www.brg9.at\/web\/?p=2421\"]}]},{\"@type\":\"BreadcrumbList\",\"@id\":\"https:\/\/www.brg9.at\/web\/?p=2421#breadcrumb\",\"itemListElement\":[{\"@type\":\"ListItem\",\"position\":1,\"item\":{\"@type\":\"WebPage\",\"@id\":\"https:\/\/www.brg9.at\/web\/\",\"url\":\"https:\/\/www.brg9.at\/web\/\",\"name\":\"Home\"}},{\"@type\":\"ListItem\",\"position\":2,\"item\":{\"@id\":\"https:\/\/www.brg9.at\/web\/?p=2421#webpage\"}}]},{\"@type\":\"Person\",\"@id\":\"https:\/\/www.brg9.at\/web\/#\/schema\/person\/5b2e8635b2f470a9518011802bfa34dd\",\"name\":\"Monika Simmerstatter\"}]}<\/script>\n<!-- \/ Yoast SEO plugin. -->","jetpack_featured_media_url":"https:\/\/www.brg9.at\/web\/wp-content\/uploads\/2018\/02\/20180219_114807.jpg","jetpack_sharing_enabled":true,"_links":{"self":[{"href":"https:\/\/www.brg9.at\/web\/index.php?rest_route=\/wp\/v2\/posts\/2421"}],"collection":[{"href":"https:\/\/www.brg9.at\/web\/index.php?rest_route=\/wp\/v2\/posts"}],"about":[{"href":"https:\/\/www.brg9.at\/web\/index.php?rest_route=\/wp\/v2\/types\/post"}],"author":[{"embeddable":true,"href":"https:\/\/www.brg9.at\/web\/index.php?rest_route=\/wp\/v2\/users\/7"}],"replies":[{"embeddable":true,"href":"https:\/\/www.brg9.at\/web\/index.php?rest_route=%2Fwp%2Fv2%2Fcomments&post=2421"}],"version-history":[{"count":5,"href":"https:\/\/www.brg9.at\/web\/index.php?rest_route=\/wp\/v2\/posts\/2421\/revisions"}],"predecessor-version":[{"id":2428,"href":"https:\/\/www.brg9.at\/web\/index.php?rest_route=\/wp\/v2\/posts\/2421\/revisions\/2428"}],"wp:featuredmedia":[{"embeddable":true,"href":"https:\/\/www.brg9.at\/web\/index.php?rest_route=\/wp\/v2\/media\/2423"}],"wp:attachment":[{"href":"https:\/\/www.brg9.at\/web\/index.php?rest_route=%2Fwp%2Fv2%2Fmedia&parent=2421"}],"wp:term":[{"taxonomy":"category","embeddable":true,"href":"https:\/\/www.brg9.at\/web\/index.php?rest_route=%2Fwp%2Fv2%2Fcategories&post=2421"},{"taxonomy":"post_tag","embeddable":true,"href":"https:\/\/www.brg9.at\/web\/index.php?rest_route=%2Fwp%2Fv2%2Ftags&post=2421"}],"curies":[{"name":"wp","href":"https:\/\/api.w.org\/{rel}","templated":true}]}}