{"id":2563,"date":"2018-06-07T19:30:11","date_gmt":"2018-06-07T17:30:11","guid":{"rendered":"http:\/\/www.brg9.at\/web\/?p=2563"},"modified":"2018-06-07T22:27:22","modified_gmt":"2018-06-07T20:27:22","slug":"spoky-summerstage-lauf","status":"publish","type":"post","link":"https:\/\/www.brg9.at\/web\/?p=2563","title":{"rendered":"SPOKY Summerstage Lauf"},"content":{"rendered":"<p>Am 5. Juni 2018 nahmen Sch\u00fclerinnen und Sch\u00fcler der 1C, 2A, 2B, 3A, 3B und 4B am SPOKI-Summerstage Lauf teil. Sie testeten auf der 1.200m langen Strecke ihr K\u00f6nnen und konnten sich mit den Teilnehmerinnen und Teilnehmern aus anderen Schulen messen.<\/p>\n<p>Folgende Sch\u00fclerinnen und Sch\u00fcler haben in ihrer Altersklasse Pl\u00e4tze unter den ersten drei erreicht:<\/p>\n<p>2. Platz: Hermine Bode (1C)<\/p>\n<p>1. Platz: Paula Sch\u00f6nbauer (2B)<\/p>\n<p>3. Platz: Alexander Fuchs (2B)<\/p>\n<p>2. Platz: Adele Cichocki (2A)<\/p>\n<p>1. Platz: Sophia Cichocki (4B)<\/p>\n<p>3. Platz: Floria Frass (4B)<\/p>\n<p>Sehr erfreulich ist die Tatsache, dass die teilnehmenden Sch\u00fclerinnen und Sch\u00fcler der 1C, 2B und 3B im Klassenbewerb die Pl\u00e4tze 1, 2, und 3 erreichten. Ihr Training hat sich ausgezahlt! Fotos sind <a href=\"https:\/\/www.facebook.com\/pg\/brg9.at\/photos\/?tab=album&amp;album_id=1678160545614170\" target=\"_blank\">hier<\/a> (facebook) und <a href=\"https:\/\/www.flickr.com\/photos\/143054862@N06\/sets\/72157667841063157\" target=\"_blank\">hier<\/a> (flickr) zu finden.<\/p>\n<p>&nbsp;<\/p>\n<div class=\"sharedaddy sd-sharing-enabled\"><div class=\"robots-nocontent sd-block sd-social sd-social-icon-text sd-sharing\"><h3 class=\"sd-title\">Diesen Inhalt teilen:<\/h3><div class=\"sd-content\"><ul><li class=\"share-facebook\"><a rel=\"nofollow noopener noreferrer\" data-shared=\"sharing-facebook-2563\" class=\"share-facebook sd-button share-icon\" href=\"https:\/\/www.brg9.at\/web\/?p=2563&amp;share=facebook\" target=\"_blank\" title=\"Klick, um auf Facebook zu teilen\"><span>Facebook<\/span><\/a><\/li><li class=\"share-jetpack-whatsapp\"><a rel=\"nofollow noopener noreferrer\" data-shared=\"\" class=\"share-jetpack-whatsapp sd-button share-icon\" href=\"https:\/\/www.brg9.at\/web\/?p=2563&amp;share=jetpack-whatsapp\" target=\"_blank\" title=\"Klicken, um auf WhatsApp zu teilen\"><span>WhatsApp<\/span><\/a><\/li><li class=\"share-print\"><a rel=\"nofollow noopener noreferrer\" data-shared=\"\" class=\"share-print sd-button share-icon\" href=\"https:\/\/www.brg9.at\/web\/?p=2563\" target=\"_blank\" title=\"Klicken zum Ausdrucken\"><span>Drucken<\/span><\/a><\/li><li class=\"share-end\"><\/li><\/ul><\/div><\/div><\/div>","protected":false},"excerpt":{"rendered":"<p>Am 5. Juni 2018 nahmen Sch\u00fclerinnen und Sch\u00fcler der 1C, 2A, 2B, 3A, 3B und 4B am SPOKI-Summerstage Lauf teil. Sie testeten auf der 1.200m langen Strecke ihr K\u00f6nnen und konnten sich mit den Teilnehmerinnen und Teilnehmern aus anderen Schulen messen. Folgende Sch\u00fclerinnen und Sch\u00fcler haben in ihrer Altersklasse Pl\u00e4tze unter den ersten drei erreicht: &hellip; <a href=\"https:\/\/www.brg9.at\/web\/?p=2563\" class=\"more-link\"><span class=\"screen-reader-text\">&#8222;SPOKY Summerstage Lauf&#8220; <\/span>weiterlesen<\/a><\/p>\n<div class=\"sharedaddy sd-sharing-enabled\"><div class=\"robots-nocontent sd-block sd-social sd-social-icon-text sd-sharing\"><h3 class=\"sd-title\">Diesen Inhalt teilen:<\/h3><div class=\"sd-content\"><ul><li class=\"share-facebook\"><a rel=\"nofollow noopener noreferrer\" data-shared=\"sharing-facebook-2563\" class=\"share-facebook sd-button share-icon\" href=\"https:\/\/www.brg9.at\/web\/?p=2563&amp;share=facebook\" target=\"_blank\" title=\"Klick, um auf Facebook zu teilen\"><span>Facebook<\/span><\/a><\/li><li class=\"share-jetpack-whatsapp\"><a rel=\"nofollow noopener noreferrer\" data-shared=\"\" class=\"share-jetpack-whatsapp sd-button share-icon\" href=\"https:\/\/www.brg9.at\/web\/?p=2563&amp;share=jetpack-whatsapp\" target=\"_blank\" title=\"Klicken, um auf WhatsApp zu teilen\"><span>WhatsApp<\/span><\/a><\/li><li class=\"share-print\"><a rel=\"nofollow noopener noreferrer\" data-shared=\"\" class=\"share-print sd-button share-icon\" href=\"https:\/\/www.brg9.at\/web\/?p=2563\" target=\"_blank\" title=\"Klicken zum Ausdrucken\"><span>Drucken<\/span><\/a><\/li><li class=\"share-end\"><\/li><\/ul><\/div><\/div><\/div>","protected":false},"author":7,"featured_media":2564,"comment_status":"closed","ping_status":"open","sticky":false,"template":"","format":"standard","meta":{"ngg_post_thumbnail":0,"spay_email":""},"categories":[1],"tags":[],"yoast_head":"<!-- This site is optimized with the Yoast SEO plugin v16.2 - https:\/\/yoast.com\/wordpress\/plugins\/seo\/ -->\n<title>SPOKY Summerstage Lauf &raquo; BRG9, Erich Fried Realgymnasium<\/title>\n<meta name=\"robots\" content=\"index, follow, max-snippet:-1, max-image-preview:large, max-video-preview:-1\" \/>\n<link rel=\"canonical\" href=\"https:\/\/www.brg9.at\/web\/?p=2563\" \/>\n<meta property=\"og:locale\" content=\"de_DE\" \/>\n<meta property=\"og:type\" content=\"article\" \/>\n<meta property=\"og:title\" content=\"SPOKY Summerstage Lauf &raquo; BRG9, Erich Fried Realgymnasium\" \/>\n<meta property=\"og:description\" content=\"Am 5. Juni 2018 nahmen Sch\u00fclerinnen und Sch\u00fcler der 1C, 2A, 2B, 3A, 3B und 4B am SPOKI-Summerstage Lauf teil. Sie testeten auf der 1.200m langen Strecke ihr K\u00f6nnen und konnten sich mit den Teilnehmerinnen und Teilnehmern aus anderen Schulen messen. Folgende Sch\u00fclerinnen und Sch\u00fcler haben in ihrer Altersklasse Pl\u00e4tze unter den ersten drei erreicht: &hellip; &#8222;SPOKY Summerstage Lauf&#8220; weiterlesen\" \/>\n<meta property=\"og:url\" content=\"https:\/\/www.brg9.at\/web\/?p=2563\" \/>\n<meta property=\"og:site_name\" content=\"BRG9, Erich Fried Realgymnasium\" \/>\n<meta property=\"article:published_time\" content=\"2018-06-07T17:30:11+00:00\" \/>\n<meta property=\"article:modified_time\" content=\"2018-06-07T20:27:22+00:00\" \/>\n<meta property=\"og:image\" content=\"https:\/\/www.brg9.at\/web\/wp-content\/uploads\/2018\/06\/11_IMG_4076-e1528392487970.jpg\" \/>\n\t<meta property=\"og:image:width\" content=\"4032\" \/>\n\t<meta property=\"og:image:height\" content=\"3024\" \/>\n<meta name=\"twitter:card\" content=\"summary\" \/>\n<meta name=\"twitter:label1\" content=\"Gesch\u00e4tzte Lesezeit\">\n\t<meta name=\"twitter:data1\" content=\"1 Minute\">\n<script type=\"application\/ld+json\" class=\"yoast-schema-graph\">{\"@context\":\"https:\/\/schema.org\",\"@graph\":[{\"@type\":\"WebSite\",\"@id\":\"https:\/\/www.brg9.at\/web\/#website\",\"url\":\"https:\/\/www.brg9.at\/web\/\",\"name\":\"BRG9, Erich Fried Realgymnasium\",\"description\":\"Die Website des BRG9 - Erich Fried Realgymnasium. Wien 9, Glasergasse 25.\",\"potentialAction\":[{\"@type\":\"SearchAction\",\"target\":\"https:\/\/www.brg9.at\/web\/?s={search_term_string}\",\"query-input\":\"required name=search_term_string\"}],\"inLanguage\":\"de-DE\"},{\"@type\":\"ImageObject\",\"@id\":\"https:\/\/www.brg9.at\/web\/?p=2563#primaryimage\",\"inLanguage\":\"de-DE\",\"url\":\"https:\/\/www.brg9.at\/web\/wp-content\/uploads\/2018\/06\/11_IMG_4076-e1528392487970.jpg\",\"contentUrl\":\"https:\/\/www.brg9.at\/web\/wp-content\/uploads\/2018\/06\/11_IMG_4076-e1528392487970.jpg\",\"width\":4032,\"height\":3024},{\"@type\":\"WebPage\",\"@id\":\"https:\/\/www.brg9.at\/web\/?p=2563#webpage\",\"url\":\"https:\/\/www.brg9.at\/web\/?p=2563\",\"name\":\"SPOKY Summerstage Lauf &raquo; BRG9, Erich Fried Realgymnasium\",\"isPartOf\":{\"@id\":\"https:\/\/www.brg9.at\/web\/#website\"},\"primaryImageOfPage\":{\"@id\":\"https:\/\/www.brg9.at\/web\/?p=2563#primaryimage\"},\"datePublished\":\"2018-06-07T17:30:11+00:00\",\"dateModified\":\"2018-06-07T20:27:22+00:00\",\"author\":{\"@id\":\"https:\/\/www.brg9.at\/web\/#\/schema\/person\/5b2e8635b2f470a9518011802bfa34dd\"},\"breadcrumb\":{\"@id\":\"https:\/\/www.brg9.at\/web\/?p=2563#breadcrumb\"},\"inLanguage\":\"de-DE\",\"potentialAction\":[{\"@type\":\"ReadAction\",\"target\":[\"https:\/\/www.brg9.at\/web\/?p=2563\"]}]},{\"@type\":\"BreadcrumbList\",\"@id\":\"https:\/\/www.brg9.at\/web\/?p=2563#breadcrumb\",\"itemListElement\":[{\"@type\":\"ListItem\",\"position\":1,\"item\":{\"@type\":\"WebPage\",\"@id\":\"https:\/\/www.brg9.at\/web\/\",\"url\":\"https:\/\/www.brg9.at\/web\/\",\"name\":\"Home\"}},{\"@type\":\"ListItem\",\"position\":2,\"item\":{\"@id\":\"https:\/\/www.brg9.at\/web\/?p=2563#webpage\"}}]},{\"@type\":\"Person\",\"@id\":\"https:\/\/www.brg9.at\/web\/#\/schema\/person\/5b2e8635b2f470a9518011802bfa34dd\",\"name\":\"Monika Simmerstatter\"}]}<\/script>\n<!-- \/ Yoast SEO plugin. -->","jetpack_featured_media_url":"https:\/\/www.brg9.at\/web\/wp-content\/uploads\/2018\/06\/11_IMG_4076-e1528392487970.jpg","jetpack_sharing_enabled":true,"_links":{"self":[{"href":"https:\/\/www.brg9.at\/web\/index.php?rest_route=\/wp\/v2\/posts\/2563"}],"collection":[{"href":"https:\/\/www.brg9.at\/web\/index.php?rest_route=\/wp\/v2\/posts"}],"about":[{"href":"https:\/\/www.brg9.at\/web\/index.php?rest_route=\/wp\/v2\/types\/post"}],"author":[{"embeddable":true,"href":"https:\/\/www.brg9.at\/web\/index.php?rest_route=\/wp\/v2\/users\/7"}],"replies":[{"embeddable":true,"href":"https:\/\/www.brg9.at\/web\/index.php?rest_route=%2Fwp%2Fv2%2Fcomments&post=2563"}],"version-history":[{"count":3,"href":"https:\/\/www.brg9.at\/web\/index.php?rest_route=\/wp\/v2\/posts\/2563\/revisions"}],"predecessor-version":[{"id":2569,"href":"https:\/\/www.brg9.at\/web\/index.php?rest_route=\/wp\/v2\/posts\/2563\/revisions\/2569"}],"wp:featuredmedia":[{"embeddable":true,"href":"https:\/\/www.brg9.at\/web\/index.php?rest_route=\/wp\/v2\/media\/2564"}],"wp:attachment":[{"href":"https:\/\/www.brg9.at\/web\/index.php?rest_route=%2Fwp%2Fv2%2Fmedia&parent=2563"}],"wp:term":[{"taxonomy":"category","embeddable":true,"href":"https:\/\/www.brg9.at\/web\/index.php?rest_route=%2Fwp%2Fv2%2Fcategories&post=2563"},{"taxonomy":"post_tag","embeddable":true,"href":"https:\/\/www.brg9.at\/web\/index.php?rest_route=%2Fwp%2Fv2%2Ftags&post=2563"}],"curies":[{"name":"wp","href":"https:\/\/api.w.org\/{rel}","templated":true}]}}