{"id":2943,"date":"2019-02-19T20:48:15","date_gmt":"2019-02-19T19:48:15","guid":{"rendered":"http:\/\/www.brg9.at\/web\/?p=2943"},"modified":"2019-02-24T18:45:13","modified_gmt":"2019-02-24T17:45:13","slug":"boardercross-in-annaberg","status":"publish","type":"post","link":"https:\/\/www.brg9.at\/web\/?p=2943","title":{"rendered":"Boardercross in Annaberg"},"content":{"rendered":"\n<p>Auch heuer waren wir mit den Sch\u00fclerInnen beim Boardercross in Annaberg. Ganz stark die Leistung der M\u00e4dchen aus der 4B &#8211; sie belegten den 3. Platz. Und die Mixed Gruppe aus 4BC konnte sogar den ersten Platz f\u00fcr sich holen! Auch den Teams aus den 5.\u00a0 und 6. Klassen Gratulation zu ihrer Leistung an diesem strahlend-sonnigen Tag. Fotos finden Sie <a rel=\"noreferrer noopener\" href=\"https:\/\/www.facebook.com\/pg\/brg9.at\/photos\/?tab=album&amp;album_id=2055933914503496&amp;__tn__=-UC-R\" target=\"_blank\">hier.<\/a><\/p>\n\n\n\n<p><br><\/p>\n\n\n\n<p><br><\/p>\n<div class=\"sharedaddy sd-sharing-enabled\"><div class=\"robots-nocontent sd-block sd-social sd-social-icon-text sd-sharing\"><h3 class=\"sd-title\">Diesen Inhalt teilen:<\/h3><div class=\"sd-content\"><ul><li class=\"share-facebook\"><a rel=\"nofollow noopener noreferrer\" data-shared=\"sharing-facebook-2943\" class=\"share-facebook sd-button share-icon\" href=\"https:\/\/www.brg9.at\/web\/?p=2943&amp;share=facebook\" target=\"_blank\" title=\"Klick, um auf Facebook zu teilen\"><span>Facebook<\/span><\/a><\/li><li class=\"share-jetpack-whatsapp\"><a rel=\"nofollow noopener noreferrer\" data-shared=\"\" class=\"share-jetpack-whatsapp sd-button share-icon\" href=\"https:\/\/www.brg9.at\/web\/?p=2943&amp;share=jetpack-whatsapp\" target=\"_blank\" title=\"Klicken, um auf WhatsApp zu teilen\"><span>WhatsApp<\/span><\/a><\/li><li class=\"share-print\"><a rel=\"nofollow noopener noreferrer\" data-shared=\"\" class=\"share-print sd-button share-icon\" href=\"https:\/\/www.brg9.at\/web\/?p=2943\" target=\"_blank\" title=\"Klicken zum Ausdrucken\"><span>Drucken<\/span><\/a><\/li><li class=\"share-end\"><\/li><\/ul><\/div><\/div><\/div>","protected":false},"excerpt":{"rendered":"<p>Auch heuer waren wir mit den Sch\u00fclerInnen beim Boardercross in Annaberg. Ganz stark die Leistung der M\u00e4dchen aus der 4B &#8211; sie belegten den 3. Platz. Und die Mixed Gruppe aus 4BC konnte sogar den ersten Platz f\u00fcr sich holen! Auch den Teams aus den 5.\u00a0 und 6. Klassen Gratulation zu ihrer Leistung an diesem &hellip; <a href=\"https:\/\/www.brg9.at\/web\/?p=2943\" class=\"more-link\"><span class=\"screen-reader-text\">&#8222;Boardercross in Annaberg&#8220; <\/span>weiterlesen<\/a><\/p>\n<div class=\"sharedaddy sd-sharing-enabled\"><div class=\"robots-nocontent sd-block sd-social sd-social-icon-text sd-sharing\"><h3 class=\"sd-title\">Diesen Inhalt teilen:<\/h3><div class=\"sd-content\"><ul><li class=\"share-facebook\"><a rel=\"nofollow noopener noreferrer\" data-shared=\"sharing-facebook-2943\" class=\"share-facebook sd-button share-icon\" href=\"https:\/\/www.brg9.at\/web\/?p=2943&amp;share=facebook\" target=\"_blank\" title=\"Klick, um auf Facebook zu teilen\"><span>Facebook<\/span><\/a><\/li><li class=\"share-jetpack-whatsapp\"><a rel=\"nofollow noopener noreferrer\" data-shared=\"\" class=\"share-jetpack-whatsapp sd-button share-icon\" href=\"https:\/\/www.brg9.at\/web\/?p=2943&amp;share=jetpack-whatsapp\" target=\"_blank\" title=\"Klicken, um auf WhatsApp zu teilen\"><span>WhatsApp<\/span><\/a><\/li><li class=\"share-print\"><a rel=\"nofollow noopener noreferrer\" data-shared=\"\" class=\"share-print sd-button share-icon\" href=\"https:\/\/www.brg9.at\/web\/?p=2943\" target=\"_blank\" title=\"Klicken zum Ausdrucken\"><span>Drucken<\/span><\/a><\/li><li class=\"share-end\"><\/li><\/ul><\/div><\/div><\/div>","protected":false},"author":7,"featured_media":2944,"comment_status":"closed","ping_status":"open","sticky":false,"template":"","format":"standard","meta":{"ngg_post_thumbnail":0,"spay_email":""},"categories":[1],"tags":[],"yoast_head":"<!-- This site is optimized with the Yoast SEO plugin v16.2 - https:\/\/yoast.com\/wordpress\/plugins\/seo\/ -->\n<title>Boardercross in Annaberg &raquo; BRG9, Erich Fried Realgymnasium<\/title>\n<meta name=\"robots\" content=\"index, follow, max-snippet:-1, max-image-preview:large, max-video-preview:-1\" \/>\n<link rel=\"canonical\" href=\"https:\/\/www.brg9.at\/web\/?p=2943\" \/>\n<meta property=\"og:locale\" content=\"de_DE\" \/>\n<meta property=\"og:type\" content=\"article\" \/>\n<meta property=\"og:title\" content=\"Boardercross in Annaberg &raquo; BRG9, Erich Fried Realgymnasium\" \/>\n<meta property=\"og:description\" content=\"Auch heuer waren wir mit den Sch\u00fclerInnen beim Boardercross in Annaberg. Ganz stark die Leistung der M\u00e4dchen aus der 4B &#8211; sie belegten den 3. Platz. Und die Mixed Gruppe aus 4BC konnte sogar den ersten Platz f\u00fcr sich holen! Auch den Teams aus den 5.\u00a0 und 6. Klassen Gratulation zu ihrer Leistung an diesem &hellip; &#8222;Boardercross in Annaberg&#8220; weiterlesen\" \/>\n<meta property=\"og:url\" content=\"https:\/\/www.brg9.at\/web\/?p=2943\" \/>\n<meta property=\"og:site_name\" content=\"BRG9, Erich Fried Realgymnasium\" \/>\n<meta property=\"article:published_time\" content=\"2019-02-19T19:48:15+00:00\" \/>\n<meta property=\"article:modified_time\" content=\"2019-02-24T17:45:13+00:00\" \/>\n<meta property=\"og:image\" content=\"https:\/\/www.brg9.at\/web\/wp-content\/uploads\/2019\/02\/IMG_7976.jpg\" \/>\n\t<meta property=\"og:image:width\" content=\"1600\" \/>\n\t<meta property=\"og:image:height\" content=\"1200\" \/>\n<meta name=\"twitter:card\" content=\"summary\" \/>\n<script type=\"application\/ld+json\" class=\"yoast-schema-graph\">{\"@context\":\"https:\/\/schema.org\",\"@graph\":[{\"@type\":\"WebSite\",\"@id\":\"https:\/\/www.brg9.at\/web\/#website\",\"url\":\"https:\/\/www.brg9.at\/web\/\",\"name\":\"BRG9, Erich Fried Realgymnasium\",\"description\":\"Die Website des BRG9 - Erich Fried Realgymnasium. Wien 9, Glasergasse 25.\",\"potentialAction\":[{\"@type\":\"SearchAction\",\"target\":\"https:\/\/www.brg9.at\/web\/?s={search_term_string}\",\"query-input\":\"required name=search_term_string\"}],\"inLanguage\":\"de-DE\"},{\"@type\":\"ImageObject\",\"@id\":\"https:\/\/www.brg9.at\/web\/?p=2943#primaryimage\",\"inLanguage\":\"de-DE\",\"url\":\"https:\/\/www.brg9.at\/web\/wp-content\/uploads\/2019\/02\/IMG_7976.jpg\",\"contentUrl\":\"https:\/\/www.brg9.at\/web\/wp-content\/uploads\/2019\/02\/IMG_7976.jpg\",\"width\":1600,\"height\":1200},{\"@type\":\"WebPage\",\"@id\":\"https:\/\/www.brg9.at\/web\/?p=2943#webpage\",\"url\":\"https:\/\/www.brg9.at\/web\/?p=2943\",\"name\":\"Boardercross in Annaberg &raquo; BRG9, Erich Fried Realgymnasium\",\"isPartOf\":{\"@id\":\"https:\/\/www.brg9.at\/web\/#website\"},\"primaryImageOfPage\":{\"@id\":\"https:\/\/www.brg9.at\/web\/?p=2943#primaryimage\"},\"datePublished\":\"2019-02-19T19:48:15+00:00\",\"dateModified\":\"2019-02-24T17:45:13+00:00\",\"author\":{\"@id\":\"https:\/\/www.brg9.at\/web\/#\/schema\/person\/5b2e8635b2f470a9518011802bfa34dd\"},\"breadcrumb\":{\"@id\":\"https:\/\/www.brg9.at\/web\/?p=2943#breadcrumb\"},\"inLanguage\":\"de-DE\",\"potentialAction\":[{\"@type\":\"ReadAction\",\"target\":[\"https:\/\/www.brg9.at\/web\/?p=2943\"]}]},{\"@type\":\"BreadcrumbList\",\"@id\":\"https:\/\/www.brg9.at\/web\/?p=2943#breadcrumb\",\"itemListElement\":[{\"@type\":\"ListItem\",\"position\":1,\"item\":{\"@type\":\"WebPage\",\"@id\":\"https:\/\/www.brg9.at\/web\/\",\"url\":\"https:\/\/www.brg9.at\/web\/\",\"name\":\"Home\"}},{\"@type\":\"ListItem\",\"position\":2,\"item\":{\"@id\":\"https:\/\/www.brg9.at\/web\/?p=2943#webpage\"}}]},{\"@type\":\"Person\",\"@id\":\"https:\/\/www.brg9.at\/web\/#\/schema\/person\/5b2e8635b2f470a9518011802bfa34dd\",\"name\":\"Monika Simmerstatter\"}]}<\/script>\n<!-- \/ Yoast SEO plugin. -->","jetpack_featured_media_url":"https:\/\/www.brg9.at\/web\/wp-content\/uploads\/2019\/02\/IMG_7976.jpg","jetpack_sharing_enabled":true,"_links":{"self":[{"href":"https:\/\/www.brg9.at\/web\/index.php?rest_route=\/wp\/v2\/posts\/2943"}],"collection":[{"href":"https:\/\/www.brg9.at\/web\/index.php?rest_route=\/wp\/v2\/posts"}],"about":[{"href":"https:\/\/www.brg9.at\/web\/index.php?rest_route=\/wp\/v2\/types\/post"}],"author":[{"embeddable":true,"href":"https:\/\/www.brg9.at\/web\/index.php?rest_route=\/wp\/v2\/users\/7"}],"replies":[{"embeddable":true,"href":"https:\/\/www.brg9.at\/web\/index.php?rest_route=%2Fwp%2Fv2%2Fcomments&post=2943"}],"version-history":[{"count":4,"href":"https:\/\/www.brg9.at\/web\/index.php?rest_route=\/wp\/v2\/posts\/2943\/revisions"}],"predecessor-version":[{"id":2955,"href":"https:\/\/www.brg9.at\/web\/index.php?rest_route=\/wp\/v2\/posts\/2943\/revisions\/2955"}],"wp:featuredmedia":[{"embeddable":true,"href":"https:\/\/www.brg9.at\/web\/index.php?rest_route=\/wp\/v2\/media\/2944"}],"wp:attachment":[{"href":"https:\/\/www.brg9.at\/web\/index.php?rest_route=%2Fwp%2Fv2%2Fmedia&parent=2943"}],"wp:term":[{"taxonomy":"category","embeddable":true,"href":"https:\/\/www.brg9.at\/web\/index.php?rest_route=%2Fwp%2Fv2%2Fcategories&post=2943"},{"taxonomy":"post_tag","embeddable":true,"href":"https:\/\/www.brg9.at\/web\/index.php?rest_route=%2Fwp%2Fv2%2Ftags&post=2943"}],"curies":[{"name":"wp","href":"https:\/\/api.w.org\/{rel}","templated":true}]}}