{"id":3036,"date":"2019-03-19T20:12:35","date_gmt":"2019-03-19T19:12:35","guid":{"rendered":"http:\/\/www.brg9.at\/web\/?p=3036"},"modified":"2019-03-19T21:23:29","modified_gmt":"2019-03-19T20:23:29","slug":"skikurs-2abc-24-2-1-3-2019-eben-im-pongau","status":"publish","type":"post","link":"https:\/\/www.brg9.at\/web\/?p=3036","title":{"rendered":"Schikurs 2ABC 24.2.-1.3.2019 Eben im Pongau"},"content":{"rendered":"\n<p>Unser heuriger Schikurs der zweiten Klassen war ein vergn\u00fcgtes, sportliches und freudiges Ereignis!<\/p>\n\n\n\n<p>Die Sch\u00fclerinnen und Sch\u00fcler hatten jede Menge Spa\u00df.\u00a0 Einige haben eine neue Sportart kennengelernt und viele konnten sich durch gemeinsames \u00dcben und Bewegen verbessern. Mit dem Wetter hatten wir wie schon in den letzten Jahren Gl\u00fcck: Viel Sonne und gen\u00fcgend Schnee!<\/p>\n\n\n\n<p>Das Highlight eines jeden Tages war aber sicher das Freizeit- und Abendprogramm f\u00fcr die Sch\u00fclerinnen und Sch\u00fcler und die Zimmerkontrollen f\u00fcr die Lehrer \ud83d\ude09 .<\/p>\n\n\n\n<p>Ja, wenn Engerln reisen \u2026\u2026 Fotos finden Sie <a rel=\"noreferrer noopener\" aria-label=\"hier (opens in a new tab)\" href=\"https:\/\/www.facebook.com\/pg\/brg9.at\/photos\/?tab=album&amp;album_id=2096473290449558&amp;__tn__=-UC-R\" target=\"_blank\">hier<\/a>!<\/p>\n<div class=\"sharedaddy sd-sharing-enabled\"><div class=\"robots-nocontent sd-block sd-social sd-social-icon-text sd-sharing\"><h3 class=\"sd-title\">Diesen Inhalt teilen:<\/h3><div class=\"sd-content\"><ul><li class=\"share-facebook\"><a rel=\"nofollow noopener noreferrer\" data-shared=\"sharing-facebook-3036\" class=\"share-facebook sd-button share-icon\" href=\"https:\/\/www.brg9.at\/web\/?p=3036&amp;share=facebook\" target=\"_blank\" title=\"Klick, um auf Facebook zu teilen\"><span>Facebook<\/span><\/a><\/li><li class=\"share-jetpack-whatsapp\"><a rel=\"nofollow noopener noreferrer\" data-shared=\"\" class=\"share-jetpack-whatsapp sd-button share-icon\" href=\"https:\/\/www.brg9.at\/web\/?p=3036&amp;share=jetpack-whatsapp\" target=\"_blank\" title=\"Klicken, um auf WhatsApp zu teilen\"><span>WhatsApp<\/span><\/a><\/li><li class=\"share-print\"><a rel=\"nofollow noopener noreferrer\" data-shared=\"\" class=\"share-print sd-button share-icon\" href=\"https:\/\/www.brg9.at\/web\/?p=3036\" target=\"_blank\" title=\"Klicken zum Ausdrucken\"><span>Drucken<\/span><\/a><\/li><li class=\"share-end\"><\/li><\/ul><\/div><\/div><\/div>","protected":false},"excerpt":{"rendered":"<p>Unser heuriger Schikurs der zweiten Klassen war ein vergn\u00fcgtes, sportliches und freudiges Ereignis! Die Sch\u00fclerinnen und Sch\u00fcler hatten jede Menge Spa\u00df.\u00a0 Einige haben eine neue Sportart kennengelernt und viele konnten sich durch gemeinsames \u00dcben und Bewegen verbessern. Mit dem Wetter hatten wir wie schon in den letzten Jahren Gl\u00fcck: Viel Sonne und gen\u00fcgend Schnee! Das &hellip; <a href=\"https:\/\/www.brg9.at\/web\/?p=3036\" class=\"more-link\"><span class=\"screen-reader-text\">&#8222;Schikurs 2ABC 24.2.-1.3.2019 Eben im Pongau&#8220; <\/span>weiterlesen<\/a><\/p>\n<div class=\"sharedaddy sd-sharing-enabled\"><div class=\"robots-nocontent sd-block sd-social sd-social-icon-text sd-sharing\"><h3 class=\"sd-title\">Diesen Inhalt teilen:<\/h3><div class=\"sd-content\"><ul><li class=\"share-facebook\"><a rel=\"nofollow noopener noreferrer\" data-shared=\"sharing-facebook-3036\" class=\"share-facebook sd-button share-icon\" href=\"https:\/\/www.brg9.at\/web\/?p=3036&amp;share=facebook\" target=\"_blank\" title=\"Klick, um auf Facebook zu teilen\"><span>Facebook<\/span><\/a><\/li><li class=\"share-jetpack-whatsapp\"><a rel=\"nofollow noopener noreferrer\" data-shared=\"\" class=\"share-jetpack-whatsapp sd-button share-icon\" href=\"https:\/\/www.brg9.at\/web\/?p=3036&amp;share=jetpack-whatsapp\" target=\"_blank\" title=\"Klicken, um auf WhatsApp zu teilen\"><span>WhatsApp<\/span><\/a><\/li><li class=\"share-print\"><a rel=\"nofollow noopener noreferrer\" data-shared=\"\" class=\"share-print sd-button share-icon\" href=\"https:\/\/www.brg9.at\/web\/?p=3036\" target=\"_blank\" title=\"Klicken zum Ausdrucken\"><span>Drucken<\/span><\/a><\/li><li class=\"share-end\"><\/li><\/ul><\/div><\/div><\/div>","protected":false},"author":7,"featured_media":3037,"comment_status":"closed","ping_status":"open","sticky":false,"template":"","format":"standard","meta":{"ngg_post_thumbnail":0,"spay_email":""},"categories":[1],"tags":[],"yoast_head":"<!-- This site is optimized with the Yoast SEO plugin v16.2 - https:\/\/yoast.com\/wordpress\/plugins\/seo\/ -->\n<title>Schikurs 2ABC 24.2.-1.3.2019 Eben im Pongau &raquo; BRG9, Erich Fried Realgymnasium<\/title>\n<meta name=\"robots\" content=\"index, follow, max-snippet:-1, max-image-preview:large, max-video-preview:-1\" \/>\n<link rel=\"canonical\" href=\"https:\/\/www.brg9.at\/web\/?p=3036\" \/>\n<meta property=\"og:locale\" content=\"de_DE\" \/>\n<meta property=\"og:type\" content=\"article\" \/>\n<meta property=\"og:title\" content=\"Schikurs 2ABC 24.2.-1.3.2019 Eben im Pongau &raquo; BRG9, Erich Fried Realgymnasium\" \/>\n<meta property=\"og:description\" content=\"Unser heuriger Schikurs der zweiten Klassen war ein vergn\u00fcgtes, sportliches und freudiges Ereignis! Die Sch\u00fclerinnen und Sch\u00fcler hatten jede Menge Spa\u00df.\u00a0 Einige haben eine neue Sportart kennengelernt und viele konnten sich durch gemeinsames \u00dcben und Bewegen verbessern. Mit dem Wetter hatten wir wie schon in den letzten Jahren Gl\u00fcck: Viel Sonne und gen\u00fcgend Schnee! Das &hellip; &#8222;Schikurs 2ABC 24.2.-1.3.2019 Eben im Pongau&#8220; weiterlesen\" \/>\n<meta property=\"og:url\" content=\"https:\/\/www.brg9.at\/web\/?p=3036\" \/>\n<meta property=\"og:site_name\" content=\"BRG9, Erich Fried Realgymnasium\" \/>\n<meta property=\"article:published_time\" content=\"2019-03-19T19:12:35+00:00\" \/>\n<meta property=\"article:modified_time\" content=\"2019-03-19T20:23:29+00:00\" \/>\n<meta property=\"og:image\" content=\"https:\/\/www.brg9.at\/web\/wp-content\/uploads\/2019\/03\/OYYC3944-Kopie.jpg\" \/>\n\t<meta property=\"og:image:width\" content=\"1600\" \/>\n\t<meta property=\"og:image:height\" content=\"900\" \/>\n<meta name=\"twitter:card\" content=\"summary\" \/>\n<script type=\"application\/ld+json\" class=\"yoast-schema-graph\">{\"@context\":\"https:\/\/schema.org\",\"@graph\":[{\"@type\":\"WebSite\",\"@id\":\"https:\/\/www.brg9.at\/web\/#website\",\"url\":\"https:\/\/www.brg9.at\/web\/\",\"name\":\"BRG9, Erich Fried Realgymnasium\",\"description\":\"Die Website des BRG9 - Erich Fried Realgymnasium. Wien 9, Glasergasse 25.\",\"potentialAction\":[{\"@type\":\"SearchAction\",\"target\":\"https:\/\/www.brg9.at\/web\/?s={search_term_string}\",\"query-input\":\"required name=search_term_string\"}],\"inLanguage\":\"de-DE\"},{\"@type\":\"ImageObject\",\"@id\":\"https:\/\/www.brg9.at\/web\/?p=3036#primaryimage\",\"inLanguage\":\"de-DE\",\"url\":\"https:\/\/www.brg9.at\/web\/wp-content\/uploads\/2019\/03\/OYYC3944-Kopie.jpg\",\"contentUrl\":\"https:\/\/www.brg9.at\/web\/wp-content\/uploads\/2019\/03\/OYYC3944-Kopie.jpg\",\"width\":1600,\"height\":900},{\"@type\":\"WebPage\",\"@id\":\"https:\/\/www.brg9.at\/web\/?p=3036#webpage\",\"url\":\"https:\/\/www.brg9.at\/web\/?p=3036\",\"name\":\"Schikurs 2ABC 24.2.-1.3.2019 Eben im Pongau &raquo; BRG9, Erich Fried Realgymnasium\",\"isPartOf\":{\"@id\":\"https:\/\/www.brg9.at\/web\/#website\"},\"primaryImageOfPage\":{\"@id\":\"https:\/\/www.brg9.at\/web\/?p=3036#primaryimage\"},\"datePublished\":\"2019-03-19T19:12:35+00:00\",\"dateModified\":\"2019-03-19T20:23:29+00:00\",\"author\":{\"@id\":\"https:\/\/www.brg9.at\/web\/#\/schema\/person\/5b2e8635b2f470a9518011802bfa34dd\"},\"breadcrumb\":{\"@id\":\"https:\/\/www.brg9.at\/web\/?p=3036#breadcrumb\"},\"inLanguage\":\"de-DE\",\"potentialAction\":[{\"@type\":\"ReadAction\",\"target\":[\"https:\/\/www.brg9.at\/web\/?p=3036\"]}]},{\"@type\":\"BreadcrumbList\",\"@id\":\"https:\/\/www.brg9.at\/web\/?p=3036#breadcrumb\",\"itemListElement\":[{\"@type\":\"ListItem\",\"position\":1,\"item\":{\"@type\":\"WebPage\",\"@id\":\"https:\/\/www.brg9.at\/web\/\",\"url\":\"https:\/\/www.brg9.at\/web\/\",\"name\":\"Home\"}},{\"@type\":\"ListItem\",\"position\":2,\"item\":{\"@id\":\"https:\/\/www.brg9.at\/web\/?p=3036#webpage\"}}]},{\"@type\":\"Person\",\"@id\":\"https:\/\/www.brg9.at\/web\/#\/schema\/person\/5b2e8635b2f470a9518011802bfa34dd\",\"name\":\"Monika Simmerstatter\"}]}<\/script>\n<!-- \/ Yoast SEO plugin. -->","jetpack_featured_media_url":"https:\/\/www.brg9.at\/web\/wp-content\/uploads\/2019\/03\/OYYC3944-Kopie.jpg","jetpack_sharing_enabled":true,"_links":{"self":[{"href":"https:\/\/www.brg9.at\/web\/index.php?rest_route=\/wp\/v2\/posts\/3036"}],"collection":[{"href":"https:\/\/www.brg9.at\/web\/index.php?rest_route=\/wp\/v2\/posts"}],"about":[{"href":"https:\/\/www.brg9.at\/web\/index.php?rest_route=\/wp\/v2\/types\/post"}],"author":[{"embeddable":true,"href":"https:\/\/www.brg9.at\/web\/index.php?rest_route=\/wp\/v2\/users\/7"}],"replies":[{"embeddable":true,"href":"https:\/\/www.brg9.at\/web\/index.php?rest_route=%2Fwp%2Fv2%2Fcomments&post=3036"}],"version-history":[{"count":6,"href":"https:\/\/www.brg9.at\/web\/index.php?rest_route=\/wp\/v2\/posts\/3036\/revisions"}],"predecessor-version":[{"id":3044,"href":"https:\/\/www.brg9.at\/web\/index.php?rest_route=\/wp\/v2\/posts\/3036\/revisions\/3044"}],"wp:featuredmedia":[{"embeddable":true,"href":"https:\/\/www.brg9.at\/web\/index.php?rest_route=\/wp\/v2\/media\/3037"}],"wp:attachment":[{"href":"https:\/\/www.brg9.at\/web\/index.php?rest_route=%2Fwp%2Fv2%2Fmedia&parent=3036"}],"wp:term":[{"taxonomy":"category","embeddable":true,"href":"https:\/\/www.brg9.at\/web\/index.php?rest_route=%2Fwp%2Fv2%2Fcategories&post=3036"},{"taxonomy":"post_tag","embeddable":true,"href":"https:\/\/www.brg9.at\/web\/index.php?rest_route=%2Fwp%2Fv2%2Ftags&post=3036"}],"curies":[{"name":"wp","href":"https:\/\/api.w.org\/{rel}","templated":true}]}}