{"id":3119,"date":"2019-04-09T21:16:14","date_gmt":"2019-04-09T19:16:14","guid":{"rendered":"https:\/\/www.brg9.at\/web\/?p=3119"},"modified":"2019-04-11T11:06:14","modified_gmt":"2019-04-11T09:06:14","slug":"unsere-schule-wurde-mit-dem-mint-guetesiegel-ausgezeichnet","status":"publish","type":"post","link":"https:\/\/www.brg9.at\/web\/?p=3119","title":{"rendered":"Unsere Schule wurde mit dem MINT-G\u00fctesiegel ausgezeichnet!"},"content":{"rendered":"\n<p>Mit dem MINT-G\u00fctesiegel werden Bildungseinrichtungen ausgezeichnet, die mit verschiedenen Ma\u00dfnahmen innovatives und begeisterndes Lernen in Mathematik, Informatik, Naturwissenschaft und Technik f\u00f6rdern &#8211; mit vielf\u00e4ltigen Zug\u00e4ngen f\u00fcr M\u00e4dchen und Burschen. <\/p>\n\n\n\n<p>Wer mehr \u00fcber MINT erfahren will: <a href=\"https:\/\/www.mintschule.at\" target=\"_blank\" rel=\"noreferrer noopener\" aria-label=\"https:\/\/www.mintschule.at (opens in a new tab)\">https:\/\/www.mintschule.at<\/a><\/p>\n\n\n\n<p>Am 4. Juni erfolgt die Verleihung des G\u00fctesiegels durch BM Heinz Fa\u00dfmann im Haus der Industrie.<\/p>\n\n\n\n<p>Ich gratuliere den Lehrenden der MINT-F\u00e4cher zu dieser Auszeichnung! Dir. G\u00fcnter Maresch <\/p>\n\n\n<p><a href=\"https:\/\/www.brg9.at\/web\/?attachment_id=3120\" rel=\"attachment wp-att-3120\"><img data-attachment-id=\"3120\" data-permalink=\"https:\/\/www.brg9.at\/web\/?attachment_id=3120\" data-orig-file=\"https:\/\/www.brg9.at\/web\/wp-content\/uploads\/2019\/04\/schild-mockup2019.jpg\" data-orig-size=\"600,400\" data-comments-opened=\"0\" data-image-meta=\"{&quot;aperture&quot;:&quot;0&quot;,&quot;credit&quot;:&quot;&quot;,&quot;camera&quot;:&quot;&quot;,&quot;caption&quot;:&quot;&quot;,&quot;created_timestamp&quot;:&quot;0&quot;,&quot;copyright&quot;:&quot;&quot;,&quot;focal_length&quot;:&quot;0&quot;,&quot;iso&quot;:&quot;0&quot;,&quot;shutter_speed&quot;:&quot;0&quot;,&quot;title&quot;:&quot;&quot;,&quot;orientation&quot;:&quot;0&quot;}\" data-image-title=\"schild-mockup2019\" data-image-description=\"\" data-medium-file=\"https:\/\/www.brg9.at\/web\/wp-content\/uploads\/2019\/04\/schild-mockup2019-596x397.jpg\" data-large-file=\"https:\/\/www.brg9.at\/web\/wp-content\/uploads\/2019\/04\/schild-mockup2019.jpg\" loading=\"lazy\" class=\"aligncenter size-full wp-image-3120\" src=\"https:\/\/www.brg9.at\/web\/wp-content\/uploads\/2019\/04\/schild-mockup2019.jpg\" alt=\"\" width=\"600\" height=\"400\" srcset=\"https:\/\/www.brg9.at\/web\/wp-content\/uploads\/2019\/04\/schild-mockup2019.jpg 600w, https:\/\/www.brg9.at\/web\/wp-content\/uploads\/2019\/04\/schild-mockup2019-596x397.jpg 596w\" sizes=\"(max-width: 709px) 85vw, (max-width: 909px) 67vw, (max-width: 984px) 61vw, (max-width: 1362px) 45vw, 600px\" \/><\/a><\/p>\n\n\n<p><\/p>\n<div class=\"sharedaddy sd-sharing-enabled\"><div class=\"robots-nocontent sd-block sd-social sd-social-icon-text sd-sharing\"><h3 class=\"sd-title\">Diesen Inhalt teilen:<\/h3><div class=\"sd-content\"><ul><li class=\"share-facebook\"><a rel=\"nofollow noopener noreferrer\" data-shared=\"sharing-facebook-3119\" class=\"share-facebook sd-button share-icon\" href=\"https:\/\/www.brg9.at\/web\/?p=3119&amp;share=facebook\" target=\"_blank\" title=\"Klick, um auf Facebook zu teilen\"><span>Facebook<\/span><\/a><\/li><li class=\"share-jetpack-whatsapp\"><a rel=\"nofollow noopener noreferrer\" data-shared=\"\" class=\"share-jetpack-whatsapp sd-button share-icon\" href=\"https:\/\/www.brg9.at\/web\/?p=3119&amp;share=jetpack-whatsapp\" target=\"_blank\" title=\"Klicken, um auf WhatsApp zu teilen\"><span>WhatsApp<\/span><\/a><\/li><li class=\"share-print\"><a rel=\"nofollow noopener noreferrer\" data-shared=\"\" class=\"share-print sd-button share-icon\" href=\"https:\/\/www.brg9.at\/web\/?p=3119\" target=\"_blank\" title=\"Klicken zum Ausdrucken\"><span>Drucken<\/span><\/a><\/li><li class=\"share-end\"><\/li><\/ul><\/div><\/div><\/div>","protected":false},"excerpt":{"rendered":"<p>Mit dem MINT-G\u00fctesiegel werden Bildungseinrichtungen ausgezeichnet, die mit verschiedenen Ma\u00dfnahmen innovatives und begeisterndes Lernen in Mathematik, Informatik, Naturwissenschaft und Technik f\u00f6rdern &#8211; mit vielf\u00e4ltigen Zug\u00e4ngen f\u00fcr M\u00e4dchen und Burschen. Wer mehr \u00fcber MINT erfahren will: https:\/\/www.mintschule.at Am 4. Juni erfolgt die Verleihung des G\u00fctesiegels durch BM Heinz Fa\u00dfmann im Haus der Industrie. Ich gratuliere den &hellip; <a href=\"https:\/\/www.brg9.at\/web\/?p=3119\" class=\"more-link\"><span class=\"screen-reader-text\">&#8222;Unsere Schule wurde mit dem MINT-G\u00fctesiegel ausgezeichnet!&#8220; <\/span>weiterlesen<\/a><\/p>\n<div class=\"sharedaddy sd-sharing-enabled\"><div class=\"robots-nocontent sd-block sd-social sd-social-icon-text sd-sharing\"><h3 class=\"sd-title\">Diesen Inhalt teilen:<\/h3><div class=\"sd-content\"><ul><li class=\"share-facebook\"><a rel=\"nofollow noopener noreferrer\" data-shared=\"sharing-facebook-3119\" class=\"share-facebook sd-button share-icon\" href=\"https:\/\/www.brg9.at\/web\/?p=3119&amp;share=facebook\" target=\"_blank\" title=\"Klick, um auf Facebook zu teilen\"><span>Facebook<\/span><\/a><\/li><li class=\"share-jetpack-whatsapp\"><a rel=\"nofollow noopener noreferrer\" data-shared=\"\" class=\"share-jetpack-whatsapp sd-button share-icon\" href=\"https:\/\/www.brg9.at\/web\/?p=3119&amp;share=jetpack-whatsapp\" target=\"_blank\" title=\"Klicken, um auf WhatsApp zu teilen\"><span>WhatsApp<\/span><\/a><\/li><li class=\"share-print\"><a rel=\"nofollow noopener noreferrer\" data-shared=\"\" class=\"share-print sd-button share-icon\" href=\"https:\/\/www.brg9.at\/web\/?p=3119\" target=\"_blank\" title=\"Klicken zum Ausdrucken\"><span>Drucken<\/span><\/a><\/li><li class=\"share-end\"><\/li><\/ul><\/div><\/div><\/div>","protected":false},"author":7,"featured_media":0,"comment_status":"closed","ping_status":"open","sticky":false,"template":"","format":"standard","meta":{"ngg_post_thumbnail":0,"spay_email":""},"categories":[1],"tags":[],"yoast_head":"<!-- This site is optimized with the Yoast SEO plugin v16.2 - https:\/\/yoast.com\/wordpress\/plugins\/seo\/ -->\n<title>Unsere Schule wurde mit dem MINT-G\u00fctesiegel ausgezeichnet! &raquo; BRG9, Erich Fried Realgymnasium<\/title>\n<meta name=\"robots\" content=\"index, follow, max-snippet:-1, max-image-preview:large, max-video-preview:-1\" \/>\n<link rel=\"canonical\" href=\"https:\/\/www.brg9.at\/web\/?p=3119\" \/>\n<meta property=\"og:locale\" content=\"de_DE\" \/>\n<meta property=\"og:type\" content=\"article\" \/>\n<meta property=\"og:title\" content=\"Unsere Schule wurde mit dem MINT-G\u00fctesiegel ausgezeichnet! &raquo; BRG9, Erich Fried Realgymnasium\" \/>\n<meta property=\"og:description\" content=\"Mit dem MINT-G\u00fctesiegel werden Bildungseinrichtungen ausgezeichnet, die mit verschiedenen Ma\u00dfnahmen innovatives und begeisterndes Lernen in Mathematik, Informatik, Naturwissenschaft und Technik f\u00f6rdern &#8211; mit vielf\u00e4ltigen Zug\u00e4ngen f\u00fcr M\u00e4dchen und Burschen. Wer mehr \u00fcber MINT erfahren will: https:\/\/www.mintschule.at Am 4. Juni erfolgt die Verleihung des G\u00fctesiegels durch BM Heinz Fa\u00dfmann im Haus der Industrie. Ich gratuliere den &hellip; &#8222;Unsere Schule wurde mit dem MINT-G\u00fctesiegel ausgezeichnet!&#8220; weiterlesen\" \/>\n<meta property=\"og:url\" content=\"https:\/\/www.brg9.at\/web\/?p=3119\" \/>\n<meta property=\"og:site_name\" content=\"BRG9, Erich Fried Realgymnasium\" \/>\n<meta property=\"article:published_time\" content=\"2019-04-09T19:16:14+00:00\" \/>\n<meta property=\"article:modified_time\" content=\"2019-04-11T09:06:14+00:00\" \/>\n<meta property=\"og:image\" content=\"https:\/\/www.brg9.at\/web\/wp-content\/uploads\/2019\/04\/schild-mockup2019.jpg\" \/>\n<meta name=\"twitter:card\" content=\"summary\" \/>\n<script type=\"application\/ld+json\" class=\"yoast-schema-graph\">{\"@context\":\"https:\/\/schema.org\",\"@graph\":[{\"@type\":\"WebSite\",\"@id\":\"https:\/\/www.brg9.at\/web\/#website\",\"url\":\"https:\/\/www.brg9.at\/web\/\",\"name\":\"BRG9, Erich Fried Realgymnasium\",\"description\":\"Die Website des BRG9 - Erich Fried Realgymnasium. Wien 9, Glasergasse 25.\",\"potentialAction\":[{\"@type\":\"SearchAction\",\"target\":\"https:\/\/www.brg9.at\/web\/?s={search_term_string}\",\"query-input\":\"required name=search_term_string\"}],\"inLanguage\":\"de-DE\"},{\"@type\":\"ImageObject\",\"@id\":\"https:\/\/www.brg9.at\/web\/?p=3119#primaryimage\",\"inLanguage\":\"de-DE\",\"url\":\"https:\/\/www.brg9.at\/web\/wp-content\/uploads\/2019\/04\/schild-mockup2019.jpg\",\"contentUrl\":\"https:\/\/www.brg9.at\/web\/wp-content\/uploads\/2019\/04\/schild-mockup2019.jpg\",\"width\":600,\"height\":400},{\"@type\":\"WebPage\",\"@id\":\"https:\/\/www.brg9.at\/web\/?p=3119#webpage\",\"url\":\"https:\/\/www.brg9.at\/web\/?p=3119\",\"name\":\"Unsere Schule wurde mit dem MINT-G\\u00fctesiegel ausgezeichnet! &raquo; BRG9, Erich Fried Realgymnasium\",\"isPartOf\":{\"@id\":\"https:\/\/www.brg9.at\/web\/#website\"},\"primaryImageOfPage\":{\"@id\":\"https:\/\/www.brg9.at\/web\/?p=3119#primaryimage\"},\"datePublished\":\"2019-04-09T19:16:14+00:00\",\"dateModified\":\"2019-04-11T09:06:14+00:00\",\"author\":{\"@id\":\"https:\/\/www.brg9.at\/web\/#\/schema\/person\/5b2e8635b2f470a9518011802bfa34dd\"},\"breadcrumb\":{\"@id\":\"https:\/\/www.brg9.at\/web\/?p=3119#breadcrumb\"},\"inLanguage\":\"de-DE\",\"potentialAction\":[{\"@type\":\"ReadAction\",\"target\":[\"https:\/\/www.brg9.at\/web\/?p=3119\"]}]},{\"@type\":\"BreadcrumbList\",\"@id\":\"https:\/\/www.brg9.at\/web\/?p=3119#breadcrumb\",\"itemListElement\":[{\"@type\":\"ListItem\",\"position\":1,\"item\":{\"@type\":\"WebPage\",\"@id\":\"https:\/\/www.brg9.at\/web\/\",\"url\":\"https:\/\/www.brg9.at\/web\/\",\"name\":\"Home\"}},{\"@type\":\"ListItem\",\"position\":2,\"item\":{\"@id\":\"https:\/\/www.brg9.at\/web\/?p=3119#webpage\"}}]},{\"@type\":\"Person\",\"@id\":\"https:\/\/www.brg9.at\/web\/#\/schema\/person\/5b2e8635b2f470a9518011802bfa34dd\",\"name\":\"Monika Simmerstatter\"}]}<\/script>\n<!-- \/ Yoast SEO plugin. -->","jetpack_featured_media_url":"","jetpack_sharing_enabled":true,"_links":{"self":[{"href":"https:\/\/www.brg9.at\/web\/index.php?rest_route=\/wp\/v2\/posts\/3119"}],"collection":[{"href":"https:\/\/www.brg9.at\/web\/index.php?rest_route=\/wp\/v2\/posts"}],"about":[{"href":"https:\/\/www.brg9.at\/web\/index.php?rest_route=\/wp\/v2\/types\/post"}],"author":[{"embeddable":true,"href":"https:\/\/www.brg9.at\/web\/index.php?rest_route=\/wp\/v2\/users\/7"}],"replies":[{"embeddable":true,"href":"https:\/\/www.brg9.at\/web\/index.php?rest_route=%2Fwp%2Fv2%2Fcomments&post=3119"}],"version-history":[{"count":2,"href":"https:\/\/www.brg9.at\/web\/index.php?rest_route=\/wp\/v2\/posts\/3119\/revisions"}],"predecessor-version":[{"id":3127,"href":"https:\/\/www.brg9.at\/web\/index.php?rest_route=\/wp\/v2\/posts\/3119\/revisions\/3127"}],"wp:attachment":[{"href":"https:\/\/www.brg9.at\/web\/index.php?rest_route=%2Fwp%2Fv2%2Fmedia&parent=3119"}],"wp:term":[{"taxonomy":"category","embeddable":true,"href":"https:\/\/www.brg9.at\/web\/index.php?rest_route=%2Fwp%2Fv2%2Fcategories&post=3119"},{"taxonomy":"post_tag","embeddable":true,"href":"https:\/\/www.brg9.at\/web\/index.php?rest_route=%2Fwp%2Fv2%2Ftags&post=3119"}],"curies":[{"name":"wp","href":"https:\/\/api.w.org\/{rel}","templated":true}]}}