{"id":4269,"date":"2020-05-08T09:13:52","date_gmt":"2020-05-08T07:13:52","guid":{"rendered":"https:\/\/www.brg9.at\/web\/?p=4269"},"modified":"2020-05-08T10:37:06","modified_gmt":"2020-05-08T08:37:06","slug":"4269","status":"publish","type":"post","link":"https:\/\/www.brg9.at\/web\/?p=4269","title":{"rendered":""},"content":{"rendered":"\n<p>Liebe Eltern, <br>um gr\u00f6\u00dftm\u00f6gliche Klarheit zu schaffen, m\u00f6chte ich zwei Punkte pr\u00e4zisieren: <\/p>\n\n\n\n<ul><li>Falls Sie mit der Unterrichtseinteilung Ihres Unterstufenkindes im  t\u00e4glich wechselnden Rhythmus A\/B pers\u00f6nlich organisatorische Probleme  haben, dann steht Ihnen f\u00fcr <strong>den Nicht-Unterrichtstag unsere Betreuung  zur Verf\u00fcgung<\/strong>. Ihr Kind kann also nach entsprechender Anmeldung (siehe unten) <strong>zur  Beaufsichtigung jeden Vormittag bis 13.40 Uhr die Schule besuchen und zus\u00e4tzlich die Nachmittagsbetreuung<\/strong>.<\/li><\/ul>\n\n\n\n<ul><li>Antworten der  Bildungsdirektion auf h\u00e4ufig gestellte Fragen zu Besuch, Verrechnung,  Abmeldung oder Ummeldung von Kindern in der Nachmittagsbetreuung ab  18.5. finden Sie <a rel=\"noreferrer noopener\" aria-label=\"hier (opens in a new tab)\" href=\"https:\/\/www.brg9.at\/web\/wp-content\/uploads\/2020\/05\/FAQS-zu-TB.docx\" target=\"_blank\">hier<\/a> . <\/li><\/ul>\n\n\n\n<p>Herzliche Gr\u00fc\u00dfe <br>G\u00fcnter Maresch<\/p>\n<div class=\"sharedaddy sd-sharing-enabled\"><div class=\"robots-nocontent sd-block sd-social sd-social-icon-text sd-sharing\"><h3 class=\"sd-title\">Diesen Inhalt teilen:<\/h3><div class=\"sd-content\"><ul><li class=\"share-facebook\"><a rel=\"nofollow noopener noreferrer\" data-shared=\"sharing-facebook-4269\" class=\"share-facebook sd-button share-icon\" href=\"https:\/\/www.brg9.at\/web\/?p=4269&amp;share=facebook\" target=\"_blank\" title=\"Klick, um auf Facebook zu teilen\"><span>Facebook<\/span><\/a><\/li><li class=\"share-jetpack-whatsapp\"><a rel=\"nofollow noopener noreferrer\" data-shared=\"\" class=\"share-jetpack-whatsapp sd-button share-icon\" href=\"https:\/\/www.brg9.at\/web\/?p=4269&amp;share=jetpack-whatsapp\" target=\"_blank\" title=\"Klicken, um auf WhatsApp zu teilen\"><span>WhatsApp<\/span><\/a><\/li><li class=\"share-print\"><a rel=\"nofollow noopener noreferrer\" data-shared=\"\" class=\"share-print sd-button share-icon\" href=\"https:\/\/www.brg9.at\/web\/?p=4269\" target=\"_blank\" title=\"Klicken zum Ausdrucken\"><span>Drucken<\/span><\/a><\/li><li class=\"share-end\"><\/li><\/ul><\/div><\/div><\/div>","protected":false},"excerpt":{"rendered":"<p>Liebe Eltern, um gr\u00f6\u00dftm\u00f6gliche Klarheit zu schaffen, m\u00f6chte ich zwei Punkte pr\u00e4zisieren: Falls Sie mit der Unterrichtseinteilung Ihres Unterstufenkindes im t\u00e4glich wechselnden Rhythmus A\/B pers\u00f6nlich organisatorische Probleme haben, dann steht Ihnen f\u00fcr den Nicht-Unterrichtstag unsere Betreuung zur Verf\u00fcgung. Ihr Kind kann also nach entsprechender Anmeldung (siehe unten) zur Beaufsichtigung jeden Vormittag bis 13.40 Uhr die &hellip; <a href=\"https:\/\/www.brg9.at\/web\/?p=4269\" class=\"more-link\"><span class=\"screen-reader-text\">&#8222;&#8220; <\/span>weiterlesen<\/a><\/p>\n<div class=\"sharedaddy sd-sharing-enabled\"><div class=\"robots-nocontent sd-block sd-social sd-social-icon-text sd-sharing\"><h3 class=\"sd-title\">Diesen Inhalt teilen:<\/h3><div class=\"sd-content\"><ul><li class=\"share-facebook\"><a rel=\"nofollow noopener noreferrer\" data-shared=\"sharing-facebook-4269\" class=\"share-facebook sd-button share-icon\" href=\"https:\/\/www.brg9.at\/web\/?p=4269&amp;share=facebook\" target=\"_blank\" title=\"Klick, um auf Facebook zu teilen\"><span>Facebook<\/span><\/a><\/li><li class=\"share-jetpack-whatsapp\"><a rel=\"nofollow noopener noreferrer\" data-shared=\"\" class=\"share-jetpack-whatsapp sd-button share-icon\" href=\"https:\/\/www.brg9.at\/web\/?p=4269&amp;share=jetpack-whatsapp\" target=\"_blank\" title=\"Klicken, um auf WhatsApp zu teilen\"><span>WhatsApp<\/span><\/a><\/li><li class=\"share-print\"><a rel=\"nofollow noopener noreferrer\" data-shared=\"\" class=\"share-print sd-button share-icon\" href=\"https:\/\/www.brg9.at\/web\/?p=4269\" target=\"_blank\" title=\"Klicken zum Ausdrucken\"><span>Drucken<\/span><\/a><\/li><li class=\"share-end\"><\/li><\/ul><\/div><\/div><\/div>","protected":false},"author":6,"featured_media":0,"comment_status":"closed","ping_status":"open","sticky":false,"template":"","format":"standard","meta":{"ngg_post_thumbnail":0,"spay_email":""},"categories":[1],"tags":[],"yoast_head":"<!-- This site is optimized with the Yoast SEO plugin v16.2 - https:\/\/yoast.com\/wordpress\/plugins\/seo\/ -->\n<title>&raquo; BRG9, Erich Fried Realgymnasium<\/title>\n<meta name=\"robots\" content=\"index, follow, max-snippet:-1, max-image-preview:large, max-video-preview:-1\" \/>\n<link rel=\"canonical\" href=\"https:\/\/www.brg9.at\/web\/?p=4269\" \/>\n<meta property=\"og:locale\" content=\"de_DE\" \/>\n<meta property=\"og:type\" content=\"article\" \/>\n<meta property=\"og:title\" content=\"&raquo; BRG9, Erich Fried Realgymnasium\" \/>\n<meta property=\"og:description\" content=\"Liebe Eltern, um gr\u00f6\u00dftm\u00f6gliche Klarheit zu schaffen, m\u00f6chte ich zwei Punkte pr\u00e4zisieren: Falls Sie mit der Unterrichtseinteilung Ihres Unterstufenkindes im t\u00e4glich wechselnden Rhythmus A\/B pers\u00f6nlich organisatorische Probleme haben, dann steht Ihnen f\u00fcr den Nicht-Unterrichtstag unsere Betreuung zur Verf\u00fcgung. Ihr Kind kann also nach entsprechender Anmeldung (siehe unten) zur Beaufsichtigung jeden Vormittag bis 13.40 Uhr die &hellip; &#8222;&#8220; weiterlesen\" \/>\n<meta property=\"og:url\" content=\"https:\/\/www.brg9.at\/web\/?p=4269\" \/>\n<meta property=\"og:site_name\" content=\"BRG9, Erich Fried Realgymnasium\" \/>\n<meta property=\"article:published_time\" content=\"2020-05-08T07:13:52+00:00\" \/>\n<meta property=\"article:modified_time\" content=\"2020-05-08T08:37:06+00:00\" \/>\n<meta property=\"og:image\" content=\"https:\/\/www.brg9.at\/web\/wp-content\/uploads\/2016\/02\/brg9_solo_rgb_share.jpg\" \/>\n\t<meta property=\"og:image:width\" content=\"800\" \/>\n\t<meta property=\"og:image:height\" content=\"600\" \/>\n<meta name=\"twitter:card\" content=\"summary\" \/>\n<script type=\"application\/ld+json\" class=\"yoast-schema-graph\">{\"@context\":\"https:\/\/schema.org\",\"@graph\":[{\"@type\":\"WebSite\",\"@id\":\"https:\/\/www.brg9.at\/web\/#website\",\"url\":\"https:\/\/www.brg9.at\/web\/\",\"name\":\"BRG9, Erich Fried Realgymnasium\",\"description\":\"Die Website des BRG9 - Erich Fried Realgymnasium. Wien 9, Glasergasse 25.\",\"potentialAction\":[{\"@type\":\"SearchAction\",\"target\":\"https:\/\/www.brg9.at\/web\/?s={search_term_string}\",\"query-input\":\"required name=search_term_string\"}],\"inLanguage\":\"de-DE\"},{\"@type\":\"WebPage\",\"@id\":\"https:\/\/www.brg9.at\/web\/?p=4269#webpage\",\"url\":\"https:\/\/www.brg9.at\/web\/?p=4269\",\"name\":\"&raquo; BRG9, Erich Fried Realgymnasium\",\"isPartOf\":{\"@id\":\"https:\/\/www.brg9.at\/web\/#website\"},\"datePublished\":\"2020-05-08T07:13:52+00:00\",\"dateModified\":\"2020-05-08T08:37:06+00:00\",\"author\":{\"@id\":\"https:\/\/www.brg9.at\/web\/#\/schema\/person\/5b8d146bae11065ecb7ca54ae817cc22\"},\"breadcrumb\":{\"@id\":\"https:\/\/www.brg9.at\/web\/?p=4269#breadcrumb\"},\"inLanguage\":\"de-DE\",\"potentialAction\":[{\"@type\":\"ReadAction\",\"target\":[\"https:\/\/www.brg9.at\/web\/?p=4269\"]}]},{\"@type\":\"BreadcrumbList\",\"@id\":\"https:\/\/www.brg9.at\/web\/?p=4269#breadcrumb\",\"itemListElement\":[{\"@type\":\"ListItem\",\"position\":1,\"item\":{\"@type\":\"WebPage\",\"@id\":\"https:\/\/www.brg9.at\/web\/\",\"url\":\"https:\/\/www.brg9.at\/web\/\",\"name\":\"Home\"}},{\"@type\":\"ListItem\",\"position\":2,\"item\":{\"@id\":\"https:\/\/www.brg9.at\/web\/?p=4269#webpage\"}}]},{\"@type\":\"Person\",\"@id\":\"https:\/\/www.brg9.at\/web\/#\/schema\/person\/5b8d146bae11065ecb7ca54ae817cc22\",\"name\":\"Peter H\\u00f6fner\"}]}<\/script>\n<!-- \/ Yoast SEO plugin. -->","jetpack_featured_media_url":"","jetpack_sharing_enabled":true,"_links":{"self":[{"href":"https:\/\/www.brg9.at\/web\/index.php?rest_route=\/wp\/v2\/posts\/4269"}],"collection":[{"href":"https:\/\/www.brg9.at\/web\/index.php?rest_route=\/wp\/v2\/posts"}],"about":[{"href":"https:\/\/www.brg9.at\/web\/index.php?rest_route=\/wp\/v2\/types\/post"}],"author":[{"embeddable":true,"href":"https:\/\/www.brg9.at\/web\/index.php?rest_route=\/wp\/v2\/users\/6"}],"replies":[{"embeddable":true,"href":"https:\/\/www.brg9.at\/web\/index.php?rest_route=%2Fwp%2Fv2%2Fcomments&post=4269"}],"version-history":[{"count":3,"href":"https:\/\/www.brg9.at\/web\/index.php?rest_route=\/wp\/v2\/posts\/4269\/revisions"}],"predecessor-version":[{"id":4274,"href":"https:\/\/www.brg9.at\/web\/index.php?rest_route=\/wp\/v2\/posts\/4269\/revisions\/4274"}],"wp:attachment":[{"href":"https:\/\/www.brg9.at\/web\/index.php?rest_route=%2Fwp%2Fv2%2Fmedia&parent=4269"}],"wp:term":[{"taxonomy":"category","embeddable":true,"href":"https:\/\/www.brg9.at\/web\/index.php?rest_route=%2Fwp%2Fv2%2Fcategories&post=4269"},{"taxonomy":"post_tag","embeddable":true,"href":"https:\/\/www.brg9.at\/web\/index.php?rest_route=%2Fwp%2Fv2%2Ftags&post=4269"}],"curies":[{"name":"wp","href":"https:\/\/api.w.org\/{rel}","templated":true}]}}