{"id":4869,"date":"2020-11-30T13:31:58","date_gmt":"2020-11-30T12:31:58","guid":{"rendered":"https:\/\/www.brg9.at\/web\/?p=4869"},"modified":"2021-01-11T13:37:08","modified_gmt":"2021-01-11T12:37:08","slug":"virtuelle-tag-der-offenen-tuer","status":"publish","type":"post","link":"https:\/\/www.brg9.at\/web\/?p=4869","title":{"rendered":"Virtueller Tag der offenen T\u00fcr"},"content":{"rendered":"\n<p>Liebe am Erich Fried Realgymnasium Interessierte,<\/p>\n\n\n\n<p>unser Tag der offenen T\u00fcr musste heuer zwar ausfallen, daf\u00fcr bietet aber dieses Video allen am Erich Fried Realgymnasium Interessierten einen Einblick in unseren Schulalltag, von dem vor allem unsere Sch\u00fclerinnen und Sch\u00fcler erz\u00e4hlen. Viel Spa\u00df beim <a rel=\"noreferrer noopener\" aria-label=\"virtuellen Rundgang (opens in a new tab)\" href=\"https:\/\/bildungshub.wien\/offen_tueren\/erich-fried-realgymnasium-brg-9\/\" target=\"_blank\">virtuellen Rundgang<\/a>!&nbsp;<\/p>\n\n\n\n<p><strong>Danke an alle Mitwirkenden (vor und hinter der Kamera):<\/strong><br><em>Daria Cosma (4c)&nbsp; &nbsp; &nbsp; &nbsp; &nbsp; &nbsp; &nbsp; &nbsp; &nbsp; &nbsp; &nbsp;&nbsp;<\/em><br><em>Paul Kircher (4c)<\/em><br><em>Emily Peel (4b)<\/em><br><em>Ina Schrems (4b)<\/em><br><em>Rosa Waldm\u00fcller (4c)<\/em><br><em>Mag. Jutta Holzfeind<\/em><br><em>Alexander Friedrich, BSc BEd<\/em><br><em>Mag. Ursula G\u00f6ltl<\/em><br><em>Dr. Alice Heregger<\/em><br><em>MMag. Andreas Reisenbauer<\/em><br><em>Manuela Schachner&nbsp;<\/em><br><em>Konzept, Kamera, Bearbeitung, Gesamtleitung: Mag.&nbsp;Sabine&nbsp;Hazod<\/em><\/p>\n\n\n\n<p><em>MfG Florian Kalwoda<\/em><\/p>\n<div class=\"sharedaddy sd-sharing-enabled\"><div class=\"robots-nocontent sd-block sd-social sd-social-icon-text sd-sharing\"><h3 class=\"sd-title\">Diesen Inhalt teilen:<\/h3><div class=\"sd-content\"><ul><li class=\"share-facebook\"><a rel=\"nofollow noopener noreferrer\" data-shared=\"sharing-facebook-4869\" class=\"share-facebook sd-button share-icon\" href=\"https:\/\/www.brg9.at\/web\/?p=4869&amp;share=facebook\" target=\"_blank\" title=\"Klick, um auf Facebook zu teilen\"><span>Facebook<\/span><\/a><\/li><li class=\"share-jetpack-whatsapp\"><a rel=\"nofollow noopener noreferrer\" data-shared=\"\" class=\"share-jetpack-whatsapp sd-button share-icon\" href=\"https:\/\/www.brg9.at\/web\/?p=4869&amp;share=jetpack-whatsapp\" target=\"_blank\" title=\"Klicken, um auf WhatsApp zu teilen\"><span>WhatsApp<\/span><\/a><\/li><li class=\"share-print\"><a rel=\"nofollow noopener noreferrer\" data-shared=\"\" class=\"share-print sd-button share-icon\" href=\"https:\/\/www.brg9.at\/web\/?p=4869\" target=\"_blank\" title=\"Klicken zum Ausdrucken\"><span>Drucken<\/span><\/a><\/li><li class=\"share-end\"><\/li><\/ul><\/div><\/div><\/div>","protected":false},"excerpt":{"rendered":"<p>Liebe am Erich Fried Realgymnasium Interessierte, unser Tag der offenen T\u00fcr musste heuer zwar ausfallen, daf\u00fcr bietet aber dieses Video allen am Erich Fried Realgymnasium Interessierten einen Einblick in unseren Schulalltag, von dem vor allem unsere Sch\u00fclerinnen und Sch\u00fcler erz\u00e4hlen. Viel Spa\u00df beim virtuellen Rundgang!&nbsp; Danke an alle Mitwirkenden (vor und hinter der Kamera):Daria Cosma &hellip; <a href=\"https:\/\/www.brg9.at\/web\/?p=4869\" class=\"more-link\"><span class=\"screen-reader-text\">&#8222;Virtueller Tag der offenen T\u00fcr&#8220; <\/span>weiterlesen<\/a><\/p>\n<div class=\"sharedaddy sd-sharing-enabled\"><div class=\"robots-nocontent sd-block sd-social sd-social-icon-text sd-sharing\"><h3 class=\"sd-title\">Diesen Inhalt teilen:<\/h3><div class=\"sd-content\"><ul><li class=\"share-facebook\"><a rel=\"nofollow noopener noreferrer\" data-shared=\"sharing-facebook-4869\" class=\"share-facebook sd-button share-icon\" href=\"https:\/\/www.brg9.at\/web\/?p=4869&amp;share=facebook\" target=\"_blank\" title=\"Klick, um auf Facebook zu teilen\"><span>Facebook<\/span><\/a><\/li><li class=\"share-jetpack-whatsapp\"><a rel=\"nofollow noopener noreferrer\" data-shared=\"\" class=\"share-jetpack-whatsapp sd-button share-icon\" href=\"https:\/\/www.brg9.at\/web\/?p=4869&amp;share=jetpack-whatsapp\" target=\"_blank\" title=\"Klicken, um auf WhatsApp zu teilen\"><span>WhatsApp<\/span><\/a><\/li><li class=\"share-print\"><a rel=\"nofollow noopener noreferrer\" data-shared=\"\" class=\"share-print sd-button share-icon\" href=\"https:\/\/www.brg9.at\/web\/?p=4869\" target=\"_blank\" title=\"Klicken zum Ausdrucken\"><span>Drucken<\/span><\/a><\/li><li class=\"share-end\"><\/li><\/ul><\/div><\/div><\/div>","protected":false},"author":7,"featured_media":0,"comment_status":"closed","ping_status":"open","sticky":false,"template":"","format":"standard","meta":{"ngg_post_thumbnail":0,"spay_email":""},"categories":[1],"tags":[],"yoast_head":"<!-- This site is optimized with the Yoast SEO plugin v16.2 - https:\/\/yoast.com\/wordpress\/plugins\/seo\/ -->\n<title>Virtueller Tag der offenen T\u00fcr &raquo; BRG9, Erich Fried Realgymnasium<\/title>\n<meta name=\"robots\" content=\"index, follow, max-snippet:-1, max-image-preview:large, max-video-preview:-1\" \/>\n<link rel=\"canonical\" href=\"https:\/\/www.brg9.at\/web\/?p=4869\" \/>\n<meta property=\"og:locale\" content=\"de_DE\" \/>\n<meta property=\"og:type\" content=\"article\" \/>\n<meta property=\"og:title\" content=\"Virtueller Tag der offenen T\u00fcr &raquo; BRG9, Erich Fried Realgymnasium\" \/>\n<meta property=\"og:description\" content=\"Liebe am Erich Fried Realgymnasium Interessierte, unser Tag der offenen T\u00fcr musste heuer zwar ausfallen, daf\u00fcr bietet aber dieses Video allen am Erich Fried Realgymnasium Interessierten einen Einblick in unseren Schulalltag, von dem vor allem unsere Sch\u00fclerinnen und Sch\u00fcler erz\u00e4hlen. Viel Spa\u00df beim virtuellen Rundgang!&nbsp; Danke an alle Mitwirkenden (vor und hinter der Kamera):Daria Cosma &hellip; &#8222;Virtueller Tag der offenen T\u00fcr&#8220; weiterlesen\" \/>\n<meta property=\"og:url\" content=\"https:\/\/www.brg9.at\/web\/?p=4869\" \/>\n<meta property=\"og:site_name\" content=\"BRG9, Erich Fried Realgymnasium\" \/>\n<meta property=\"article:published_time\" content=\"2020-11-30T12:31:58+00:00\" \/>\n<meta property=\"article:modified_time\" content=\"2021-01-11T12:37:08+00:00\" \/>\n<meta property=\"og:image\" content=\"https:\/\/www.brg9.at\/web\/wp-content\/uploads\/2016\/02\/brg9_solo_rgb_share.jpg\" \/>\n\t<meta property=\"og:image:width\" content=\"800\" \/>\n\t<meta property=\"og:image:height\" content=\"600\" \/>\n<meta name=\"twitter:card\" content=\"summary\" \/>\n<meta name=\"twitter:label1\" content=\"Gesch\u00e4tzte Lesezeit\">\n\t<meta name=\"twitter:data1\" content=\"1 Minute\">\n<script type=\"application\/ld+json\" class=\"yoast-schema-graph\">{\"@context\":\"https:\/\/schema.org\",\"@graph\":[{\"@type\":\"WebSite\",\"@id\":\"https:\/\/www.brg9.at\/web\/#website\",\"url\":\"https:\/\/www.brg9.at\/web\/\",\"name\":\"BRG9, Erich Fried Realgymnasium\",\"description\":\"Die Website des BRG9 - Erich Fried Realgymnasium. Wien 9, Glasergasse 25.\",\"potentialAction\":[{\"@type\":\"SearchAction\",\"target\":\"https:\/\/www.brg9.at\/web\/?s={search_term_string}\",\"query-input\":\"required name=search_term_string\"}],\"inLanguage\":\"de-DE\"},{\"@type\":\"WebPage\",\"@id\":\"https:\/\/www.brg9.at\/web\/?p=4869#webpage\",\"url\":\"https:\/\/www.brg9.at\/web\/?p=4869\",\"name\":\"Virtueller Tag der offenen T\\u00fcr &raquo; BRG9, Erich Fried Realgymnasium\",\"isPartOf\":{\"@id\":\"https:\/\/www.brg9.at\/web\/#website\"},\"datePublished\":\"2020-11-30T12:31:58+00:00\",\"dateModified\":\"2021-01-11T12:37:08+00:00\",\"author\":{\"@id\":\"https:\/\/www.brg9.at\/web\/#\/schema\/person\/5b2e8635b2f470a9518011802bfa34dd\"},\"breadcrumb\":{\"@id\":\"https:\/\/www.brg9.at\/web\/?p=4869#breadcrumb\"},\"inLanguage\":\"de-DE\",\"potentialAction\":[{\"@type\":\"ReadAction\",\"target\":[\"https:\/\/www.brg9.at\/web\/?p=4869\"]}]},{\"@type\":\"BreadcrumbList\",\"@id\":\"https:\/\/www.brg9.at\/web\/?p=4869#breadcrumb\",\"itemListElement\":[{\"@type\":\"ListItem\",\"position\":1,\"item\":{\"@type\":\"WebPage\",\"@id\":\"https:\/\/www.brg9.at\/web\/\",\"url\":\"https:\/\/www.brg9.at\/web\/\",\"name\":\"Home\"}},{\"@type\":\"ListItem\",\"position\":2,\"item\":{\"@id\":\"https:\/\/www.brg9.at\/web\/?p=4869#webpage\"}}]},{\"@type\":\"Person\",\"@id\":\"https:\/\/www.brg9.at\/web\/#\/schema\/person\/5b2e8635b2f470a9518011802bfa34dd\",\"name\":\"Monika Simmerstatter\"}]}<\/script>\n<!-- \/ Yoast SEO plugin. -->","jetpack_featured_media_url":"","jetpack_sharing_enabled":true,"_links":{"self":[{"href":"https:\/\/www.brg9.at\/web\/index.php?rest_route=\/wp\/v2\/posts\/4869"}],"collection":[{"href":"https:\/\/www.brg9.at\/web\/index.php?rest_route=\/wp\/v2\/posts"}],"about":[{"href":"https:\/\/www.brg9.at\/web\/index.php?rest_route=\/wp\/v2\/types\/post"}],"author":[{"embeddable":true,"href":"https:\/\/www.brg9.at\/web\/index.php?rest_route=\/wp\/v2\/users\/7"}],"replies":[{"embeddable":true,"href":"https:\/\/www.brg9.at\/web\/index.php?rest_route=%2Fwp%2Fv2%2Fcomments&post=4869"}],"version-history":[{"count":6,"href":"https:\/\/www.brg9.at\/web\/index.php?rest_route=\/wp\/v2\/posts\/4869\/revisions"}],"predecessor-version":[{"id":4931,"href":"https:\/\/www.brg9.at\/web\/index.php?rest_route=\/wp\/v2\/posts\/4869\/revisions\/4931"}],"wp:attachment":[{"href":"https:\/\/www.brg9.at\/web\/index.php?rest_route=%2Fwp%2Fv2%2Fmedia&parent=4869"}],"wp:term":[{"taxonomy":"category","embeddable":true,"href":"https:\/\/www.brg9.at\/web\/index.php?rest_route=%2Fwp%2Fv2%2Fcategories&post=4869"},{"taxonomy":"post_tag","embeddable":true,"href":"https:\/\/www.brg9.at\/web\/index.php?rest_route=%2Fwp%2Fv2%2Ftags&post=4869"}],"curies":[{"name":"wp","href":"https:\/\/api.w.org\/{rel}","templated":true}]}}