{"id":4883,"date":"2020-12-03T10:24:11","date_gmt":"2020-12-03T09:24:11","guid":{"rendered":"https:\/\/www.brg9.at\/web\/?p=4883"},"modified":"2020-12-10T14:49:28","modified_gmt":"2020-12-10T13:49:28","slug":"4883","status":"publish","type":"post","link":"https:\/\/www.brg9.at\/web\/?p=4883","title":{"rendered":"Pr\u00e4senzunterricht ab 7.12.2020"},"content":{"rendered":"\n<p>Liebe Eltern,<\/p>\n\n\n\n<p>wir freuen uns sehr, die Schule f\u00fcr unsere Sch\u00fclerinnen und Sch\u00fcler wieder \u00f6ffnen zu d\u00fcrfen!<\/p>\n\n\n\n<p>Am Montag findet der <strong>Unterricht laut Stundenplan f\u00fcr die 1. bis 4. und die 8. Klassen<\/strong> statt, die Unterstufensch\u00fclerInnen und die Abschlussklassen k\u00f6nnen also komplett zur\u00fcckkommen.<\/p>\n\n\n\n<p>Wir wollen diesen Tag nutzen, um mit Ihren Kindern wieder in den gewohnten Kontakt zu kommen und uns \u00fcber die vergangenen Wochen auszutauschen. Wir wollen reflektieren und freuen uns, einfach einmal wieder von Angesicht zu Angesicht &#8222;echtes Schulleben&#8220; erfahren zu k\u00f6nnen.<\/p>\n\n\n\n<p>Ganz wichtig: Es herrscht ab sofort im gesamten Schulgeb\u00e4ude zu jeder Zeit, auch w\u00e4hrend des Unterrichts, Maskenpflicht (\u00a7 9 Abs. 5 &amp; \u00a7 23 C-SchVO 2020\/21)!<\/p>\n\n\n\n<p>Auch f\u00fcr die sich weiterhin in <strong>Distance-Learning<\/strong> befindlichen Oberstufensch\u00fclerInnen <strong>in den 5. bis 7. Klassen<\/strong> wird es die M\u00f6glichkeit geben, in Kleingruppen ins Schulhaus zu kommen. Hier bitten wir aber um Geduld, damit wir die Abl\u00e4ufe koordinieren k\u00f6nnen, denn es d\u00fcrfen in Summe nicht mehr als 25% dieser Sch\u00fclerInnen gleichzeitig anwesend sein.<\/p>\n\n\n\n<p>MfG Florian Kalwoda<\/p>\n<div class=\"sharedaddy sd-sharing-enabled\"><div class=\"robots-nocontent sd-block sd-social sd-social-icon-text sd-sharing\"><h3 class=\"sd-title\">Diesen Inhalt teilen:<\/h3><div class=\"sd-content\"><ul><li class=\"share-facebook\"><a rel=\"nofollow noopener noreferrer\" data-shared=\"sharing-facebook-4883\" class=\"share-facebook sd-button share-icon\" href=\"https:\/\/www.brg9.at\/web\/?p=4883&amp;share=facebook\" target=\"_blank\" title=\"Klick, um auf Facebook zu teilen\"><span>Facebook<\/span><\/a><\/li><li class=\"share-jetpack-whatsapp\"><a rel=\"nofollow noopener noreferrer\" data-shared=\"\" class=\"share-jetpack-whatsapp sd-button share-icon\" href=\"https:\/\/www.brg9.at\/web\/?p=4883&amp;share=jetpack-whatsapp\" target=\"_blank\" title=\"Klicken, um auf WhatsApp zu teilen\"><span>WhatsApp<\/span><\/a><\/li><li class=\"share-print\"><a rel=\"nofollow noopener noreferrer\" data-shared=\"\" class=\"share-print sd-button share-icon\" href=\"https:\/\/www.brg9.at\/web\/?p=4883\" target=\"_blank\" title=\"Klicken zum Ausdrucken\"><span>Drucken<\/span><\/a><\/li><li class=\"share-end\"><\/li><\/ul><\/div><\/div><\/div>","protected":false},"excerpt":{"rendered":"<p>Liebe Eltern, wir freuen uns sehr, die Schule f\u00fcr unsere Sch\u00fclerinnen und Sch\u00fcler wieder \u00f6ffnen zu d\u00fcrfen! Am Montag findet der Unterricht laut Stundenplan f\u00fcr die 1. bis 4. und die 8. Klassen statt, die Unterstufensch\u00fclerInnen und die Abschlussklassen k\u00f6nnen also komplett zur\u00fcckkommen. Wir wollen diesen Tag nutzen, um mit Ihren Kindern wieder in den &hellip; <a href=\"https:\/\/www.brg9.at\/web\/?p=4883\" class=\"more-link\"><span class=\"screen-reader-text\">&#8222;Pr\u00e4senzunterricht ab 7.12.2020&#8220; <\/span>weiterlesen<\/a><\/p>\n<div class=\"sharedaddy sd-sharing-enabled\"><div class=\"robots-nocontent sd-block sd-social sd-social-icon-text sd-sharing\"><h3 class=\"sd-title\">Diesen Inhalt teilen:<\/h3><div class=\"sd-content\"><ul><li class=\"share-facebook\"><a rel=\"nofollow noopener noreferrer\" data-shared=\"sharing-facebook-4883\" class=\"share-facebook sd-button share-icon\" href=\"https:\/\/www.brg9.at\/web\/?p=4883&amp;share=facebook\" target=\"_blank\" title=\"Klick, um auf Facebook zu teilen\"><span>Facebook<\/span><\/a><\/li><li class=\"share-jetpack-whatsapp\"><a rel=\"nofollow noopener noreferrer\" data-shared=\"\" class=\"share-jetpack-whatsapp sd-button share-icon\" href=\"https:\/\/www.brg9.at\/web\/?p=4883&amp;share=jetpack-whatsapp\" target=\"_blank\" title=\"Klicken, um auf WhatsApp zu teilen\"><span>WhatsApp<\/span><\/a><\/li><li class=\"share-print\"><a rel=\"nofollow noopener noreferrer\" data-shared=\"\" class=\"share-print sd-button share-icon\" href=\"https:\/\/www.brg9.at\/web\/?p=4883\" target=\"_blank\" title=\"Klicken zum Ausdrucken\"><span>Drucken<\/span><\/a><\/li><li class=\"share-end\"><\/li><\/ul><\/div><\/div><\/div>","protected":false},"author":7,"featured_media":0,"comment_status":"closed","ping_status":"open","sticky":false,"template":"","format":"standard","meta":{"ngg_post_thumbnail":0,"spay_email":""},"categories":[1],"tags":[],"yoast_head":"<!-- This site is optimized with the Yoast SEO plugin v16.2 - https:\/\/yoast.com\/wordpress\/plugins\/seo\/ -->\n<title>Pr\u00e4senzunterricht ab 7.12.2020 &raquo; BRG9, Erich Fried Realgymnasium<\/title>\n<meta name=\"robots\" content=\"index, follow, max-snippet:-1, max-image-preview:large, max-video-preview:-1\" \/>\n<link rel=\"canonical\" href=\"https:\/\/www.brg9.at\/web\/?p=4883\" \/>\n<meta property=\"og:locale\" content=\"de_DE\" \/>\n<meta property=\"og:type\" content=\"article\" \/>\n<meta property=\"og:title\" content=\"Pr\u00e4senzunterricht ab 7.12.2020 &raquo; BRG9, Erich Fried Realgymnasium\" \/>\n<meta property=\"og:description\" content=\"Liebe Eltern, wir freuen uns sehr, die Schule f\u00fcr unsere Sch\u00fclerinnen und Sch\u00fcler wieder \u00f6ffnen zu d\u00fcrfen! Am Montag findet der Unterricht laut Stundenplan f\u00fcr die 1. bis 4. und die 8. Klassen statt, die Unterstufensch\u00fclerInnen und die Abschlussklassen k\u00f6nnen also komplett zur\u00fcckkommen. Wir wollen diesen Tag nutzen, um mit Ihren Kindern wieder in den &hellip; &#8222;Pr\u00e4senzunterricht ab 7.12.2020&#8220; weiterlesen\" \/>\n<meta property=\"og:url\" content=\"https:\/\/www.brg9.at\/web\/?p=4883\" \/>\n<meta property=\"og:site_name\" content=\"BRG9, Erich Fried Realgymnasium\" \/>\n<meta property=\"article:published_time\" content=\"2020-12-03T09:24:11+00:00\" \/>\n<meta property=\"article:modified_time\" content=\"2020-12-10T13:49:28+00:00\" \/>\n<meta property=\"og:image\" content=\"https:\/\/www.brg9.at\/web\/wp-content\/uploads\/2016\/02\/brg9_solo_rgb_share.jpg\" \/>\n\t<meta property=\"og:image:width\" content=\"800\" \/>\n\t<meta property=\"og:image:height\" content=\"600\" \/>\n<meta name=\"twitter:card\" content=\"summary\" \/>\n<meta name=\"twitter:label1\" content=\"Gesch\u00e4tzte Lesezeit\">\n\t<meta name=\"twitter:data1\" content=\"1 Minute\">\n<script type=\"application\/ld+json\" class=\"yoast-schema-graph\">{\"@context\":\"https:\/\/schema.org\",\"@graph\":[{\"@type\":\"WebSite\",\"@id\":\"https:\/\/www.brg9.at\/web\/#website\",\"url\":\"https:\/\/www.brg9.at\/web\/\",\"name\":\"BRG9, Erich Fried Realgymnasium\",\"description\":\"Die Website des BRG9 - Erich Fried Realgymnasium. Wien 9, Glasergasse 25.\",\"potentialAction\":[{\"@type\":\"SearchAction\",\"target\":\"https:\/\/www.brg9.at\/web\/?s={search_term_string}\",\"query-input\":\"required name=search_term_string\"}],\"inLanguage\":\"de-DE\"},{\"@type\":\"WebPage\",\"@id\":\"https:\/\/www.brg9.at\/web\/?p=4883#webpage\",\"url\":\"https:\/\/www.brg9.at\/web\/?p=4883\",\"name\":\"Pr\\u00e4senzunterricht ab 7.12.2020 &raquo; BRG9, Erich Fried Realgymnasium\",\"isPartOf\":{\"@id\":\"https:\/\/www.brg9.at\/web\/#website\"},\"datePublished\":\"2020-12-03T09:24:11+00:00\",\"dateModified\":\"2020-12-10T13:49:28+00:00\",\"author\":{\"@id\":\"https:\/\/www.brg9.at\/web\/#\/schema\/person\/5b2e8635b2f470a9518011802bfa34dd\"},\"breadcrumb\":{\"@id\":\"https:\/\/www.brg9.at\/web\/?p=4883#breadcrumb\"},\"inLanguage\":\"de-DE\",\"potentialAction\":[{\"@type\":\"ReadAction\",\"target\":[\"https:\/\/www.brg9.at\/web\/?p=4883\"]}]},{\"@type\":\"BreadcrumbList\",\"@id\":\"https:\/\/www.brg9.at\/web\/?p=4883#breadcrumb\",\"itemListElement\":[{\"@type\":\"ListItem\",\"position\":1,\"item\":{\"@type\":\"WebPage\",\"@id\":\"https:\/\/www.brg9.at\/web\/\",\"url\":\"https:\/\/www.brg9.at\/web\/\",\"name\":\"Home\"}},{\"@type\":\"ListItem\",\"position\":2,\"item\":{\"@id\":\"https:\/\/www.brg9.at\/web\/?p=4883#webpage\"}}]},{\"@type\":\"Person\",\"@id\":\"https:\/\/www.brg9.at\/web\/#\/schema\/person\/5b2e8635b2f470a9518011802bfa34dd\",\"name\":\"Monika Simmerstatter\"}]}<\/script>\n<!-- \/ Yoast SEO plugin. -->","jetpack_featured_media_url":"","jetpack_sharing_enabled":true,"_links":{"self":[{"href":"https:\/\/www.brg9.at\/web\/index.php?rest_route=\/wp\/v2\/posts\/4883"}],"collection":[{"href":"https:\/\/www.brg9.at\/web\/index.php?rest_route=\/wp\/v2\/posts"}],"about":[{"href":"https:\/\/www.brg9.at\/web\/index.php?rest_route=\/wp\/v2\/types\/post"}],"author":[{"embeddable":true,"href":"https:\/\/www.brg9.at\/web\/index.php?rest_route=\/wp\/v2\/users\/7"}],"replies":[{"embeddable":true,"href":"https:\/\/www.brg9.at\/web\/index.php?rest_route=%2Fwp%2Fv2%2Fcomments&post=4883"}],"version-history":[{"count":9,"href":"https:\/\/www.brg9.at\/web\/index.php?rest_route=\/wp\/v2\/posts\/4883\/revisions"}],"predecessor-version":[{"id":4899,"href":"https:\/\/www.brg9.at\/web\/index.php?rest_route=\/wp\/v2\/posts\/4883\/revisions\/4899"}],"wp:attachment":[{"href":"https:\/\/www.brg9.at\/web\/index.php?rest_route=%2Fwp%2Fv2%2Fmedia&parent=4883"}],"wp:term":[{"taxonomy":"category","embeddable":true,"href":"https:\/\/www.brg9.at\/web\/index.php?rest_route=%2Fwp%2Fv2%2Fcategories&post=4883"},{"taxonomy":"post_tag","embeddable":true,"href":"https:\/\/www.brg9.at\/web\/index.php?rest_route=%2Fwp%2Fv2%2Ftags&post=4883"}],"curies":[{"name":"wp","href":"https:\/\/api.w.org\/{rel}","templated":true}]}}