{"id":5118,"date":"2021-04-16T07:56:30","date_gmt":"2021-04-16T05:56:30","guid":{"rendered":"https:\/\/www.brg9.at\/web\/?p=5118"},"modified":"2021-04-16T08:43:08","modified_gmt":"2021-04-16T06:43:08","slug":"corona-info-16-4-2021","status":"publish","type":"post","link":"https:\/\/www.brg9.at\/web\/?p=5118","title":{"rendered":"Corona-Info 16.4.2021"},"content":{"rendered":"\n<p>Liebe Eltern,<\/p>\n\n\n\n<p>f\u00fcr die Verl\u00e4ngerung des Distance-Learnings vom 19.4. bis 23.4.21 bieten wir wieder eine Notbetreuung an.\u00a0Laut \u201e<em>Erlass zum Unterricht ab dem 06.04.21<\/em>\u201c bitten wir\u00a0Sie,\u00a0<strong>dieses Angebot\u00a0der Betreuung nur dann in Anspruch zu nehmen, wenn dies aus beruflichen oder famili\u00e4ren Gr\u00fcnden unbedingt erforderlich ist<\/strong>.<br>Um gut planen zu k\u00f6nnen, geben Sie Ihre Anmeldung m\u00f6glichst zeitnah (sp\u00e4testens 48 Stunden vorher)\u00a0<a rel=\"noreferrer noopener\" aria-label=\" (opens in a new tab)\" href=\"https:\/\/www.brg9.at\/web\/?page_id=4146\" target=\"_blank\">hier<\/a>\u00a0ab.<\/p>\n\n\n\n<p>In der NBT wird ebenfalls ein Notbetrieb stattfinden, Anmeldung daf\u00fcr bitte auch \u00fcber das Formular oberhalb.<\/p>\n\n\n\n<p>Am Donnerstag, den 22.4., findet eine p\u00e4dagogische Konferenz statt. Unterrichtsende ist daher an diesem Tag nach der 5. Stunde. <\/p>\n\n\n\n<p>Mit freundlichen Gr\u00fc\u00dfen\u00a0<br>Florian Kalwoda<\/p>\n<div class=\"sharedaddy sd-sharing-enabled\"><div class=\"robots-nocontent sd-block sd-social sd-social-icon-text sd-sharing\"><h3 class=\"sd-title\">Diesen Inhalt teilen:<\/h3><div class=\"sd-content\"><ul><li class=\"share-facebook\"><a rel=\"nofollow noopener noreferrer\" data-shared=\"sharing-facebook-5118\" class=\"share-facebook sd-button share-icon\" href=\"https:\/\/www.brg9.at\/web\/?p=5118&amp;share=facebook\" target=\"_blank\" title=\"Klick, um auf Facebook zu teilen\"><span>Facebook<\/span><\/a><\/li><li class=\"share-jetpack-whatsapp\"><a rel=\"nofollow noopener noreferrer\" data-shared=\"\" class=\"share-jetpack-whatsapp sd-button share-icon\" href=\"https:\/\/www.brg9.at\/web\/?p=5118&amp;share=jetpack-whatsapp\" target=\"_blank\" title=\"Klicken, um auf WhatsApp zu teilen\"><span>WhatsApp<\/span><\/a><\/li><li class=\"share-print\"><a rel=\"nofollow noopener noreferrer\" data-shared=\"\" class=\"share-print sd-button share-icon\" href=\"https:\/\/www.brg9.at\/web\/?p=5118\" target=\"_blank\" title=\"Klicken zum Ausdrucken\"><span>Drucken<\/span><\/a><\/li><li class=\"share-end\"><\/li><\/ul><\/div><\/div><\/div>","protected":false},"excerpt":{"rendered":"<p>Liebe Eltern, f\u00fcr die Verl\u00e4ngerung des Distance-Learnings vom 19.4. bis 23.4.21 bieten wir wieder eine Notbetreuung an.\u00a0Laut \u201eErlass zum Unterricht ab dem 06.04.21\u201c bitten wir\u00a0Sie,\u00a0dieses Angebot\u00a0der Betreuung nur dann in Anspruch zu nehmen, wenn dies aus beruflichen oder famili\u00e4ren Gr\u00fcnden unbedingt erforderlich ist.Um gut planen zu k\u00f6nnen, geben Sie Ihre Anmeldung m\u00f6glichst zeitnah (sp\u00e4testens 48 &hellip; <a href=\"https:\/\/www.brg9.at\/web\/?p=5118\" class=\"more-link\"><span class=\"screen-reader-text\">&#8222;Corona-Info 16.4.2021&#8220; <\/span>weiterlesen<\/a><\/p>\n<div class=\"sharedaddy sd-sharing-enabled\"><div class=\"robots-nocontent sd-block sd-social sd-social-icon-text sd-sharing\"><h3 class=\"sd-title\">Diesen Inhalt teilen:<\/h3><div class=\"sd-content\"><ul><li class=\"share-facebook\"><a rel=\"nofollow noopener noreferrer\" data-shared=\"sharing-facebook-5118\" class=\"share-facebook sd-button share-icon\" href=\"https:\/\/www.brg9.at\/web\/?p=5118&amp;share=facebook\" target=\"_blank\" title=\"Klick, um auf Facebook zu teilen\"><span>Facebook<\/span><\/a><\/li><li class=\"share-jetpack-whatsapp\"><a rel=\"nofollow noopener noreferrer\" data-shared=\"\" class=\"share-jetpack-whatsapp sd-button share-icon\" href=\"https:\/\/www.brg9.at\/web\/?p=5118&amp;share=jetpack-whatsapp\" target=\"_blank\" title=\"Klicken, um auf WhatsApp zu teilen\"><span>WhatsApp<\/span><\/a><\/li><li class=\"share-print\"><a rel=\"nofollow noopener noreferrer\" data-shared=\"\" class=\"share-print sd-button share-icon\" href=\"https:\/\/www.brg9.at\/web\/?p=5118\" target=\"_blank\" title=\"Klicken zum Ausdrucken\"><span>Drucken<\/span><\/a><\/li><li class=\"share-end\"><\/li><\/ul><\/div><\/div><\/div>","protected":false},"author":6,"featured_media":0,"comment_status":"closed","ping_status":"open","sticky":false,"template":"","format":"standard","meta":{"ngg_post_thumbnail":0,"spay_email":""},"categories":[1],"tags":[],"yoast_head":"<!-- This site is optimized with the Yoast SEO plugin v16.2 - https:\/\/yoast.com\/wordpress\/plugins\/seo\/ -->\n<title>Corona-Info 16.4.2021 &raquo; BRG9, Erich Fried Realgymnasium<\/title>\n<meta name=\"robots\" content=\"index, follow, max-snippet:-1, max-image-preview:large, max-video-preview:-1\" \/>\n<link rel=\"canonical\" href=\"https:\/\/www.brg9.at\/web\/?p=5118\" \/>\n<meta property=\"og:locale\" content=\"de_DE\" \/>\n<meta property=\"og:type\" content=\"article\" \/>\n<meta property=\"og:title\" content=\"Corona-Info 16.4.2021 &raquo; BRG9, Erich Fried Realgymnasium\" \/>\n<meta property=\"og:description\" content=\"Liebe Eltern, f\u00fcr die Verl\u00e4ngerung des Distance-Learnings vom 19.4. bis 23.4.21 bieten wir wieder eine Notbetreuung an.\u00a0Laut \u201eErlass zum Unterricht ab dem 06.04.21\u201c bitten wir\u00a0Sie,\u00a0dieses Angebot\u00a0der Betreuung nur dann in Anspruch zu nehmen, wenn dies aus beruflichen oder famili\u00e4ren Gr\u00fcnden unbedingt erforderlich ist.Um gut planen zu k\u00f6nnen, geben Sie Ihre Anmeldung m\u00f6glichst zeitnah (sp\u00e4testens 48 &hellip; &#8222;Corona-Info 16.4.2021&#8220; weiterlesen\" \/>\n<meta property=\"og:url\" content=\"https:\/\/www.brg9.at\/web\/?p=5118\" \/>\n<meta property=\"og:site_name\" content=\"BRG9, Erich Fried Realgymnasium\" \/>\n<meta property=\"article:published_time\" content=\"2021-04-16T05:56:30+00:00\" \/>\n<meta property=\"article:modified_time\" content=\"2021-04-16T06:43:08+00:00\" \/>\n<meta property=\"og:image\" content=\"https:\/\/www.brg9.at\/web\/wp-content\/uploads\/2016\/02\/brg9_solo_rgb_share.jpg\" \/>\n\t<meta property=\"og:image:width\" content=\"800\" \/>\n\t<meta property=\"og:image:height\" content=\"600\" \/>\n<meta name=\"twitter:card\" content=\"summary\" \/>\n<meta name=\"twitter:label1\" content=\"Gesch\u00e4tzte Lesezeit\">\n\t<meta name=\"twitter:data1\" content=\"1 Minute\">\n<script type=\"application\/ld+json\" class=\"yoast-schema-graph\">{\"@context\":\"https:\/\/schema.org\",\"@graph\":[{\"@type\":\"WebSite\",\"@id\":\"https:\/\/www.brg9.at\/web\/#website\",\"url\":\"https:\/\/www.brg9.at\/web\/\",\"name\":\"BRG9, Erich Fried Realgymnasium\",\"description\":\"Die Website des BRG9 - Erich Fried Realgymnasium. Wien 9, Glasergasse 25.\",\"potentialAction\":[{\"@type\":\"SearchAction\",\"target\":\"https:\/\/www.brg9.at\/web\/?s={search_term_string}\",\"query-input\":\"required name=search_term_string\"}],\"inLanguage\":\"de-DE\"},{\"@type\":\"WebPage\",\"@id\":\"https:\/\/www.brg9.at\/web\/?p=5118#webpage\",\"url\":\"https:\/\/www.brg9.at\/web\/?p=5118\",\"name\":\"Corona-Info 16.4.2021 &raquo; BRG9, Erich Fried Realgymnasium\",\"isPartOf\":{\"@id\":\"https:\/\/www.brg9.at\/web\/#website\"},\"datePublished\":\"2021-04-16T05:56:30+00:00\",\"dateModified\":\"2021-04-16T06:43:08+00:00\",\"author\":{\"@id\":\"https:\/\/www.brg9.at\/web\/#\/schema\/person\/5b8d146bae11065ecb7ca54ae817cc22\"},\"breadcrumb\":{\"@id\":\"https:\/\/www.brg9.at\/web\/?p=5118#breadcrumb\"},\"inLanguage\":\"de-DE\",\"potentialAction\":[{\"@type\":\"ReadAction\",\"target\":[\"https:\/\/www.brg9.at\/web\/?p=5118\"]}]},{\"@type\":\"BreadcrumbList\",\"@id\":\"https:\/\/www.brg9.at\/web\/?p=5118#breadcrumb\",\"itemListElement\":[{\"@type\":\"ListItem\",\"position\":1,\"item\":{\"@type\":\"WebPage\",\"@id\":\"https:\/\/www.brg9.at\/web\/\",\"url\":\"https:\/\/www.brg9.at\/web\/\",\"name\":\"Home\"}},{\"@type\":\"ListItem\",\"position\":2,\"item\":{\"@id\":\"https:\/\/www.brg9.at\/web\/?p=5118#webpage\"}}]},{\"@type\":\"Person\",\"@id\":\"https:\/\/www.brg9.at\/web\/#\/schema\/person\/5b8d146bae11065ecb7ca54ae817cc22\",\"name\":\"Peter H\\u00f6fner\"}]}<\/script>\n<!-- \/ Yoast SEO plugin. -->","jetpack_featured_media_url":"","jetpack_sharing_enabled":true,"_links":{"self":[{"href":"https:\/\/www.brg9.at\/web\/index.php?rest_route=\/wp\/v2\/posts\/5118"}],"collection":[{"href":"https:\/\/www.brg9.at\/web\/index.php?rest_route=\/wp\/v2\/posts"}],"about":[{"href":"https:\/\/www.brg9.at\/web\/index.php?rest_route=\/wp\/v2\/types\/post"}],"author":[{"embeddable":true,"href":"https:\/\/www.brg9.at\/web\/index.php?rest_route=\/wp\/v2\/users\/6"}],"replies":[{"embeddable":true,"href":"https:\/\/www.brg9.at\/web\/index.php?rest_route=%2Fwp%2Fv2%2Fcomments&post=5118"}],"version-history":[{"count":10,"href":"https:\/\/www.brg9.at\/web\/index.php?rest_route=\/wp\/v2\/posts\/5118\/revisions"}],"predecessor-version":[{"id":5129,"href":"https:\/\/www.brg9.at\/web\/index.php?rest_route=\/wp\/v2\/posts\/5118\/revisions\/5129"}],"wp:attachment":[{"href":"https:\/\/www.brg9.at\/web\/index.php?rest_route=%2Fwp%2Fv2%2Fmedia&parent=5118"}],"wp:term":[{"taxonomy":"category","embeddable":true,"href":"https:\/\/www.brg9.at\/web\/index.php?rest_route=%2Fwp%2Fv2%2Fcategories&post=5118"},{"taxonomy":"post_tag","embeddable":true,"href":"https:\/\/www.brg9.at\/web\/index.php?rest_route=%2Fwp%2Fv2%2Ftags&post=5118"}],"curies":[{"name":"wp","href":"https:\/\/api.w.org\/{rel}","templated":true}]}}