{"id":8419,"date":"2021-05-30T21:46:07","date_gmt":"2021-05-30T19:46:07","guid":{"rendered":"https:\/\/www.brg9.at\/web\/?p=8419"},"modified":"2021-05-31T10:31:11","modified_gmt":"2021-05-31T08:31:11","slug":"nachruf-hr-mag-margarete-hirsch","status":"publish","type":"post","link":"https:\/\/www.brg9.at\/web\/?p=8419","title":{"rendered":"Nachruf HR Mag. Margarete Hirsch"},"content":{"rendered":"\n<figure class=\"wp-block-table is-style-regular\"><table><tbody><tr><td><img data-attachment-id=\"8392\" data-permalink=\"https:\/\/www.brg9.at\/web\/?attachment_id=8392\" data-orig-file=\"https:\/\/www.brg9.at\/web\/wp-content\/uploads\/2021\/05\/7019342901_a300318705_b.jpg\" data-orig-size=\"499,904\" data-comments-opened=\"0\" data-image-meta=\"{&quot;aperture&quot;:&quot;0&quot;,&quot;credit&quot;:&quot;&quot;,&quot;camera&quot;:&quot;&quot;,&quot;caption&quot;:&quot;&quot;,&quot;created_timestamp&quot;:&quot;0&quot;,&quot;copyright&quot;:&quot;&quot;,&quot;focal_length&quot;:&quot;0&quot;,&quot;iso&quot;:&quot;0&quot;,&quot;shutter_speed&quot;:&quot;0&quot;,&quot;title&quot;:&quot;&quot;,&quot;orientation&quot;:&quot;0&quot;}\" data-image-title=\"7019342901_a300318705_b\" data-image-description=\"\" data-medium-file=\"https:\/\/www.brg9.at\/web\/wp-content\/uploads\/2021\/05\/7019342901_a300318705_b-331x600.jpg\" data-large-file=\"https:\/\/www.brg9.at\/web\/wp-content\/uploads\/2021\/05\/7019342901_a300318705_b.jpg\" loading=\"lazy\" width=\"499\" height=\"904\" class=\"wp-image-8392\" style=\"width: 117px;\" src=\"https:\/\/www.brg9.at\/web\/wp-content\/uploads\/2021\/05\/7019342901_a300318705_b.jpg\" alt=\"\" srcset=\"https:\/\/www.brg9.at\/web\/wp-content\/uploads\/2021\/05\/7019342901_a300318705_b.jpg 499w, https:\/\/www.brg9.at\/web\/wp-content\/uploads\/2021\/05\/7019342901_a300318705_b-331x600.jpg 331w\" sizes=\"(max-width: 499px) 85vw, 499px\" \/>   <img src=\"https:\/\/www.brg9.at\/web\/wp-content\/uploads\/2021\/05\/hirsch.jpg\" style=\"width: 150px;\" alt=\"\"><\/td><\/tr><tr><td>Frau HR Mag. Margarete Hirsch wurde mit Entschlie\u00dfung des Herrn Bundespr\u00e4sidenten am 1.3.1989 zur Direktorin des BRG 9 Glasergasse ernannt und hatte dieses Amt nach insgesamt mehr als 35 schulischen Dienstjahren bis zum 30.4.2008 inne. Sie war ma\u00dfgeblich an der Weiterentwicklung unserer Schule beteiligt und hat diese w\u00e4hrend ihrer gesamten Laufbahn vorangetrieben. Sie unterst\u00fctzte die Benennung unserer Schule nach Erich Fried genauso wie den sogenannten \u201eSchulentwicklungsprozess\u201c, der \u00fcber viele Jahre ging und in der Einf\u00fchrung der \u201eModularen Oberstufe\u201c \u2013 MOST damals noch als Schulversuch \u2013 seinen H\u00f6hepunkt fand. Dass dieses Konzept, das vom gesamten Lehrerkollegium getragen wurde (und nach wie vor wird), bis zum heutigen Tag ein Erfolgsmodell bleiben sollte, ahnte in dieser Dimension damals wohl noch niemand.<br>In ihrer ruhigen, zur\u00fcckhaltenden Art war es nie ihr Bestreben, sich selbst in den Mittelpunkt zu r\u00fccken. Vielmehr war es ihr wichtig, ihre Lehrerinnen im Hintergrund zu unterst\u00fctzen und zu f\u00f6rdern, ebenso lag ihr die rasche Integration der jungen Kolleginnen am Herzen. Sie gew\u00e4hrte viel Freiheit in der Gestaltung des Unterrichts, erlaubte neue Methoden auszuprobieren \u2013 auf Frau Hirsch geht auch das \u201eSoziale Lernen\u201c zur\u00fcck, das sie gemeinsam mit dem engagierten Lehrerteam an der Schule etablierte.<br>Wovon wir ebenfalls nach wie vor sehr profitieren, ist die Grundsteinlegung zur Renovierung unserer Schule. Frau Hirsch hat es in die Wege geleitet und erreicht, dass unser Haus generalsaniert und erweitert wurde: Die Aula wurde vergr\u00f6\u00dfert, der Innenhoftrakt wurde neu errichtet und das gesamte Haus mit seinen denkmalgesch\u00fctzten Gem\u00e4uern wurde einem zeitgem\u00e4\u00dfen modernen Standard angepasst.<br>Ihre Leistungen wurden auch von Amtsseite honoriert. So bekam Frau HR Mag. Margarete Hirsch im Jahr 2008 vom Bundespr\u00e4sidenten das \u201eGro\u00dfe Ehrenzeichen f\u00fcr Verdienste um die Republik \u00d6sterreich\u201c verliehen.<br>Wir sprechen der Trauerfamilie unser herzlichstes Beileid aus und werden unsere ehemalige Direktorin Frau HR Mag. Margarete Hirsch stets in guter Erinnerung behalten.<br>Das Lehrer*innenteam des BRG9<\/td><\/tr><\/tbody><\/table><\/figure>\n<div class=\"sharedaddy sd-sharing-enabled\"><div class=\"robots-nocontent sd-block sd-social sd-social-icon-text sd-sharing\"><h3 class=\"sd-title\">Diesen Inhalt teilen:<\/h3><div class=\"sd-content\"><ul><li class=\"share-facebook\"><a rel=\"nofollow noopener noreferrer\" data-shared=\"sharing-facebook-8419\" class=\"share-facebook sd-button share-icon\" href=\"https:\/\/www.brg9.at\/web\/?p=8419&amp;share=facebook\" target=\"_blank\" title=\"Klick, um auf Facebook zu teilen\"><span>Facebook<\/span><\/a><\/li><li class=\"share-jetpack-whatsapp\"><a rel=\"nofollow noopener noreferrer\" data-shared=\"\" class=\"share-jetpack-whatsapp sd-button share-icon\" href=\"https:\/\/www.brg9.at\/web\/?p=8419&amp;share=jetpack-whatsapp\" target=\"_blank\" title=\"Klicken, um auf WhatsApp zu teilen\"><span>WhatsApp<\/span><\/a><\/li><li class=\"share-print\"><a rel=\"nofollow noopener noreferrer\" data-shared=\"\" class=\"share-print sd-button share-icon\" href=\"https:\/\/www.brg9.at\/web\/?p=8419\" target=\"_blank\" title=\"Klicken zum Ausdrucken\"><span>Drucken<\/span><\/a><\/li><li class=\"share-end\"><\/li><\/ul><\/div><\/div><\/div>","protected":false},"excerpt":{"rendered":"<p>Frau HR Mag. Margarete Hirsch wurde mit Entschlie\u00dfung des Herrn Bundespr\u00e4sidenten am 1.3.1989 zur Direktorin des BRG 9 Glasergasse ernannt und hatte dieses Amt nach insgesamt mehr als 35 schulischen Dienstjahren bis zum 30.4.2008 inne. Sie war ma\u00dfgeblich an der Weiterentwicklung unserer Schule beteiligt und hat diese w\u00e4hrend ihrer gesamten Laufbahn vorangetrieben. Sie unterst\u00fctzte die &hellip; <a href=\"https:\/\/www.brg9.at\/web\/?p=8419\" class=\"more-link\"><span class=\"screen-reader-text\">&#8222;Nachruf HR Mag. Margarete Hirsch&#8220; <\/span>weiterlesen<\/a><\/p>\n<div class=\"sharedaddy sd-sharing-enabled\"><div class=\"robots-nocontent sd-block sd-social sd-social-icon-text sd-sharing\"><h3 class=\"sd-title\">Diesen Inhalt teilen:<\/h3><div class=\"sd-content\"><ul><li class=\"share-facebook\"><a rel=\"nofollow noopener noreferrer\" data-shared=\"sharing-facebook-8419\" class=\"share-facebook sd-button share-icon\" href=\"https:\/\/www.brg9.at\/web\/?p=8419&amp;share=facebook\" target=\"_blank\" title=\"Klick, um auf Facebook zu teilen\"><span>Facebook<\/span><\/a><\/li><li class=\"share-jetpack-whatsapp\"><a rel=\"nofollow noopener noreferrer\" data-shared=\"\" class=\"share-jetpack-whatsapp sd-button share-icon\" href=\"https:\/\/www.brg9.at\/web\/?p=8419&amp;share=jetpack-whatsapp\" target=\"_blank\" title=\"Klicken, um auf WhatsApp zu teilen\"><span>WhatsApp<\/span><\/a><\/li><li class=\"share-print\"><a rel=\"nofollow noopener noreferrer\" data-shared=\"\" class=\"share-print sd-button share-icon\" href=\"https:\/\/www.brg9.at\/web\/?p=8419\" target=\"_blank\" title=\"Klicken zum Ausdrucken\"><span>Drucken<\/span><\/a><\/li><li class=\"share-end\"><\/li><\/ul><\/div><\/div><\/div>","protected":false},"author":7,"featured_media":0,"comment_status":"closed","ping_status":"open","sticky":false,"template":"","format":"standard","meta":{"ngg_post_thumbnail":0,"spay_email":""},"categories":[1],"tags":[],"yoast_head":"<!-- This site is optimized with the Yoast SEO plugin v16.2 - https:\/\/yoast.com\/wordpress\/plugins\/seo\/ -->\n<title>Nachruf HR Mag. Margarete Hirsch &raquo; BRG9, Erich Fried Realgymnasium<\/title>\n<meta name=\"robots\" content=\"index, follow, max-snippet:-1, max-image-preview:large, max-video-preview:-1\" \/>\n<link rel=\"canonical\" href=\"https:\/\/www.brg9.at\/web\/?p=8419\" \/>\n<meta property=\"og:locale\" content=\"de_DE\" \/>\n<meta property=\"og:type\" content=\"article\" \/>\n<meta property=\"og:title\" content=\"Nachruf HR Mag. Margarete Hirsch &raquo; BRG9, Erich Fried Realgymnasium\" \/>\n<meta property=\"og:description\" content=\"Frau HR Mag. Margarete Hirsch wurde mit Entschlie\u00dfung des Herrn Bundespr\u00e4sidenten am 1.3.1989 zur Direktorin des BRG 9 Glasergasse ernannt und hatte dieses Amt nach insgesamt mehr als 35 schulischen Dienstjahren bis zum 30.4.2008 inne. Sie war ma\u00dfgeblich an der Weiterentwicklung unserer Schule beteiligt und hat diese w\u00e4hrend ihrer gesamten Laufbahn vorangetrieben. Sie unterst\u00fctzte die &hellip; &#8222;Nachruf HR Mag. Margarete Hirsch&#8220; weiterlesen\" \/>\n<meta property=\"og:url\" content=\"https:\/\/www.brg9.at\/web\/?p=8419\" \/>\n<meta property=\"og:site_name\" content=\"BRG9, Erich Fried Realgymnasium\" \/>\n<meta property=\"article:published_time\" content=\"2021-05-30T19:46:07+00:00\" \/>\n<meta property=\"article:modified_time\" content=\"2021-05-31T08:31:11+00:00\" \/>\n<meta property=\"og:image\" content=\"https:\/\/www.brg9.at\/web\/wp-content\/uploads\/2021\/05\/7019342901_a300318705_b.jpg\" \/>\n<meta name=\"twitter:card\" content=\"summary\" \/>\n<meta name=\"twitter:label1\" content=\"Gesch\u00e4tzte Lesezeit\">\n\t<meta name=\"twitter:data1\" content=\"2 Minuten\">\n<script type=\"application\/ld+json\" class=\"yoast-schema-graph\">{\"@context\":\"https:\/\/schema.org\",\"@graph\":[{\"@type\":\"WebSite\",\"@id\":\"https:\/\/www.brg9.at\/web\/#website\",\"url\":\"https:\/\/www.brg9.at\/web\/\",\"name\":\"BRG9, Erich Fried Realgymnasium\",\"description\":\"Die Website des BRG9 - Erich Fried Realgymnasium. Wien 9, Glasergasse 25.\",\"potentialAction\":[{\"@type\":\"SearchAction\",\"target\":\"https:\/\/www.brg9.at\/web\/?s={search_term_string}\",\"query-input\":\"required name=search_term_string\"}],\"inLanguage\":\"de-DE\"},{\"@type\":\"ImageObject\",\"@id\":\"https:\/\/www.brg9.at\/web\/?p=8419#primaryimage\",\"inLanguage\":\"de-DE\",\"url\":\"https:\/\/www.brg9.at\/web\/wp-content\/uploads\/2021\/05\/7019342901_a300318705_b.jpg\",\"contentUrl\":\"https:\/\/www.brg9.at\/web\/wp-content\/uploads\/2021\/05\/7019342901_a300318705_b.jpg\",\"width\":499,\"height\":904},{\"@type\":\"WebPage\",\"@id\":\"https:\/\/www.brg9.at\/web\/?p=8419#webpage\",\"url\":\"https:\/\/www.brg9.at\/web\/?p=8419\",\"name\":\"Nachruf HR Mag. Margarete Hirsch &raquo; BRG9, Erich Fried Realgymnasium\",\"isPartOf\":{\"@id\":\"https:\/\/www.brg9.at\/web\/#website\"},\"primaryImageOfPage\":{\"@id\":\"https:\/\/www.brg9.at\/web\/?p=8419#primaryimage\"},\"datePublished\":\"2021-05-30T19:46:07+00:00\",\"dateModified\":\"2021-05-31T08:31:11+00:00\",\"author\":{\"@id\":\"https:\/\/www.brg9.at\/web\/#\/schema\/person\/5b2e8635b2f470a9518011802bfa34dd\"},\"breadcrumb\":{\"@id\":\"https:\/\/www.brg9.at\/web\/?p=8419#breadcrumb\"},\"inLanguage\":\"de-DE\",\"potentialAction\":[{\"@type\":\"ReadAction\",\"target\":[\"https:\/\/www.brg9.at\/web\/?p=8419\"]}]},{\"@type\":\"BreadcrumbList\",\"@id\":\"https:\/\/www.brg9.at\/web\/?p=8419#breadcrumb\",\"itemListElement\":[{\"@type\":\"ListItem\",\"position\":1,\"item\":{\"@type\":\"WebPage\",\"@id\":\"https:\/\/www.brg9.at\/web\/\",\"url\":\"https:\/\/www.brg9.at\/web\/\",\"name\":\"Home\"}},{\"@type\":\"ListItem\",\"position\":2,\"item\":{\"@id\":\"https:\/\/www.brg9.at\/web\/?p=8419#webpage\"}}]},{\"@type\":\"Person\",\"@id\":\"https:\/\/www.brg9.at\/web\/#\/schema\/person\/5b2e8635b2f470a9518011802bfa34dd\",\"name\":\"Monika Simmerstatter\"}]}<\/script>\n<!-- \/ Yoast SEO plugin. -->","jetpack_featured_media_url":"","jetpack_sharing_enabled":true,"_links":{"self":[{"href":"https:\/\/www.brg9.at\/web\/index.php?rest_route=\/wp\/v2\/posts\/8419"}],"collection":[{"href":"https:\/\/www.brg9.at\/web\/index.php?rest_route=\/wp\/v2\/posts"}],"about":[{"href":"https:\/\/www.brg9.at\/web\/index.php?rest_route=\/wp\/v2\/types\/post"}],"author":[{"embeddable":true,"href":"https:\/\/www.brg9.at\/web\/index.php?rest_route=\/wp\/v2\/users\/7"}],"replies":[{"embeddable":true,"href":"https:\/\/www.brg9.at\/web\/index.php?rest_route=%2Fwp%2Fv2%2Fcomments&post=8419"}],"version-history":[{"count":6,"href":"https:\/\/www.brg9.at\/web\/index.php?rest_route=\/wp\/v2\/posts\/8419\/revisions"}],"predecessor-version":[{"id":11044,"href":"https:\/\/www.brg9.at\/web\/index.php?rest_route=\/wp\/v2\/posts\/8419\/revisions\/11044"}],"wp:attachment":[{"href":"https:\/\/www.brg9.at\/web\/index.php?rest_route=%2Fwp%2Fv2%2Fmedia&parent=8419"}],"wp:term":[{"taxonomy":"category","embeddable":true,"href":"https:\/\/www.brg9.at\/web\/index.php?rest_route=%2Fwp%2Fv2%2Fcategories&post=8419"},{"taxonomy":"post_tag","embeddable":true,"href":"https:\/\/www.brg9.at\/web\/index.php?rest_route=%2Fwp%2Fv2%2Ftags&post=8419"}],"curies":[{"name":"wp","href":"https:\/\/api.w.org\/{rel}","templated":true}]}}