{"id":8465,"date":"2021-06-30T13:12:27","date_gmt":"2021-06-30T11:12:27","guid":{"rendered":"https:\/\/www.brg9.at\/web\/?p=8465"},"modified":"2021-07-01T01:56:44","modified_gmt":"2021-06-30T23:56:44","slug":"8465","status":"publish","type":"post","link":"https:\/\/www.brg9.at\/web\/?p=8465","title":{"rendered":""},"content":{"rendered":"\n<p>Liebe am Erich Fried Realgymnasium Interessierte,<\/p>\n\n\n\n<p>ein nicht einfaches Schuljahr ist vor\u00fcber.&nbsp;<\/p>\n\n\n\n<p>Ich bedanke mich bei den Elternvertreter*innen f\u00fcr den transparenten Austausch und bei den Sch\u00fcler*innen f\u00fcr ihren engagierten Einsatz und ihre immer wieder fr\u00f6hliche Stimmung trotz der erschwerten \u00e4u\u00dferen Umst\u00e4nde. Und selbstverst\u00e4ndlich bedanke ich mich bei meinem Kollegium f\u00fcr die teamorientierte, sehr konstruktive Zusammenarbeit und die nicht enden wollende Arbeitsleistung.<\/p>\n\n\n\n<p>Was bleibt nach so einem aufreibenden Jahr? Die Erkenntnis, dass man durch schwierige Situationen &#8211; wenn es gut l\u00e4uft &#8211; gest\u00e4rkt und noch n\u00e4her zusammenger\u00fcckt wieder herauskommt. Ich denke, das ist uns gelungen und wird uns auch k\u00fcnftig gelingen.<\/p>\n\n\n\n<p>Ich hoffe, alle k\u00f6nnen sich ordentlich erholen und Kraft sammeln!<\/p>\n\n\n\n<p>Nach dem Spiel ist vor dem Spiel, also auf einen guten Schulstart, wir werden da sein.<\/p>\n\n\n\n<p>MfG Florian Kalwoda<\/p>\n\n\n\n<p>Den Elternbrief zum Schulschluss finden Sie <a href=\"https:\/\/www.brg9.at\/web\/wp-content\/uploads\/2021\/06\/Elternbrief_Schulschluss_21.pdf\" target=\"_blank\" rel=\"noreferrer noopener\">hier<\/a>.<\/p>\n<div class=\"sharedaddy sd-sharing-enabled\"><div class=\"robots-nocontent sd-block sd-social sd-social-icon-text sd-sharing\"><h3 class=\"sd-title\">Diesen Inhalt teilen:<\/h3><div class=\"sd-content\"><ul><li class=\"share-facebook\"><a rel=\"nofollow noopener noreferrer\" data-shared=\"sharing-facebook-8465\" class=\"share-facebook sd-button share-icon\" href=\"https:\/\/www.brg9.at\/web\/?p=8465&amp;share=facebook\" target=\"_blank\" title=\"Klick, um auf Facebook zu teilen\"><span>Facebook<\/span><\/a><\/li><li class=\"share-jetpack-whatsapp\"><a rel=\"nofollow noopener noreferrer\" data-shared=\"\" class=\"share-jetpack-whatsapp sd-button share-icon\" href=\"https:\/\/www.brg9.at\/web\/?p=8465&amp;share=jetpack-whatsapp\" target=\"_blank\" title=\"Klicken, um auf WhatsApp zu teilen\"><span>WhatsApp<\/span><\/a><\/li><li class=\"share-print\"><a rel=\"nofollow noopener noreferrer\" data-shared=\"\" class=\"share-print sd-button share-icon\" href=\"https:\/\/www.brg9.at\/web\/?p=8465\" target=\"_blank\" title=\"Klicken zum Ausdrucken\"><span>Drucken<\/span><\/a><\/li><li class=\"share-end\"><\/li><\/ul><\/div><\/div><\/div>","protected":false},"excerpt":{"rendered":"<p>Liebe am Erich Fried Realgymnasium Interessierte, ein nicht einfaches Schuljahr ist vor\u00fcber.&nbsp; Ich bedanke mich bei den Elternvertreter*innen f\u00fcr den transparenten Austausch und bei den Sch\u00fcler*innen f\u00fcr ihren engagierten Einsatz und ihre immer wieder fr\u00f6hliche Stimmung trotz der erschwerten \u00e4u\u00dferen Umst\u00e4nde. Und selbstverst\u00e4ndlich bedanke ich mich bei meinem Kollegium f\u00fcr die teamorientierte, sehr konstruktive Zusammenarbeit &hellip; <a href=\"https:\/\/www.brg9.at\/web\/?p=8465\" class=\"more-link\"><span class=\"screen-reader-text\">&#8222;&#8220; <\/span>weiterlesen<\/a><\/p>\n<div class=\"sharedaddy sd-sharing-enabled\"><div class=\"robots-nocontent sd-block sd-social sd-social-icon-text sd-sharing\"><h3 class=\"sd-title\">Diesen Inhalt teilen:<\/h3><div class=\"sd-content\"><ul><li class=\"share-facebook\"><a rel=\"nofollow noopener noreferrer\" data-shared=\"sharing-facebook-8465\" class=\"share-facebook sd-button share-icon\" href=\"https:\/\/www.brg9.at\/web\/?p=8465&amp;share=facebook\" target=\"_blank\" title=\"Klick, um auf Facebook zu teilen\"><span>Facebook<\/span><\/a><\/li><li class=\"share-jetpack-whatsapp\"><a rel=\"nofollow noopener noreferrer\" data-shared=\"\" class=\"share-jetpack-whatsapp sd-button share-icon\" href=\"https:\/\/www.brg9.at\/web\/?p=8465&amp;share=jetpack-whatsapp\" target=\"_blank\" title=\"Klicken, um auf WhatsApp zu teilen\"><span>WhatsApp<\/span><\/a><\/li><li class=\"share-print\"><a rel=\"nofollow noopener noreferrer\" data-shared=\"\" class=\"share-print sd-button share-icon\" href=\"https:\/\/www.brg9.at\/web\/?p=8465\" target=\"_blank\" title=\"Klicken zum Ausdrucken\"><span>Drucken<\/span><\/a><\/li><li class=\"share-end\"><\/li><\/ul><\/div><\/div><\/div>","protected":false},"author":7,"featured_media":0,"comment_status":"closed","ping_status":"open","sticky":false,"template":"","format":"standard","meta":{"ngg_post_thumbnail":0,"spay_email":""},"categories":[1],"tags":[],"yoast_head":"<!-- This site is optimized with the Yoast SEO plugin v16.2 - https:\/\/yoast.com\/wordpress\/plugins\/seo\/ -->\n<title>&raquo; BRG9, Erich Fried Realgymnasium<\/title>\n<meta name=\"robots\" content=\"index, follow, max-snippet:-1, max-image-preview:large, max-video-preview:-1\" \/>\n<link rel=\"canonical\" href=\"https:\/\/www.brg9.at\/web\/?p=8465\" \/>\n<meta property=\"og:locale\" content=\"de_DE\" \/>\n<meta property=\"og:type\" content=\"article\" \/>\n<meta property=\"og:title\" content=\"&raquo; BRG9, Erich Fried Realgymnasium\" \/>\n<meta property=\"og:description\" content=\"Liebe am Erich Fried Realgymnasium Interessierte, ein nicht einfaches Schuljahr ist vor\u00fcber.&nbsp; Ich bedanke mich bei den Elternvertreter*innen f\u00fcr den transparenten Austausch und bei den Sch\u00fcler*innen f\u00fcr ihren engagierten Einsatz und ihre immer wieder fr\u00f6hliche Stimmung trotz der erschwerten \u00e4u\u00dferen Umst\u00e4nde. Und selbstverst\u00e4ndlich bedanke ich mich bei meinem Kollegium f\u00fcr die teamorientierte, sehr konstruktive Zusammenarbeit &hellip; &#8222;&#8220; weiterlesen\" \/>\n<meta property=\"og:url\" content=\"https:\/\/www.brg9.at\/web\/?p=8465\" \/>\n<meta property=\"og:site_name\" content=\"BRG9, Erich Fried Realgymnasium\" \/>\n<meta property=\"article:published_time\" content=\"2021-06-30T11:12:27+00:00\" \/>\n<meta property=\"article:modified_time\" content=\"2021-06-30T23:56:44+00:00\" \/>\n<meta property=\"og:image\" content=\"https:\/\/www.brg9.at\/web\/wp-content\/uploads\/2016\/02\/brg9_solo_rgb_share.jpg\" \/>\n\t<meta property=\"og:image:width\" content=\"800\" \/>\n\t<meta property=\"og:image:height\" content=\"600\" \/>\n<meta name=\"twitter:card\" content=\"summary\" \/>\n<meta name=\"twitter:label1\" content=\"Gesch\u00e4tzte Lesezeit\">\n\t<meta name=\"twitter:data1\" content=\"1 Minute\">\n<script type=\"application\/ld+json\" class=\"yoast-schema-graph\">{\"@context\":\"https:\/\/schema.org\",\"@graph\":[{\"@type\":\"WebSite\",\"@id\":\"https:\/\/www.brg9.at\/web\/#website\",\"url\":\"https:\/\/www.brg9.at\/web\/\",\"name\":\"BRG9, Erich Fried Realgymnasium\",\"description\":\"Die Website des BRG9 - Erich Fried Realgymnasium. Wien 9, Glasergasse 25.\",\"potentialAction\":[{\"@type\":\"SearchAction\",\"target\":\"https:\/\/www.brg9.at\/web\/?s={search_term_string}\",\"query-input\":\"required name=search_term_string\"}],\"inLanguage\":\"de-DE\"},{\"@type\":\"WebPage\",\"@id\":\"https:\/\/www.brg9.at\/web\/?p=8465#webpage\",\"url\":\"https:\/\/www.brg9.at\/web\/?p=8465\",\"name\":\"&raquo; BRG9, Erich Fried Realgymnasium\",\"isPartOf\":{\"@id\":\"https:\/\/www.brg9.at\/web\/#website\"},\"datePublished\":\"2021-06-30T11:12:27+00:00\",\"dateModified\":\"2021-06-30T23:56:44+00:00\",\"author\":{\"@id\":\"https:\/\/www.brg9.at\/web\/#\/schema\/person\/5b2e8635b2f470a9518011802bfa34dd\"},\"breadcrumb\":{\"@id\":\"https:\/\/www.brg9.at\/web\/?p=8465#breadcrumb\"},\"inLanguage\":\"de-DE\",\"potentialAction\":[{\"@type\":\"ReadAction\",\"target\":[\"https:\/\/www.brg9.at\/web\/?p=8465\"]}]},{\"@type\":\"BreadcrumbList\",\"@id\":\"https:\/\/www.brg9.at\/web\/?p=8465#breadcrumb\",\"itemListElement\":[{\"@type\":\"ListItem\",\"position\":1,\"item\":{\"@type\":\"WebPage\",\"@id\":\"https:\/\/www.brg9.at\/web\/\",\"url\":\"https:\/\/www.brg9.at\/web\/\",\"name\":\"Home\"}},{\"@type\":\"ListItem\",\"position\":2,\"item\":{\"@id\":\"https:\/\/www.brg9.at\/web\/?p=8465#webpage\"}}]},{\"@type\":\"Person\",\"@id\":\"https:\/\/www.brg9.at\/web\/#\/schema\/person\/5b2e8635b2f470a9518011802bfa34dd\",\"name\":\"Monika Simmerstatter\"}]}<\/script>\n<!-- \/ Yoast SEO plugin. -->","jetpack_featured_media_url":"","jetpack_sharing_enabled":true,"_links":{"self":[{"href":"https:\/\/www.brg9.at\/web\/index.php?rest_route=\/wp\/v2\/posts\/8465"}],"collection":[{"href":"https:\/\/www.brg9.at\/web\/index.php?rest_route=\/wp\/v2\/posts"}],"about":[{"href":"https:\/\/www.brg9.at\/web\/index.php?rest_route=\/wp\/v2\/types\/post"}],"author":[{"embeddable":true,"href":"https:\/\/www.brg9.at\/web\/index.php?rest_route=\/wp\/v2\/users\/7"}],"replies":[{"embeddable":true,"href":"https:\/\/www.brg9.at\/web\/index.php?rest_route=%2Fwp%2Fv2%2Fcomments&post=8465"}],"version-history":[{"count":3,"href":"https:\/\/www.brg9.at\/web\/index.php?rest_route=\/wp\/v2\/posts\/8465\/revisions"}],"predecessor-version":[{"id":8470,"href":"https:\/\/www.brg9.at\/web\/index.php?rest_route=\/wp\/v2\/posts\/8465\/revisions\/8470"}],"wp:attachment":[{"href":"https:\/\/www.brg9.at\/web\/index.php?rest_route=%2Fwp%2Fv2%2Fmedia&parent=8465"}],"wp:term":[{"taxonomy":"category","embeddable":true,"href":"https:\/\/www.brg9.at\/web\/index.php?rest_route=%2Fwp%2Fv2%2Fcategories&post=8465"},{"taxonomy":"post_tag","embeddable":true,"href":"https:\/\/www.brg9.at\/web\/index.php?rest_route=%2Fwp%2Fv2%2Ftags&post=8465"}],"curies":[{"name":"wp","href":"https:\/\/api.w.org\/{rel}","templated":true}]}}