{"id":9905,"date":"2022-06-07T21:33:00","date_gmt":"2022-06-07T19:33:00","guid":{"rendered":"https:\/\/www.brg9.at\/web\/?p=9905"},"modified":"2022-09-01T11:25:23","modified_gmt":"2022-09-01T09:25:23","slug":"ferien-6","status":"publish","type":"post","link":"https:\/\/www.brg9.at\/web\/?p=9905","title":{"rendered":"Ferien"},"content":{"rendered":"\n<p>Wir w\u00fcnschen allen Sch\u00fcler*innen, Lehrer*innen, Eltern und Freund*innen unserer Schule einen sch\u00f6nen und erholsamen Sommer \u2013 auf dass wir alle gesund und voller Elan und Freude aus der Ferienzeit wieder zur\u00fcckkommen m\u00f6gen!<\/p>\n\n\n\n<figure class=\"wp-block-image size-large\"><img data-attachment-id=\"8481\" data-permalink=\"https:\/\/www.brg9.at\/web\/?attachment_id=8481\" data-orig-file=\"https:\/\/www.brg9.at\/web\/wp-content\/uploads\/2021\/07\/Blume_mit_Schmetterling_und_Biene_1uf.jpg\" data-orig-size=\"1658,1122\" data-comments-opened=\"0\" data-image-meta=\"{&quot;aperture&quot;:&quot;0&quot;,&quot;credit&quot;:&quot;&quot;,&quot;camera&quot;:&quot;&quot;,&quot;caption&quot;:&quot;&quot;,&quot;created_timestamp&quot;:&quot;0&quot;,&quot;copyright&quot;:&quot;&quot;,&quot;focal_length&quot;:&quot;0&quot;,&quot;iso&quot;:&quot;0&quot;,&quot;shutter_speed&quot;:&quot;0&quot;,&quot;title&quot;:&quot;&quot;,&quot;orientation&quot;:&quot;0&quot;}\" data-image-title=\"Blume_mit_Schmetterling_und_Biene_1uf\" data-image-description=\"\" data-medium-file=\"https:\/\/www.brg9.at\/web\/wp-content\/uploads\/2021\/07\/Blume_mit_Schmetterling_und_Biene_1uf-596x403.jpg\" data-large-file=\"https:\/\/www.brg9.at\/web\/wp-content\/uploads\/2021\/07\/Blume_mit_Schmetterling_und_Biene_1uf-1024x693.jpg\" loading=\"lazy\" width=\"1024\" height=\"693\" src=\"https:\/\/www.brg9.at\/web\/wp-content\/uploads\/2021\/07\/Blume_mit_Schmetterling_und_Biene_1uf-1024x693.jpg\" alt=\"\" class=\"wp-image-8481\" srcset=\"https:\/\/www.brg9.at\/web\/wp-content\/uploads\/2021\/07\/Blume_mit_Schmetterling_und_Biene_1uf-1024x693.jpg 1024w, https:\/\/www.brg9.at\/web\/wp-content\/uploads\/2021\/07\/Blume_mit_Schmetterling_und_Biene_1uf-596x403.jpg 596w, https:\/\/www.brg9.at\/web\/wp-content\/uploads\/2021\/07\/Blume_mit_Schmetterling_und_Biene_1uf-1536x1039.jpg 1536w, https:\/\/www.brg9.at\/web\/wp-content\/uploads\/2021\/07\/Blume_mit_Schmetterling_und_Biene_1uf-1200x812.jpg 1200w, https:\/\/www.brg9.at\/web\/wp-content\/uploads\/2021\/07\/Blume_mit_Schmetterling_und_Biene_1uf.jpg 1658w\" sizes=\"(max-width: 709px) 85vw, (max-width: 909px) 67vw, (max-width: 1362px) 62vw, 840px\" \/><\/figure>\n<div class=\"sharedaddy sd-sharing-enabled\"><div class=\"robots-nocontent sd-block sd-social sd-social-icon-text sd-sharing\"><h3 class=\"sd-title\">Diesen Inhalt teilen:<\/h3><div class=\"sd-content\"><ul><li class=\"share-facebook\"><a rel=\"nofollow noopener noreferrer\" data-shared=\"sharing-facebook-9905\" class=\"share-facebook sd-button share-icon\" href=\"https:\/\/www.brg9.at\/web\/?p=9905&amp;share=facebook\" target=\"_blank\" title=\"Klick, um auf Facebook zu teilen\"><span>Facebook<\/span><\/a><\/li><li class=\"share-jetpack-whatsapp\"><a rel=\"nofollow noopener noreferrer\" data-shared=\"\" class=\"share-jetpack-whatsapp sd-button share-icon\" href=\"https:\/\/www.brg9.at\/web\/?p=9905&amp;share=jetpack-whatsapp\" target=\"_blank\" title=\"Klicken, um auf WhatsApp zu teilen\"><span>WhatsApp<\/span><\/a><\/li><li class=\"share-print\"><a rel=\"nofollow noopener noreferrer\" data-shared=\"\" class=\"share-print sd-button share-icon\" href=\"https:\/\/www.brg9.at\/web\/?p=9905\" target=\"_blank\" title=\"Klicken zum Ausdrucken\"><span>Drucken<\/span><\/a><\/li><li class=\"share-end\"><\/li><\/ul><\/div><\/div><\/div>","protected":false},"excerpt":{"rendered":"<p>Wir w\u00fcnschen allen Sch\u00fcler*innen, Lehrer*innen, Eltern und Freund*innen unserer Schule einen sch\u00f6nen und erholsamen Sommer \u2013 auf dass wir alle gesund und voller Elan und Freude aus der Ferienzeit wieder zur\u00fcckkommen m\u00f6gen!<\/p>\n<div class=\"sharedaddy sd-sharing-enabled\"><div class=\"robots-nocontent sd-block sd-social sd-social-icon-text sd-sharing\"><h3 class=\"sd-title\">Diesen Inhalt teilen:<\/h3><div class=\"sd-content\"><ul><li class=\"share-facebook\"><a rel=\"nofollow noopener noreferrer\" data-shared=\"sharing-facebook-9905\" class=\"share-facebook sd-button share-icon\" href=\"https:\/\/www.brg9.at\/web\/?p=9905&amp;share=facebook\" target=\"_blank\" title=\"Klick, um auf Facebook zu teilen\"><span>Facebook<\/span><\/a><\/li><li class=\"share-jetpack-whatsapp\"><a rel=\"nofollow noopener noreferrer\" data-shared=\"\" class=\"share-jetpack-whatsapp sd-button share-icon\" href=\"https:\/\/www.brg9.at\/web\/?p=9905&amp;share=jetpack-whatsapp\" target=\"_blank\" title=\"Klicken, um auf WhatsApp zu teilen\"><span>WhatsApp<\/span><\/a><\/li><li class=\"share-print\"><a rel=\"nofollow noopener noreferrer\" data-shared=\"\" class=\"share-print sd-button share-icon\" href=\"https:\/\/www.brg9.at\/web\/?p=9905\" target=\"_blank\" title=\"Klicken zum Ausdrucken\"><span>Drucken<\/span><\/a><\/li><li class=\"share-end\"><\/li><\/ul><\/div><\/div><\/div>","protected":false},"author":7,"featured_media":0,"comment_status":"closed","ping_status":"open","sticky":false,"template":"","format":"standard","meta":{"ngg_post_thumbnail":0,"spay_email":""},"categories":[1],"tags":[],"yoast_head":"<!-- This site is optimized with the Yoast SEO plugin v16.2 - https:\/\/yoast.com\/wordpress\/plugins\/seo\/ -->\n<title>Ferien &raquo; BRG9, Erich Fried Realgymnasium<\/title>\n<meta name=\"robots\" content=\"index, follow, max-snippet:-1, max-image-preview:large, max-video-preview:-1\" \/>\n<link rel=\"canonical\" href=\"https:\/\/www.brg9.at\/web\/?p=9905\" \/>\n<meta property=\"og:locale\" content=\"de_DE\" \/>\n<meta property=\"og:type\" content=\"article\" \/>\n<meta property=\"og:title\" content=\"Ferien &raquo; BRG9, Erich Fried Realgymnasium\" \/>\n<meta property=\"og:description\" content=\"Wir w\u00fcnschen allen Sch\u00fcler*innen, Lehrer*innen, Eltern und Freund*innen unserer Schule einen sch\u00f6nen und erholsamen Sommer \u2013 auf dass wir alle gesund und voller Elan und Freude aus der Ferienzeit wieder zur\u00fcckkommen m\u00f6gen!\" \/>\n<meta property=\"og:url\" content=\"https:\/\/www.brg9.at\/web\/?p=9905\" \/>\n<meta property=\"og:site_name\" content=\"BRG9, Erich Fried Realgymnasium\" \/>\n<meta property=\"article:published_time\" content=\"2022-06-07T19:33:00+00:00\" \/>\n<meta property=\"article:modified_time\" content=\"2022-09-01T09:25:23+00:00\" \/>\n<meta property=\"og:image\" content=\"https:\/\/www.brg9.at\/web\/wp-content\/uploads\/2021\/07\/Blume_mit_Schmetterling_und_Biene_1uf-1024x693.jpg\" \/>\n<meta name=\"twitter:card\" content=\"summary\" \/>\n<meta name=\"twitter:label1\" content=\"Gesch\u00e4tzte Lesezeit\">\n\t<meta name=\"twitter:data1\" content=\"1 Minute\">\n<script type=\"application\/ld+json\" class=\"yoast-schema-graph\">{\"@context\":\"https:\/\/schema.org\",\"@graph\":[{\"@type\":\"WebSite\",\"@id\":\"https:\/\/www.brg9.at\/web\/#website\",\"url\":\"https:\/\/www.brg9.at\/web\/\",\"name\":\"BRG9, Erich Fried Realgymnasium\",\"description\":\"Die Website des BRG9 - Erich Fried Realgymnasium. Wien 9, Glasergasse 25.\",\"potentialAction\":[{\"@type\":\"SearchAction\",\"target\":\"https:\/\/www.brg9.at\/web\/?s={search_term_string}\",\"query-input\":\"required name=search_term_string\"}],\"inLanguage\":\"de-DE\"},{\"@type\":\"ImageObject\",\"@id\":\"https:\/\/www.brg9.at\/web\/?p=9905#primaryimage\",\"inLanguage\":\"de-DE\",\"url\":\"https:\/\/www.brg9.at\/web\/wp-content\/uploads\/2021\/07\/Blume_mit_Schmetterling_und_Biene_1uf.jpg\",\"contentUrl\":\"https:\/\/www.brg9.at\/web\/wp-content\/uploads\/2021\/07\/Blume_mit_Schmetterling_und_Biene_1uf.jpg\",\"width\":1658,\"height\":1122},{\"@type\":\"WebPage\",\"@id\":\"https:\/\/www.brg9.at\/web\/?p=9905#webpage\",\"url\":\"https:\/\/www.brg9.at\/web\/?p=9905\",\"name\":\"Ferien &raquo; BRG9, Erich Fried Realgymnasium\",\"isPartOf\":{\"@id\":\"https:\/\/www.brg9.at\/web\/#website\"},\"primaryImageOfPage\":{\"@id\":\"https:\/\/www.brg9.at\/web\/?p=9905#primaryimage\"},\"datePublished\":\"2022-06-07T19:33:00+00:00\",\"dateModified\":\"2022-09-01T09:25:23+00:00\",\"author\":{\"@id\":\"https:\/\/www.brg9.at\/web\/#\/schema\/person\/5b2e8635b2f470a9518011802bfa34dd\"},\"breadcrumb\":{\"@id\":\"https:\/\/www.brg9.at\/web\/?p=9905#breadcrumb\"},\"inLanguage\":\"de-DE\",\"potentialAction\":[{\"@type\":\"ReadAction\",\"target\":[\"https:\/\/www.brg9.at\/web\/?p=9905\"]}]},{\"@type\":\"BreadcrumbList\",\"@id\":\"https:\/\/www.brg9.at\/web\/?p=9905#breadcrumb\",\"itemListElement\":[{\"@type\":\"ListItem\",\"position\":1,\"item\":{\"@type\":\"WebPage\",\"@id\":\"https:\/\/www.brg9.at\/web\/\",\"url\":\"https:\/\/www.brg9.at\/web\/\",\"name\":\"Home\"}},{\"@type\":\"ListItem\",\"position\":2,\"item\":{\"@id\":\"https:\/\/www.brg9.at\/web\/?p=9905#webpage\"}}]},{\"@type\":\"Person\",\"@id\":\"https:\/\/www.brg9.at\/web\/#\/schema\/person\/5b2e8635b2f470a9518011802bfa34dd\",\"name\":\"Monika Simmerstatter\"}]}<\/script>\n<!-- \/ Yoast SEO plugin. -->","jetpack_featured_media_url":"","jetpack_sharing_enabled":true,"_links":{"self":[{"href":"https:\/\/www.brg9.at\/web\/index.php?rest_route=\/wp\/v2\/posts\/9905"}],"collection":[{"href":"https:\/\/www.brg9.at\/web\/index.php?rest_route=\/wp\/v2\/posts"}],"about":[{"href":"https:\/\/www.brg9.at\/web\/index.php?rest_route=\/wp\/v2\/types\/post"}],"author":[{"embeddable":true,"href":"https:\/\/www.brg9.at\/web\/index.php?rest_route=\/wp\/v2\/users\/7"}],"replies":[{"embeddable":true,"href":"https:\/\/www.brg9.at\/web\/index.php?rest_route=%2Fwp%2Fv2%2Fcomments&post=9905"}],"version-history":[{"count":1,"href":"https:\/\/www.brg9.at\/web\/index.php?rest_route=\/wp\/v2\/posts\/9905\/revisions"}],"predecessor-version":[{"id":9906,"href":"https:\/\/www.brg9.at\/web\/index.php?rest_route=\/wp\/v2\/posts\/9905\/revisions\/9906"}],"wp:attachment":[{"href":"https:\/\/www.brg9.at\/web\/index.php?rest_route=%2Fwp%2Fv2%2Fmedia&parent=9905"}],"wp:term":[{"taxonomy":"category","embeddable":true,"href":"https:\/\/www.brg9.at\/web\/index.php?rest_route=%2Fwp%2Fv2%2Fcategories&post=9905"},{"taxonomy":"post_tag","embeddable":true,"href":"https:\/\/www.brg9.at\/web\/index.php?rest_route=%2Fwp%2Fv2%2Ftags&post=9905"}],"curies":[{"name":"wp","href":"https:\/\/api.w.org\/{rel}","templated":true}]}}